{"id":2088,"date":"2022-09-26T13:18:28","date_gmt":"2022-09-26T11:18:28","guid":{"rendered":"https:\/\/portfolio.glazboteka.com\/kcm\/?p=2088"},"modified":"2022-09-30T14:14:45","modified_gmt":"2022-09-30T12:14:45","slug":"godisnjica-objavljivanja-albuma-tajni-grad-grupe-haustor","status":"publish","type":"post","link":"https:\/\/portfolio.glazboteka.com\/kcm\/godisnjica-objavljivanja-albuma-tajni-grad-grupe-haustor\/","title":{"rendered":"Godi\u0161njica objavljivanja albuma Tajni grad grupe Haustor"},"content":{"rendered":"<p>Na dana\u0161nji je dan, 26. rujna 1988. godine objavljen \u010detvrti, ujedno posljednji slu\u017ebeni album grupe Haustor koji je nosio naziv &#8220;Tajni grad&#8221; (Jugoton).<\/p>\n<p>Rundekova produkcija, potpisana uz pomo\u0107 Zorana Zajeca i Hrvoja Hegedu\u0161i\u0107a, vra\u0107a toplinu, pun zvuk ljudskog benda iako ni elektronika nije posve odba\u010dena, a pjesme su isprva tra\u017eene &#8220;u dalekim odjecima karipskih hitova, salse, onog \u0161to je imalo plemenitu patinu neke davne popularne muzike&#8221;. Karibi, salsa, reggae \u010duju se i u kona\u010dnici, album odi\u0161e mje\u0161avinom vedrine i sjete, a osebujno pjesmotvorstvo pa\u017eljivo je i ukusno umotano u popisti\u010dnu pitkost, onoliko koliko Haustor valjda uop\u0107e mo\u017ee biti pop. Mo\u017eda najugodniji i najproto\u010dniji Haustorov album, \u0161to nije omalova\u017eavaju\u0107a procjena, po ukupnom dojmu priziva pone\u0161to asocijacija na zrele Talking Headse, ostao je na poznatim tematsko-glazbenim prizori\u0161tima, nije donio novi hit ni slabu pjesmu, a najdulji trag, izgleda, ostavi\u0161e &#8220;Uzalud pita\u0161&#8221; i &#8220;Bi mogao da mogu&#8221;, od kojih potonja najizravnije prianja na dotad najprepoznatljiviji, najprijem\u010diviji vid Rundekove poetike sanjara lutalice naj\u010di\u0161\u0107e definiran &#8220;\u0160ejnom&#8221; i &#8220;\u0160alom od svile&#8221;.<\/p>\n<p>Pjesmu &#8220;Skidaj se&#8221; napisala je i svirala grupa Hipno, a sve ostale skladbe Rundekov su rad. Glavno obilje\u017eje albuma jest napu\u0161tanje bilo kakve sofisticirane sociopoliti\u010dke tematike s kakvom je Haustor redovito bio prisutan na prethodnim albumima. Sve su pjesme individualne prirode i prikazuju niz Rundekovih artisti\u010dkih opsesija. U godi\u0161njem izboru YU-kritike (po magazinu &#8220;Rock&#8221;) progla\u0161en je najboljim rock-albumom 1988. godine.<\/p>\n<p>Album je snimljen i miksan tijekom o\u017eujka 1988. godine u studiju &#8220;Trooly&#8221; Janka Mlinari\u0107a Trulog, a glazbenici koji su sudjelovali u njegovu nastanku doista su brojni i impresivni. Svestrani Darko Rundek potpisuje tekstove, glazbu i produkciju, otpjevao je glavne vokale te svirao gitaru; tu je i samozatajni Zoran Zajec Zex, koji se Haustoru pridru\u017eio na albumu &#8220;Tre\u0107i svijet&#8221; i koji je jo\u0161 jednom znala\u010dki ostavio svoj doprinos sviraju\u0107i gitarske dionice; za bas-dionice bili su zadu\u017eeni Marino Pelaji\u0107 (Film, Le Cinema) te originalni \u010dlan Haustora Sr\u0111an Sacher (svirao u pjesmama &#8220;Ula ulala&#8221;, &#8220;Uzalud pita\u0161&#8221;, &#8220;Nada&#8221;, &#8220;Samo na \u010das&#8221; i &#8220;Uhode&#8221;). Bubnjarske dionice jo\u0161 jednom sjajno odra\u0111uje Sr\u0111an Guli\u0107 Gul, klavijature svira Julie Relji\u0107 Reglia, na saksofonima se pojavljuju Jurij Novoseli\u0107 na altu i Damir Prica Capri na tenor-saksofonu, za trubu bio je zadu\u017een Igor Pavlica, a za trombon Nikola Santro. Robert Lovri\u0107 odsvirao je egzoti\u010dne instrumente samponu i kanu.<\/p>\n<p>I dizajn albuma potpisuje Darko Rundek, a fotografije na unutarnjem ovitku plo\u010de snimila je Slavica Suboti\u0107.<\/p>\n<p>Nakon tog albuma Rundek \u0107e uz pomo\u0107 iste puha\u010dke selcije zapo\u010deti snimanje jo\u0161 jednog, nikada dovr\u0161enog albuma koji \u0107e mnogo godina poslije postati dostupan posredstvom Dancing Beara, poznat pod naslovom &#8220;Dovitljivi mladi \u010dudaci&#8221; (2017.).<\/p>\n<p>Popis pjesama: 1. Ula ulala | 2. Skidaj se | 3. Uzalud pita\u0161 | 4. Nada | 5. Tajni grad | 6. Bi mogao da mogu | 7. \u010cudne misli | 8. Samo na \u010das | 9. Uhode.<\/p>\n<p><strong>Goran \u010celig<\/strong><\/p>\n","protected":false},"excerpt":{"rendered":"<p>U godi\u0161njem izboru YU-kritike (po magazinu &#8220;Rock&#8221;) progla\u0161en je najboljim rock-albumom 1988. godine.<\/p>\n","protected":false},"author":1,"featured_media":2085,"comment_status":"open","ping_status":"open","sticky":false,"template":"","format":"standard","meta":{"ngg_post_thumbnail":0,"ocean_post_layout":"","ocean_both_sidebars_style":"","ocean_both_sidebars_content_width":0,"ocean_both_sidebars_sidebars_width":0,"ocean_sidebar":"0","ocean_second_sidebar":"0","ocean_disable_margins":"enable","ocean_add_body_class":"","ocean_shortcode_before_top_bar":"","ocean_shortcode_after_top_bar":"","ocean_shortcode_before_header":"","ocean_shortcode_after_header":"","ocean_has_shortcode":"","ocean_shortcode_after_title":"","ocean_shortcode_before_footer_widgets":"","ocean_shortcode_after_footer_widgets":"","ocean_shortcode_before_footer_bottom":"","ocean_shortcode_after_footer_bottom":"","ocean_display_top_bar":"default","ocean_display_header":"default","ocean_header_style":"","ocean_center_header_left_menu":"0","ocean_custom_header_template":"0","ocean_custom_logo":0,"ocean_custom_retina_logo":0,"ocean_custom_logo_max_width":0,"ocean_custom_logo_tablet_max_width":0,"ocean_custom_logo_mobile_max_width":0,"ocean_custom_logo_max_height":0,"ocean_custom_logo_tablet_max_height":0,"ocean_custom_logo_mobile_max_height":0,"ocean_header_custom_menu":"0","ocean_menu_typo_font_family":"0","ocean_menu_typo_font_subset":"","ocean_menu_typo_font_size":0,"ocean_menu_typo_font_size_tablet":0,"ocean_menu_typo_font_size_mobile":0,"ocean_menu_typo_font_size_unit":"px","ocean_menu_typo_font_weight":"","ocean_menu_typo_font_weight_tablet":"","ocean_menu_typo_font_weight_mobile":"","ocean_menu_typo_transform":"","ocean_menu_typo_transform_tablet":"","ocean_menu_typo_transform_mobile":"","ocean_menu_typo_line_height":0,"ocean_menu_typo_line_height_tablet":0,"ocean_menu_typo_line_height_mobile":0,"ocean_menu_typo_line_height_unit":"","ocean_menu_typo_spacing":0,"ocean_menu_typo_spacing_tablet":0,"ocean_menu_typo_spacing_mobile":0,"ocean_menu_typo_spacing_unit":"","ocean_menu_link_color":"","ocean_menu_link_color_hover":"","ocean_menu_link_color_active":"","ocean_menu_link_background":"","ocean_menu_link_hover_background":"","ocean_menu_link_active_background":"","ocean_menu_social_links_bg":"","ocean_menu_social_hover_links_bg":"","ocean_menu_social_links_color":"","ocean_menu_social_hover_links_color":"","ocean_disable_title":"default","ocean_disable_heading":"default","ocean_post_title":"","ocean_post_subheading":"","ocean_post_title_style":"","ocean_post_title_background_color":"","ocean_post_title_background":0,"ocean_post_title_bg_image_position":"","ocean_post_title_bg_image_attachment":"","ocean_post_title_bg_image_repeat":"","ocean_post_title_bg_image_size":"","ocean_post_title_height":0,"ocean_post_title_bg_overlay":0.5,"ocean_post_title_bg_overlay_color":"","ocean_disable_breadcrumbs":"default","ocean_breadcrumbs_color":"","ocean_breadcrumbs_separator_color":"","ocean_breadcrumbs_links_color":"","ocean_breadcrumbs_links_hover_color":"","ocean_display_footer_widgets":"default","ocean_display_footer_bottom":"default","ocean_custom_footer_template":"0","ocean_post_oembed":"","ocean_post_self_hosted_media":"","ocean_post_video_embed":"","ocean_link_format":"","ocean_link_format_target":"self","ocean_quote_format":"","ocean_quote_format_link":"post","ocean_gallery_link_images":"off","ocean_gallery_id":[],"footnotes":""},"categories":[4,227],"tags":[1796,1789,242,1788,1794,1791,246,1848,1793,1792,1787,1795,1790],"class_list":["post-2088","post","type-post","status-publish","format-standard","has-post-thumbnail","hentry","category-glazba","category-umjetnost","tag-bi-mogao-da-mogu","tag-darko-rundek","tag-haustor","tag-jugoton","tag-julie-reljic-reglia","tag-marino-pelajic","tag-new-wave","tag-novi-val","tag-srdan-gulic","tag-srdan-sacher","tag-tajni-grad","tag-uzalud-pitas","tag-zoran-zajec","entry","has-media"],"yoast_head":"<!-- This site is optimized with the Yoast SEO plugin v24.9 - https:\/\/yoast.com\/wordpress\/plugins\/seo\/ -->\n<title>Godi\u0161njica objavljivanja albuma Tajni grad grupe Haustor - KCM<\/title>\n<meta name=\"description\" content=\"U godi\u0161njem izboru YU-kritike (po magazinu &quot;Rock&quot;) progla\u0161en je najboljim rock-albumom 1988. godine.\" \/>\n<meta name=\"robots\" content=\"index, follow, max-snippet:-1, max-image-preview:large, max-video-preview:-1\" \/>\n<link rel=\"canonical\" href=\"https:\/\/portfolio.glazboteka.com\/kcm\/godisnjica-objavljivanja-albuma-tajni-grad-grupe-haustor\/\" \/>\n<meta property=\"og:locale\" content=\"en_US\" \/>\n<meta property=\"og:type\" content=\"article\" \/>\n<meta property=\"og:title\" content=\"Godi\u0161njica objavljivanja albuma Tajni grad grupe Haustor - KCM\" \/>\n<meta property=\"og:description\" content=\"U godi\u0161njem izboru YU-kritike (po magazinu &quot;Rock&quot;) progla\u0161en je najboljim rock-albumom 1988. godine.\" \/>\n<meta property=\"og:url\" content=\"https:\/\/portfolio.glazboteka.com\/kcm\/godisnjica-objavljivanja-albuma-tajni-grad-grupe-haustor\/\" \/>\n<meta property=\"og:site_name\" content=\"KCM\" \/>\n<meta property=\"article:publisher\" content=\"https:\/\/www.facebook.com\/KCMedija\/\" \/>\n<meta property=\"article:published_time\" content=\"2022-09-26T11:18:28+00:00\" \/>\n<meta property=\"article:modified_time\" content=\"2022-09-30T12:14:45+00:00\" \/>\n<meta property=\"og:image\" content=\"https:\/\/portfolio.glazboteka.com\/kcm\/wp-content\/uploads\/2022\/09\/Tajni-grad.jpg\" \/>\n\t<meta property=\"og:image:width\" content=\"1429\" \/>\n\t<meta property=\"og:image:height\" content=\"1429\" \/>\n\t<meta property=\"og:image:type\" content=\"image\/jpeg\" \/>\n<meta name=\"author\" content=\"admin\" \/>\n<meta name=\"twitter:card\" content=\"summary_large_image\" \/>\n<meta name=\"twitter:label1\" content=\"Written by\" \/>\n\t<meta name=\"twitter:data1\" content=\"admin\" \/>\n\t<meta name=\"twitter:label2\" content=\"Est. reading time\" \/>\n\t<meta name=\"twitter:data2\" content=\"2 minutes\" \/>\n<script type=\"application\/ld+json\" class=\"yoast-schema-graph\">{\"@context\":\"https:\/\/schema.org\",\"@graph\":[{\"@type\":\"Article\",\"@id\":\"https:\/\/portfolio.glazboteka.com\/kcm\/godisnjica-objavljivanja-albuma-tajni-grad-grupe-haustor\/#article\",\"isPartOf\":{\"@id\":\"https:\/\/portfolio.glazboteka.com\/kcm\/godisnjica-objavljivanja-albuma-tajni-grad-grupe-haustor\/\"},\"author\":{\"name\":\"admin\",\"@id\":\"https:\/\/portfolio.glazboteka.com\/kcm\/#\/schema\/person\/cc28eab64249ba0ee0cd57119ad6cfb1\"},\"headline\":\"Godi\u0161njica objavljivanja albuma Tajni grad grupe Haustor\",\"datePublished\":\"2022-09-26T11:18:28+00:00\",\"dateModified\":\"2022-09-30T12:14:45+00:00\",\"mainEntityOfPage\":{\"@id\":\"https:\/\/portfolio.glazboteka.com\/kcm\/godisnjica-objavljivanja-albuma-tajni-grad-grupe-haustor\/\"},\"wordCount\":495,\"commentCount\":0,\"publisher\":{\"@id\":\"https:\/\/portfolio.glazboteka.com\/kcm\/#organization\"},\"image\":{\"@id\":\"https:\/\/portfolio.glazboteka.com\/kcm\/godisnjica-objavljivanja-albuma-tajni-grad-grupe-haustor\/#primaryimage\"},\"thumbnailUrl\":\"https:\/\/portfolio.glazboteka.com\/kcm\/wp-content\/uploads\/2022\/09\/Tajni-grad.jpg\",\"keywords\":[\"Bi mogao da mogu\",\"Darko Rundek\",\"Haustor\",\"Jugoton\",\"Julie Relji\u0107 Reglia\",\"Marino Pelaji\u0107\",\"new wave\",\"novi val\",\"Sr\u0111an Guli\u0107\",\"Sr\u0111an Sacher\",\"Tajni grad\",\"Uzalud pita\u0161\",\"Zoran Zajec\"],\"articleSection\":[\"Glazba\",\"Umjetnost\"],\"inLanguage\":\"en-US\",\"potentialAction\":[{\"@type\":\"CommentAction\",\"name\":\"Comment\",\"target\":[\"https:\/\/portfolio.glazboteka.com\/kcm\/godisnjica-objavljivanja-albuma-tajni-grad-grupe-haustor\/#respond\"]}]},{\"@type\":\"WebPage\",\"@id\":\"https:\/\/portfolio.glazboteka.com\/kcm\/godisnjica-objavljivanja-albuma-tajni-grad-grupe-haustor\/\",\"url\":\"https:\/\/portfolio.glazboteka.com\/kcm\/godisnjica-objavljivanja-albuma-tajni-grad-grupe-haustor\/\",\"name\":\"Godi\u0161njica objavljivanja albuma Tajni grad grupe Haustor - KCM\",\"isPartOf\":{\"@id\":\"https:\/\/portfolio.glazboteka.com\/kcm\/#website\"},\"primaryImageOfPage\":{\"@id\":\"https:\/\/portfolio.glazboteka.com\/kcm\/godisnjica-objavljivanja-albuma-tajni-grad-grupe-haustor\/#primaryimage\"},\"image\":{\"@id\":\"https:\/\/portfolio.glazboteka.com\/kcm\/godisnjica-objavljivanja-albuma-tajni-grad-grupe-haustor\/#primaryimage\"},\"thumbnailUrl\":\"https:\/\/portfolio.glazboteka.com\/kcm\/wp-content\/uploads\/2022\/09\/Tajni-grad.jpg\",\"datePublished\":\"2022-09-26T11:18:28+00:00\",\"dateModified\":\"2022-09-30T12:14:45+00:00\",\"description\":\"U godi\u0161njem izboru YU-kritike (po magazinu \\\"Rock\\\") progla\u0161en je najboljim rock-albumom 1988. godine.\",\"inLanguage\":\"en-US\",\"potentialAction\":[{\"@type\":\"ReadAction\",\"target\":[\"https:\/\/portfolio.glazboteka.com\/kcm\/godisnjica-objavljivanja-albuma-tajni-grad-grupe-haustor\/\"]}]},{\"@type\":\"ImageObject\",\"inLanguage\":\"en-US\",\"@id\":\"https:\/\/portfolio.glazboteka.com\/kcm\/godisnjica-objavljivanja-albuma-tajni-grad-grupe-haustor\/#primaryimage\",\"url\":\"https:\/\/portfolio.glazboteka.com\/kcm\/wp-content\/uploads\/2022\/09\/Tajni-grad.jpg\",\"contentUrl\":\"https:\/\/portfolio.glazboteka.com\/kcm\/wp-content\/uploads\/2022\/09\/Tajni-grad.jpg\",\"width\":1429,\"height\":1429},{\"@type\":\"WebSite\",\"@id\":\"https:\/\/portfolio.glazboteka.com\/kcm\/#website\",\"url\":\"https:\/\/portfolio.glazboteka.com\/kcm\/\",\"name\":\"KCM\",\"description\":\"Kulturni centar Multimedija\",\"publisher\":{\"@id\":\"https:\/\/portfolio.glazboteka.com\/kcm\/#organization\"},\"potentialAction\":[{\"@type\":\"SearchAction\",\"target\":{\"@type\":\"EntryPoint\",\"urlTemplate\":\"https:\/\/portfolio.glazboteka.com\/kcm\/?s={search_term_string}\"},\"query-input\":{\"@type\":\"PropertyValueSpecification\",\"valueRequired\":true,\"valueName\":\"search_term_string\"}}],\"inLanguage\":\"en-US\"},{\"@type\":\"Organization\",\"@id\":\"https:\/\/portfolio.glazboteka.com\/kcm\/#organization\",\"name\":\"KCM\",\"url\":\"https:\/\/portfolio.glazboteka.com\/kcm\/\",\"logo\":{\"@type\":\"ImageObject\",\"inLanguage\":\"en-US\",\"@id\":\"https:\/\/portfolio.glazboteka.com\/kcm\/#\/schema\/logo\/image\/\",\"url\":\"https:\/\/portfolio.glazboteka.com\/kcm\/wp-content\/uploads\/2022\/10\/KCM.jpg\",\"contentUrl\":\"https:\/\/portfolio.glazboteka.com\/kcm\/wp-content\/uploads\/2022\/10\/KCM.jpg\",\"width\":476,\"height\":419,\"caption\":\"KCM\"},\"image\":{\"@id\":\"https:\/\/portfolio.glazboteka.com\/kcm\/#\/schema\/logo\/image\/\"},\"sameAs\":[\"https:\/\/www.facebook.com\/KCMedija\/\",\"https:\/\/www.instagram.com\/kulturni_centar_mesnicka\/\"]},{\"@type\":\"Person\",\"@id\":\"https:\/\/portfolio.glazboteka.com\/kcm\/#\/schema\/person\/cc28eab64249ba0ee0cd57119ad6cfb1\",\"name\":\"admin\",\"image\":{\"@type\":\"ImageObject\",\"inLanguage\":\"en-US\",\"@id\":\"https:\/\/portfolio.glazboteka.com\/kcm\/#\/schema\/person\/image\/\",\"url\":\"https:\/\/secure.gravatar.com\/avatar\/adae78b005d32aabac5987ff3384a3c6da92fed0f1d86d3d250df8978a593a3f?s=96&d=mm&r=g\",\"contentUrl\":\"https:\/\/secure.gravatar.com\/avatar\/adae78b005d32aabac5987ff3384a3c6da92fed0f1d86d3d250df8978a593a3f?s=96&d=mm&r=g\",\"caption\":\"admin\"},\"sameAs\":[\"https:\/\/portfolio.glazboteka.com\/kcm\"],\"url\":\"https:\/\/portfolio.glazboteka.com\/kcm\/author\/admin\/\"}]}<\/script>\n<!-- \/ Yoast SEO plugin. -->","yoast_head_json":{"title":"Godi\u0161njica objavljivanja albuma Tajni grad grupe Haustor - KCM","description":"U godi\u0161njem izboru YU-kritike (po magazinu \"Rock\") progla\u0161en je najboljim rock-albumom 1988. godine.","robots":{"index":"index","follow":"follow","max-snippet":"max-snippet:-1","max-image-preview":"max-image-preview:large","max-video-preview":"max-video-preview:-1"},"canonical":"https:\/\/portfolio.glazboteka.com\/kcm\/godisnjica-objavljivanja-albuma-tajni-grad-grupe-haustor\/","og_locale":"en_US","og_type":"article","og_title":"Godi\u0161njica objavljivanja albuma Tajni grad grupe Haustor - KCM","og_description":"U godi\u0161njem izboru YU-kritike (po magazinu \"Rock\") progla\u0161en je najboljim rock-albumom 1988. godine.","og_url":"https:\/\/portfolio.glazboteka.com\/kcm\/godisnjica-objavljivanja-albuma-tajni-grad-grupe-haustor\/","og_site_name":"KCM","article_publisher":"https:\/\/www.facebook.com\/KCMedija\/","article_published_time":"2022-09-26T11:18:28+00:00","article_modified_time":"2022-09-30T12:14:45+00:00","og_image":[{"width":1429,"height":1429,"url":"https:\/\/portfolio.glazboteka.com\/kcm\/wp-content\/uploads\/2022\/09\/Tajni-grad.jpg","type":"image\/jpeg"}],"author":"admin","twitter_card":"summary_large_image","twitter_misc":{"Written by":"admin","Est. reading time":"2 minutes"},"schema":{"@context":"https:\/\/schema.org","@graph":[{"@type":"Article","@id":"https:\/\/portfolio.glazboteka.com\/kcm\/godisnjica-objavljivanja-albuma-tajni-grad-grupe-haustor\/#article","isPartOf":{"@id":"https:\/\/portfolio.glazboteka.com\/kcm\/godisnjica-objavljivanja-albuma-tajni-grad-grupe-haustor\/"},"author":{"name":"admin","@id":"https:\/\/portfolio.glazboteka.com\/kcm\/#\/schema\/person\/cc28eab64249ba0ee0cd57119ad6cfb1"},"headline":"Godi\u0161njica objavljivanja albuma Tajni grad grupe Haustor","datePublished":"2022-09-26T11:18:28+00:00","dateModified":"2022-09-30T12:14:45+00:00","mainEntityOfPage":{"@id":"https:\/\/portfolio.glazboteka.com\/kcm\/godisnjica-objavljivanja-albuma-tajni-grad-grupe-haustor\/"},"wordCount":495,"commentCount":0,"publisher":{"@id":"https:\/\/portfolio.glazboteka.com\/kcm\/#organization"},"image":{"@id":"https:\/\/portfolio.glazboteka.com\/kcm\/godisnjica-objavljivanja-albuma-tajni-grad-grupe-haustor\/#primaryimage"},"thumbnailUrl":"https:\/\/portfolio.glazboteka.com\/kcm\/wp-content\/uploads\/2022\/09\/Tajni-grad.jpg","keywords":["Bi mogao da mogu","Darko Rundek","Haustor","Jugoton","Julie Relji\u0107 Reglia","Marino Pelaji\u0107","new wave","novi val","Sr\u0111an Guli\u0107","Sr\u0111an Sacher","Tajni grad","Uzalud pita\u0161","Zoran Zajec"],"articleSection":["Glazba","Umjetnost"],"inLanguage":"en-US","potentialAction":[{"@type":"CommentAction","name":"Comment","target":["https:\/\/portfolio.glazboteka.com\/kcm\/godisnjica-objavljivanja-albuma-tajni-grad-grupe-haustor\/#respond"]}]},{"@type":"WebPage","@id":"https:\/\/portfolio.glazboteka.com\/kcm\/godisnjica-objavljivanja-albuma-tajni-grad-grupe-haustor\/","url":"https:\/\/portfolio.glazboteka.com\/kcm\/godisnjica-objavljivanja-albuma-tajni-grad-grupe-haustor\/","name":"Godi\u0161njica objavljivanja albuma Tajni grad grupe Haustor - KCM","isPartOf":{"@id":"https:\/\/portfolio.glazboteka.com\/kcm\/#website"},"primaryImageOfPage":{"@id":"https:\/\/portfolio.glazboteka.com\/kcm\/godisnjica-objavljivanja-albuma-tajni-grad-grupe-haustor\/#primaryimage"},"image":{"@id":"https:\/\/portfolio.glazboteka.com\/kcm\/godisnjica-objavljivanja-albuma-tajni-grad-grupe-haustor\/#primaryimage"},"thumbnailUrl":"https:\/\/portfolio.glazboteka.com\/kcm\/wp-content\/uploads\/2022\/09\/Tajni-grad.jpg","datePublished":"2022-09-26T11:18:28+00:00","dateModified":"2022-09-30T12:14:45+00:00","description":"U godi\u0161njem izboru YU-kritike (po magazinu \"Rock\") progla\u0161en je najboljim rock-albumom 1988. godine.","inLanguage":"en-US","potentialAction":[{"@type":"ReadAction","target":["https:\/\/portfolio.glazboteka.com\/kcm\/godisnjica-objavljivanja-albuma-tajni-grad-grupe-haustor\/"]}]},{"@type":"ImageObject","inLanguage":"en-US","@id":"https:\/\/portfolio.glazboteka.com\/kcm\/godisnjica-objavljivanja-albuma-tajni-grad-grupe-haustor\/#primaryimage","url":"https:\/\/portfolio.glazboteka.com\/kcm\/wp-content\/uploads\/2022\/09\/Tajni-grad.jpg","contentUrl":"https:\/\/portfolio.glazboteka.com\/kcm\/wp-content\/uploads\/2022\/09\/Tajni-grad.jpg","width":1429,"height":1429},{"@type":"WebSite","@id":"https:\/\/portfolio.glazboteka.com\/kcm\/#website","url":"https:\/\/portfolio.glazboteka.com\/kcm\/","name":"KCM","description":"Kulturni centar Multimedija","publisher":{"@id":"https:\/\/portfolio.glazboteka.com\/kcm\/#organization"},"potentialAction":[{"@type":"SearchAction","target":{"@type":"EntryPoint","urlTemplate":"https:\/\/portfolio.glazboteka.com\/kcm\/?s={search_term_string}"},"query-input":{"@type":"PropertyValueSpecification","valueRequired":true,"valueName":"search_term_string"}}],"inLanguage":"en-US"},{"@type":"Organization","@id":"https:\/\/portfolio.glazboteka.com\/kcm\/#organization","name":"KCM","url":"https:\/\/portfolio.glazboteka.com\/kcm\/","logo":{"@type":"ImageObject","inLanguage":"en-US","@id":"https:\/\/portfolio.glazboteka.com\/kcm\/#\/schema\/logo\/image\/","url":"https:\/\/portfolio.glazboteka.com\/kcm\/wp-content\/uploads\/2022\/10\/KCM.jpg","contentUrl":"https:\/\/portfolio.glazboteka.com\/kcm\/wp-content\/uploads\/2022\/10\/KCM.jpg","width":476,"height":419,"caption":"KCM"},"image":{"@id":"https:\/\/portfolio.glazboteka.com\/kcm\/#\/schema\/logo\/image\/"},"sameAs":["https:\/\/www.facebook.com\/KCMedija\/","https:\/\/www.instagram.com\/kulturni_centar_mesnicka\/"]},{"@type":"Person","@id":"https:\/\/portfolio.glazboteka.com\/kcm\/#\/schema\/person\/cc28eab64249ba0ee0cd57119ad6cfb1","name":"admin","image":{"@type":"ImageObject","inLanguage":"en-US","@id":"https:\/\/portfolio.glazboteka.com\/kcm\/#\/schema\/person\/image\/","url":"https:\/\/secure.gravatar.com\/avatar\/adae78b005d32aabac5987ff3384a3c6da92fed0f1d86d3d250df8978a593a3f?s=96&d=mm&r=g","contentUrl":"https:\/\/secure.gravatar.com\/avatar\/adae78b005d32aabac5987ff3384a3c6da92fed0f1d86d3d250df8978a593a3f?s=96&d=mm&r=g","caption":"admin"},"sameAs":["https:\/\/portfolio.glazboteka.com\/kcm"],"url":"https:\/\/portfolio.glazboteka.com\/kcm\/author\/admin\/"}]}},"_links":{"self":[{"href":"https:\/\/portfolio.glazboteka.com\/kcm\/wp-json\/wp\/v2\/posts\/2088","targetHints":{"allow":["GET"]}}],"collection":[{"href":"https:\/\/portfolio.glazboteka.com\/kcm\/wp-json\/wp\/v2\/posts"}],"about":[{"href":"https:\/\/portfolio.glazboteka.com\/kcm\/wp-json\/wp\/v2\/types\/post"}],"author":[{"embeddable":true,"href":"https:\/\/portfolio.glazboteka.com\/kcm\/wp-json\/wp\/v2\/users\/1"}],"replies":[{"embeddable":true,"href":"https:\/\/portfolio.glazboteka.com\/kcm\/wp-json\/wp\/v2\/comments?post=2088"}],"version-history":[{"count":0,"href":"https:\/\/portfolio.glazboteka.com\/kcm\/wp-json\/wp\/v2\/posts\/2088\/revisions"}],"wp:featuredmedia":[{"embeddable":true,"href":"https:\/\/portfolio.glazboteka.com\/kcm\/wp-json\/wp\/v2\/media\/2085"}],"wp:attachment":[{"href":"https:\/\/portfolio.glazboteka.com\/kcm\/wp-json\/wp\/v2\/media?parent=2088"}],"wp:term":[{"taxonomy":"category","embeddable":true,"href":"https:\/\/portfolio.glazboteka.com\/kcm\/wp-json\/wp\/v2\/categories?post=2088"},{"taxonomy":"post_tag","embeddable":true,"href":"https:\/\/portfolio.glazboteka.com\/kcm\/wp-json\/wp\/v2\/tags?post=2088"}],"curies":[{"name":"wp","href":"https:\/\/api.w.org\/{rel}","templated":true}]}}