{"id":2239,"date":"2022-10-07T19:34:47","date_gmt":"2022-10-07T17:34:47","guid":{"rendered":"https:\/\/portfolio.glazboteka.com\/kcm\/?p=2239"},"modified":"2023-08-09T22:35:39","modified_gmt":"2023-08-09T20:35:39","slug":"godisnjica-premijere-trilera-francuska-veza-williama-friedkina","status":"publish","type":"post","link":"https:\/\/portfolio.glazboteka.com\/kcm\/godisnjica-premijere-trilera-francuska-veza-williama-friedkina\/","title":{"rendered":"Godi\u0161njica premijere trilera Francuska veza Williama Friedkina"},"content":{"rendered":"<p>Na dana\u0161nji je dan, 7. listopada 1971. godine u Los Angelesu premijerno prikazan \u010duveni triler Williama Friedkina, slavna &#8220;Francuska veza&#8221; (<em>The French Connection<\/em>).<\/p>\n<p>Grubi Jimmy Doyle zvan Popeye odlu\u010dni je njujor\u0161ki murjak, detektiv odjela za suzbijanje narkotika koji povjerene mu zadatke obavlja s partnerom Buddyjem Cloudyjem Russoom. Kad kao novi zadatak preuzmu operaciju prekida lanca transporta heroina iz ju\u017ene Francuske u Sjedinjene Dr\u017eave, Popeye i Cloudy i ne slute da je pred njima vrlo slo\u017een i zahtjevan zadatak. Nakon \u0161to doznaju da je rije\u010d o velikoj po\u0161iljci droge koja se uskoro treba prebaciti, trag \u0107e ih dovesti do trgovine slatki\u0161ima za \u010dije se vlasnike, Sala Bocu i njegovu suprugu Angie, \u010dini da su umije\u0161ani u \u010ditavu operaciju. Istodobno, sve akcije povezane s prodajom heroina Amerikancima i transportom droge u Ameriku u Marseilleu organizira bogati i otmjeni Alain Charnier, lokalni narkobos koji \u0107e ubrzo doznati za Popeyevu i Cloudyjevu akciju i njezino napredovanje te ih odlu\u010diti ukloniti i osigurati nesmetan protok droge&#8230;<\/p>\n<p>Godine 1972. od osam nominacija za Oscara ovjen\u010dana sa pet pozla\u0107enih Akademijinih statua, uklju\u010duju\u0107i one za najbolji film, re\u017eiju i glavnu mu\u0161ku ulogu, te nagra\u0111ena sa tri Zlatna globusa, izvrsna krimi-drama Williama Friedkina (Istjeriva\u010d \u0111avola, \u017divjeti i umrijeti u Los Angelesu, Ubojiti Joe) temelji se na <em>faction<\/em>-knjizi &#8220;The French Connection: The World\u00b4s Most Crucial Narcotics Investigation&#8221; ameri\u010dkog pisca Roberta Lowella Moorea. Do\u010dim je Moore u knjizi opisao stvarnu operaciju presretanja po\u0161iljke heroina iz Turske preko Francuske u SAD (tzv. Francuska veza), scenarist Ernest Tidyman (izvorni Shaft Gordona Parksa, Nepoznati za\u0161titnik Clinta Eastwooda) pri\u010du je adaptirao tako da ona nema veze sa stvarnim doga\u0111ajima opisanima u knjizi. Posrijedi je film koji na impresivan naturalisti\u010dki na\u010din predo\u010dava kontekst akcije prekida konkretne prekooceanske narkorute kojom je droga transportirana krajem 60-ih i po\u010detkom 70-ih godina pro\u0161log stolje\u0107a. Oporim realisti\u010dnim stilom i dojmljivim ozra\u010djem djelo je u vrijeme premijere predstavljalo novinu i osvje\u017eenje u sklopu tada dominantnih \u017eanrovskih konvencija, pri \u010demu se osobito izdvajao pseudodokumentaristi\u010dki prosede kojim je kreirana iznimno realisti\u010dna slika kriminala na njujor\u0161kim ulicama.<\/p>\n<p>Djelo odli\u010dnog ritma koje uz izuzetno sugestivnu i dinami\u010dnu re\u017eiju nose raspolo\u017eeni gluma\u010dki nastupi dvostrukog oskarovca Genea Hackmana (Bonnie i Clyde, Prislu\u0161kivanje, No\u0107na kretanja, Nepomirljivi), markantnog Roya Scheidera (Ralje, Sav taj jazz, Plavi grom) i Fernanda Reya (Tristana, Diskretni \u0161arm bur\u017eoazije, Taj mra\u010dni predmet \u017eelje) odlikuju i uzbudljive akcijske scene policijskih potjera. Zanimljivo je da Friedkin u ulozi Popeyea isprva nije \u017eelio Hackmana nego komi\u010dara Jackieja Gleasona, a potom Stevea McQueena, koji nakon Bullitta nije \u017eelio opet tuma\u010diti policajca. Tako\u0111er, redatelj je prvotno u roli glavnog negativca vidio \u0161panjolskog glumca Francisca Rabala (Friedkin je njega i Fernanda Reya gledao u Ljepotici dana Luisa Bu\u00f1uela), ali do\u0161lo je do zabune te je umjesto Rabala anga\u017eiran Rey, koji nije znao engleski, a ni francuski mu nije bio ja\u010da strana.<\/p>\n<p><strong>Goran \u010celig<\/strong><\/p>\n","protected":false},"excerpt":{"rendered":"<p>Djelo odli\u010dnog ritma uz izuzetno sugestivnu i dinami\u010dnu re\u017eiju nose raspolo\u017eeni gluma\u010dki nastupi dvostrukog oskarovca Genea Hackmana, markantnog Roya Scheidera i Fernanda Reya&#8230;<\/p>\n","protected":false},"author":1,"featured_media":2242,"comment_status":"open","ping_status":"open","sticky":false,"template":"","format":"standard","meta":{"ngg_post_thumbnail":0,"ocean_post_layout":"","ocean_both_sidebars_style":"","ocean_both_sidebars_content_width":0,"ocean_both_sidebars_sidebars_width":0,"ocean_sidebar":"0","ocean_second_sidebar":"0","ocean_disable_margins":"enable","ocean_add_body_class":"","ocean_shortcode_before_top_bar":"","ocean_shortcode_after_top_bar":"","ocean_shortcode_before_header":"","ocean_shortcode_after_header":"","ocean_has_shortcode":"","ocean_shortcode_after_title":"","ocean_shortcode_before_footer_widgets":"","ocean_shortcode_after_footer_widgets":"","ocean_shortcode_before_footer_bottom":"","ocean_shortcode_after_footer_bottom":"","ocean_display_top_bar":"default","ocean_display_header":"default","ocean_header_style":"","ocean_center_header_left_menu":"0","ocean_custom_header_template":"0","ocean_custom_logo":0,"ocean_custom_retina_logo":0,"ocean_custom_logo_max_width":0,"ocean_custom_logo_tablet_max_width":0,"ocean_custom_logo_mobile_max_width":0,"ocean_custom_logo_max_height":0,"ocean_custom_logo_tablet_max_height":0,"ocean_custom_logo_mobile_max_height":0,"ocean_header_custom_menu":"0","ocean_menu_typo_font_family":"0","ocean_menu_typo_font_subset":"","ocean_menu_typo_font_size":0,"ocean_menu_typo_font_size_tablet":0,"ocean_menu_typo_font_size_mobile":0,"ocean_menu_typo_font_size_unit":"px","ocean_menu_typo_font_weight":"","ocean_menu_typo_font_weight_tablet":"","ocean_menu_typo_font_weight_mobile":"","ocean_menu_typo_transform":"","ocean_menu_typo_transform_tablet":"","ocean_menu_typo_transform_mobile":"","ocean_menu_typo_line_height":0,"ocean_menu_typo_line_height_tablet":0,"ocean_menu_typo_line_height_mobile":0,"ocean_menu_typo_line_height_unit":"","ocean_menu_typo_spacing":0,"ocean_menu_typo_spacing_tablet":0,"ocean_menu_typo_spacing_mobile":0,"ocean_menu_typo_spacing_unit":"","ocean_menu_link_color":"","ocean_menu_link_color_hover":"","ocean_menu_link_color_active":"","ocean_menu_link_background":"","ocean_menu_link_hover_background":"","ocean_menu_link_active_background":"","ocean_menu_social_links_bg":"","ocean_menu_social_hover_links_bg":"","ocean_menu_social_links_color":"","ocean_menu_social_hover_links_color":"","ocean_disable_title":"default","ocean_disable_heading":"default","ocean_post_title":"","ocean_post_subheading":"","ocean_post_title_style":"","ocean_post_title_background_color":"","ocean_post_title_background":0,"ocean_post_title_bg_image_position":"","ocean_post_title_bg_image_attachment":"","ocean_post_title_bg_image_repeat":"","ocean_post_title_bg_image_size":"","ocean_post_title_height":0,"ocean_post_title_bg_overlay":0.5,"ocean_post_title_bg_overlay_color":"","ocean_disable_breadcrumbs":"default","ocean_breadcrumbs_color":"","ocean_breadcrumbs_separator_color":"","ocean_breadcrumbs_links_color":"","ocean_breadcrumbs_links_hover_color":"","ocean_display_footer_widgets":"default","ocean_display_footer_bottom":"default","ocean_custom_footer_template":"0","ocean_post_oembed":"","ocean_post_self_hosted_media":"","ocean_post_video_embed":"","ocean_link_format":"","ocean_link_format_target":"self","ocean_quote_format":"","ocean_quote_format_link":"post","ocean_gallery_link_images":"off","ocean_gallery_id":[],"footnotes":""},"categories":[53,227],"tags":[1938,1940,953,973,1607,1941,712,1939,922],"class_list":["post-2239","post","type-post","status-publish","format-standard","has-post-thumbnail","hentry","category-film","category-umjetnost","tag-fernand-rey","tag-francuska-veza","tag-gene-hackman","tag-oscar","tag-roy-scheider","tag-the-french-connection","tag-triler","tag-william-friedkin","tag-zlatni-globus","entry","has-media"],"yoast_head":"<!-- This site is optimized with the Yoast SEO plugin v24.9 - https:\/\/yoast.com\/wordpress\/plugins\/seo\/ -->\n<title>Godi\u0161njica premijere trilera Francuska veza Williama Friedkina - KCM<\/title>\n<meta name=\"description\" content=\"Djelo odli\u010dnog ritma uz sugestivnu i dinami\u010dnu re\u017eiju nose nastupi dvostrukog oskarovca Genea Hackmana, Roya Scheidera i Fernanda Reya...\" \/>\n<meta name=\"robots\" content=\"index, follow, max-snippet:-1, max-image-preview:large, max-video-preview:-1\" \/>\n<link rel=\"canonical\" href=\"https:\/\/portfolio.glazboteka.com\/kcm\/godisnjica-premijere-trilera-francuska-veza-williama-friedkina\/\" \/>\n<meta property=\"og:locale\" content=\"en_US\" \/>\n<meta property=\"og:type\" content=\"article\" \/>\n<meta property=\"og:title\" content=\"Godi\u0161njica premijere trilera Francuska veza Williama Friedkina - KCM\" \/>\n<meta property=\"og:description\" content=\"Djelo odli\u010dnog ritma uz sugestivnu i dinami\u010dnu re\u017eiju nose nastupi dvostrukog oskarovca Genea Hackmana, Roya Scheidera i Fernanda Reya...\" \/>\n<meta property=\"og:url\" content=\"https:\/\/portfolio.glazboteka.com\/kcm\/godisnjica-premijere-trilera-francuska-veza-williama-friedkina\/\" \/>\n<meta property=\"og:site_name\" content=\"KCM\" \/>\n<meta property=\"article:publisher\" content=\"https:\/\/www.facebook.com\/KCMedija\/\" \/>\n<meta property=\"article:published_time\" content=\"2022-10-07T17:34:47+00:00\" \/>\n<meta property=\"article:modified_time\" content=\"2023-08-09T20:35:39+00:00\" \/>\n<meta property=\"og:image\" content=\"https:\/\/portfolio.glazboteka.com\/kcm\/wp-content\/uploads\/2022\/10\/Francuska-veza.jpg\" \/>\n\t<meta property=\"og:image:width\" content=\"1053\" \/>\n\t<meta property=\"og:image:height\" content=\"1500\" \/>\n\t<meta property=\"og:image:type\" content=\"image\/jpeg\" \/>\n<meta name=\"author\" content=\"admin\" \/>\n<meta name=\"twitter:card\" content=\"summary_large_image\" \/>\n<meta name=\"twitter:label1\" content=\"Written by\" \/>\n\t<meta name=\"twitter:data1\" content=\"admin\" \/>\n\t<meta name=\"twitter:label2\" content=\"Est. reading time\" \/>\n\t<meta name=\"twitter:data2\" content=\"3 minutes\" \/>\n<script type=\"application\/ld+json\" class=\"yoast-schema-graph\">{\"@context\":\"https:\/\/schema.org\",\"@graph\":[{\"@type\":\"Article\",\"@id\":\"https:\/\/portfolio.glazboteka.com\/kcm\/godisnjica-premijere-trilera-francuska-veza-williama-friedkina\/#article\",\"isPartOf\":{\"@id\":\"https:\/\/portfolio.glazboteka.com\/kcm\/godisnjica-premijere-trilera-francuska-veza-williama-friedkina\/\"},\"author\":{\"name\":\"admin\",\"@id\":\"https:\/\/portfolio.glazboteka.com\/kcm\/#\/schema\/person\/cc28eab64249ba0ee0cd57119ad6cfb1\"},\"headline\":\"Godi\u0161njica premijere trilera Francuska veza Williama Friedkina\",\"datePublished\":\"2022-10-07T17:34:47+00:00\",\"dateModified\":\"2023-08-09T20:35:39+00:00\",\"mainEntityOfPage\":{\"@id\":\"https:\/\/portfolio.glazboteka.com\/kcm\/godisnjica-premijere-trilera-francuska-veza-williama-friedkina\/\"},\"wordCount\":518,\"commentCount\":0,\"publisher\":{\"@id\":\"https:\/\/portfolio.glazboteka.com\/kcm\/#organization\"},\"image\":{\"@id\":\"https:\/\/portfolio.glazboteka.com\/kcm\/godisnjica-premijere-trilera-francuska-veza-williama-friedkina\/#primaryimage\"},\"thumbnailUrl\":\"https:\/\/portfolio.glazboteka.com\/kcm\/wp-content\/uploads\/2022\/10\/Francuska-veza.jpg\",\"keywords\":[\"Fernand Rey\",\"Francuska veza\",\"Gene Hackman\",\"Oscar\",\"Roy Scheider\",\"The French Connection\",\"triler\",\"William Friedkin\",\"Zlatni globus\"],\"articleSection\":[\"Film\",\"Umjetnost\"],\"inLanguage\":\"en-US\",\"potentialAction\":[{\"@type\":\"CommentAction\",\"name\":\"Comment\",\"target\":[\"https:\/\/portfolio.glazboteka.com\/kcm\/godisnjica-premijere-trilera-francuska-veza-williama-friedkina\/#respond\"]}]},{\"@type\":\"WebPage\",\"@id\":\"https:\/\/portfolio.glazboteka.com\/kcm\/godisnjica-premijere-trilera-francuska-veza-williama-friedkina\/\",\"url\":\"https:\/\/portfolio.glazboteka.com\/kcm\/godisnjica-premijere-trilera-francuska-veza-williama-friedkina\/\",\"name\":\"Godi\u0161njica premijere trilera Francuska veza Williama Friedkina - KCM\",\"isPartOf\":{\"@id\":\"https:\/\/portfolio.glazboteka.com\/kcm\/#website\"},\"primaryImageOfPage\":{\"@id\":\"https:\/\/portfolio.glazboteka.com\/kcm\/godisnjica-premijere-trilera-francuska-veza-williama-friedkina\/#primaryimage\"},\"image\":{\"@id\":\"https:\/\/portfolio.glazboteka.com\/kcm\/godisnjica-premijere-trilera-francuska-veza-williama-friedkina\/#primaryimage\"},\"thumbnailUrl\":\"https:\/\/portfolio.glazboteka.com\/kcm\/wp-content\/uploads\/2022\/10\/Francuska-veza.jpg\",\"datePublished\":\"2022-10-07T17:34:47+00:00\",\"dateModified\":\"2023-08-09T20:35:39+00:00\",\"description\":\"Djelo odli\u010dnog ritma uz sugestivnu i dinami\u010dnu re\u017eiju nose nastupi dvostrukog oskarovca Genea Hackmana, Roya Scheidera i Fernanda Reya...\",\"inLanguage\":\"en-US\",\"potentialAction\":[{\"@type\":\"ReadAction\",\"target\":[\"https:\/\/portfolio.glazboteka.com\/kcm\/godisnjica-premijere-trilera-francuska-veza-williama-friedkina\/\"]}]},{\"@type\":\"ImageObject\",\"inLanguage\":\"en-US\",\"@id\":\"https:\/\/portfolio.glazboteka.com\/kcm\/godisnjica-premijere-trilera-francuska-veza-williama-friedkina\/#primaryimage\",\"url\":\"https:\/\/portfolio.glazboteka.com\/kcm\/wp-content\/uploads\/2022\/10\/Francuska-veza.jpg\",\"contentUrl\":\"https:\/\/portfolio.glazboteka.com\/kcm\/wp-content\/uploads\/2022\/10\/Francuska-veza.jpg\",\"width\":1053,\"height\":1500},{\"@type\":\"WebSite\",\"@id\":\"https:\/\/portfolio.glazboteka.com\/kcm\/#website\",\"url\":\"https:\/\/portfolio.glazboteka.com\/kcm\/\",\"name\":\"KCM\",\"description\":\"Kulturni centar Multimedija\",\"publisher\":{\"@id\":\"https:\/\/portfolio.glazboteka.com\/kcm\/#organization\"},\"potentialAction\":[{\"@type\":\"SearchAction\",\"target\":{\"@type\":\"EntryPoint\",\"urlTemplate\":\"https:\/\/portfolio.glazboteka.com\/kcm\/?s={search_term_string}\"},\"query-input\":{\"@type\":\"PropertyValueSpecification\",\"valueRequired\":true,\"valueName\":\"search_term_string\"}}],\"inLanguage\":\"en-US\"},{\"@type\":\"Organization\",\"@id\":\"https:\/\/portfolio.glazboteka.com\/kcm\/#organization\",\"name\":\"KCM\",\"url\":\"https:\/\/portfolio.glazboteka.com\/kcm\/\",\"logo\":{\"@type\":\"ImageObject\",\"inLanguage\":\"en-US\",\"@id\":\"https:\/\/portfolio.glazboteka.com\/kcm\/#\/schema\/logo\/image\/\",\"url\":\"https:\/\/portfolio.glazboteka.com\/kcm\/wp-content\/uploads\/2022\/10\/KCM.jpg\",\"contentUrl\":\"https:\/\/portfolio.glazboteka.com\/kcm\/wp-content\/uploads\/2022\/10\/KCM.jpg\",\"width\":476,\"height\":419,\"caption\":\"KCM\"},\"image\":{\"@id\":\"https:\/\/portfolio.glazboteka.com\/kcm\/#\/schema\/logo\/image\/\"},\"sameAs\":[\"https:\/\/www.facebook.com\/KCMedija\/\",\"https:\/\/www.instagram.com\/kulturni_centar_mesnicka\/\"]},{\"@type\":\"Person\",\"@id\":\"https:\/\/portfolio.glazboteka.com\/kcm\/#\/schema\/person\/cc28eab64249ba0ee0cd57119ad6cfb1\",\"name\":\"admin\",\"image\":{\"@type\":\"ImageObject\",\"inLanguage\":\"en-US\",\"@id\":\"https:\/\/portfolio.glazboteka.com\/kcm\/#\/schema\/person\/image\/\",\"url\":\"https:\/\/secure.gravatar.com\/avatar\/adae78b005d32aabac5987ff3384a3c6da92fed0f1d86d3d250df8978a593a3f?s=96&d=mm&r=g\",\"contentUrl\":\"https:\/\/secure.gravatar.com\/avatar\/adae78b005d32aabac5987ff3384a3c6da92fed0f1d86d3d250df8978a593a3f?s=96&d=mm&r=g\",\"caption\":\"admin\"},\"sameAs\":[\"https:\/\/portfolio.glazboteka.com\/kcm\"],\"url\":\"https:\/\/portfolio.glazboteka.com\/kcm\/author\/admin\/\"}]}<\/script>\n<!-- \/ Yoast SEO plugin. -->","yoast_head_json":{"title":"Godi\u0161njica premijere trilera Francuska veza Williama Friedkina - KCM","description":"Djelo odli\u010dnog ritma uz sugestivnu i dinami\u010dnu re\u017eiju nose nastupi dvostrukog oskarovca Genea Hackmana, Roya Scheidera i Fernanda Reya...","robots":{"index":"index","follow":"follow","max-snippet":"max-snippet:-1","max-image-preview":"max-image-preview:large","max-video-preview":"max-video-preview:-1"},"canonical":"https:\/\/portfolio.glazboteka.com\/kcm\/godisnjica-premijere-trilera-francuska-veza-williama-friedkina\/","og_locale":"en_US","og_type":"article","og_title":"Godi\u0161njica premijere trilera Francuska veza Williama Friedkina - KCM","og_description":"Djelo odli\u010dnog ritma uz sugestivnu i dinami\u010dnu re\u017eiju nose nastupi dvostrukog oskarovca Genea Hackmana, Roya Scheidera i Fernanda Reya...","og_url":"https:\/\/portfolio.glazboteka.com\/kcm\/godisnjica-premijere-trilera-francuska-veza-williama-friedkina\/","og_site_name":"KCM","article_publisher":"https:\/\/www.facebook.com\/KCMedija\/","article_published_time":"2022-10-07T17:34:47+00:00","article_modified_time":"2023-08-09T20:35:39+00:00","og_image":[{"width":1053,"height":1500,"url":"https:\/\/portfolio.glazboteka.com\/kcm\/wp-content\/uploads\/2022\/10\/Francuska-veza.jpg","type":"image\/jpeg"}],"author":"admin","twitter_card":"summary_large_image","twitter_misc":{"Written by":"admin","Est. reading time":"3 minutes"},"schema":{"@context":"https:\/\/schema.org","@graph":[{"@type":"Article","@id":"https:\/\/portfolio.glazboteka.com\/kcm\/godisnjica-premijere-trilera-francuska-veza-williama-friedkina\/#article","isPartOf":{"@id":"https:\/\/portfolio.glazboteka.com\/kcm\/godisnjica-premijere-trilera-francuska-veza-williama-friedkina\/"},"author":{"name":"admin","@id":"https:\/\/portfolio.glazboteka.com\/kcm\/#\/schema\/person\/cc28eab64249ba0ee0cd57119ad6cfb1"},"headline":"Godi\u0161njica premijere trilera Francuska veza Williama Friedkina","datePublished":"2022-10-07T17:34:47+00:00","dateModified":"2023-08-09T20:35:39+00:00","mainEntityOfPage":{"@id":"https:\/\/portfolio.glazboteka.com\/kcm\/godisnjica-premijere-trilera-francuska-veza-williama-friedkina\/"},"wordCount":518,"commentCount":0,"publisher":{"@id":"https:\/\/portfolio.glazboteka.com\/kcm\/#organization"},"image":{"@id":"https:\/\/portfolio.glazboteka.com\/kcm\/godisnjica-premijere-trilera-francuska-veza-williama-friedkina\/#primaryimage"},"thumbnailUrl":"https:\/\/portfolio.glazboteka.com\/kcm\/wp-content\/uploads\/2022\/10\/Francuska-veza.jpg","keywords":["Fernand Rey","Francuska veza","Gene Hackman","Oscar","Roy Scheider","The French Connection","triler","William Friedkin","Zlatni globus"],"articleSection":["Film","Umjetnost"],"inLanguage":"en-US","potentialAction":[{"@type":"CommentAction","name":"Comment","target":["https:\/\/portfolio.glazboteka.com\/kcm\/godisnjica-premijere-trilera-francuska-veza-williama-friedkina\/#respond"]}]},{"@type":"WebPage","@id":"https:\/\/portfolio.glazboteka.com\/kcm\/godisnjica-premijere-trilera-francuska-veza-williama-friedkina\/","url":"https:\/\/portfolio.glazboteka.com\/kcm\/godisnjica-premijere-trilera-francuska-veza-williama-friedkina\/","name":"Godi\u0161njica premijere trilera Francuska veza Williama Friedkina - KCM","isPartOf":{"@id":"https:\/\/portfolio.glazboteka.com\/kcm\/#website"},"primaryImageOfPage":{"@id":"https:\/\/portfolio.glazboteka.com\/kcm\/godisnjica-premijere-trilera-francuska-veza-williama-friedkina\/#primaryimage"},"image":{"@id":"https:\/\/portfolio.glazboteka.com\/kcm\/godisnjica-premijere-trilera-francuska-veza-williama-friedkina\/#primaryimage"},"thumbnailUrl":"https:\/\/portfolio.glazboteka.com\/kcm\/wp-content\/uploads\/2022\/10\/Francuska-veza.jpg","datePublished":"2022-10-07T17:34:47+00:00","dateModified":"2023-08-09T20:35:39+00:00","description":"Djelo odli\u010dnog ritma uz sugestivnu i dinami\u010dnu re\u017eiju nose nastupi dvostrukog oskarovca Genea Hackmana, Roya Scheidera i Fernanda Reya...","inLanguage":"en-US","potentialAction":[{"@type":"ReadAction","target":["https:\/\/portfolio.glazboteka.com\/kcm\/godisnjica-premijere-trilera-francuska-veza-williama-friedkina\/"]}]},{"@type":"ImageObject","inLanguage":"en-US","@id":"https:\/\/portfolio.glazboteka.com\/kcm\/godisnjica-premijere-trilera-francuska-veza-williama-friedkina\/#primaryimage","url":"https:\/\/portfolio.glazboteka.com\/kcm\/wp-content\/uploads\/2022\/10\/Francuska-veza.jpg","contentUrl":"https:\/\/portfolio.glazboteka.com\/kcm\/wp-content\/uploads\/2022\/10\/Francuska-veza.jpg","width":1053,"height":1500},{"@type":"WebSite","@id":"https:\/\/portfolio.glazboteka.com\/kcm\/#website","url":"https:\/\/portfolio.glazboteka.com\/kcm\/","name":"KCM","description":"Kulturni centar Multimedija","publisher":{"@id":"https:\/\/portfolio.glazboteka.com\/kcm\/#organization"},"potentialAction":[{"@type":"SearchAction","target":{"@type":"EntryPoint","urlTemplate":"https:\/\/portfolio.glazboteka.com\/kcm\/?s={search_term_string}"},"query-input":{"@type":"PropertyValueSpecification","valueRequired":true,"valueName":"search_term_string"}}],"inLanguage":"en-US"},{"@type":"Organization","@id":"https:\/\/portfolio.glazboteka.com\/kcm\/#organization","name":"KCM","url":"https:\/\/portfolio.glazboteka.com\/kcm\/","logo":{"@type":"ImageObject","inLanguage":"en-US","@id":"https:\/\/portfolio.glazboteka.com\/kcm\/#\/schema\/logo\/image\/","url":"https:\/\/portfolio.glazboteka.com\/kcm\/wp-content\/uploads\/2022\/10\/KCM.jpg","contentUrl":"https:\/\/portfolio.glazboteka.com\/kcm\/wp-content\/uploads\/2022\/10\/KCM.jpg","width":476,"height":419,"caption":"KCM"},"image":{"@id":"https:\/\/portfolio.glazboteka.com\/kcm\/#\/schema\/logo\/image\/"},"sameAs":["https:\/\/www.facebook.com\/KCMedija\/","https:\/\/www.instagram.com\/kulturni_centar_mesnicka\/"]},{"@type":"Person","@id":"https:\/\/portfolio.glazboteka.com\/kcm\/#\/schema\/person\/cc28eab64249ba0ee0cd57119ad6cfb1","name":"admin","image":{"@type":"ImageObject","inLanguage":"en-US","@id":"https:\/\/portfolio.glazboteka.com\/kcm\/#\/schema\/person\/image\/","url":"https:\/\/secure.gravatar.com\/avatar\/adae78b005d32aabac5987ff3384a3c6da92fed0f1d86d3d250df8978a593a3f?s=96&d=mm&r=g","contentUrl":"https:\/\/secure.gravatar.com\/avatar\/adae78b005d32aabac5987ff3384a3c6da92fed0f1d86d3d250df8978a593a3f?s=96&d=mm&r=g","caption":"admin"},"sameAs":["https:\/\/portfolio.glazboteka.com\/kcm"],"url":"https:\/\/portfolio.glazboteka.com\/kcm\/author\/admin\/"}]}},"_links":{"self":[{"href":"https:\/\/portfolio.glazboteka.com\/kcm\/wp-json\/wp\/v2\/posts\/2239","targetHints":{"allow":["GET"]}}],"collection":[{"href":"https:\/\/portfolio.glazboteka.com\/kcm\/wp-json\/wp\/v2\/posts"}],"about":[{"href":"https:\/\/portfolio.glazboteka.com\/kcm\/wp-json\/wp\/v2\/types\/post"}],"author":[{"embeddable":true,"href":"https:\/\/portfolio.glazboteka.com\/kcm\/wp-json\/wp\/v2\/users\/1"}],"replies":[{"embeddable":true,"href":"https:\/\/portfolio.glazboteka.com\/kcm\/wp-json\/wp\/v2\/comments?post=2239"}],"version-history":[{"count":0,"href":"https:\/\/portfolio.glazboteka.com\/kcm\/wp-json\/wp\/v2\/posts\/2239\/revisions"}],"wp:featuredmedia":[{"embeddable":true,"href":"https:\/\/portfolio.glazboteka.com\/kcm\/wp-json\/wp\/v2\/media\/2242"}],"wp:attachment":[{"href":"https:\/\/portfolio.glazboteka.com\/kcm\/wp-json\/wp\/v2\/media?parent=2239"}],"wp:term":[{"taxonomy":"category","embeddable":true,"href":"https:\/\/portfolio.glazboteka.com\/kcm\/wp-json\/wp\/v2\/categories?post=2239"},{"taxonomy":"post_tag","embeddable":true,"href":"https:\/\/portfolio.glazboteka.com\/kcm\/wp-json\/wp\/v2\/tags?post=2239"}],"curies":[{"name":"wp","href":"https:\/\/api.w.org\/{rel}","templated":true}]}}