{"id":3304,"date":"2023-01-19T13:10:57","date_gmt":"2023-01-19T12:10:57","guid":{"rendered":"https:\/\/portfolio.glazboteka.com\/kcm\/?p=3304"},"modified":"2023-01-19T13:11:04","modified_gmt":"2023-01-19T12:11:04","slug":"godisnjica-premijere-fantasticne-drame-donnie-darko-redatelja-richarda-kellyja","status":"publish","type":"post","link":"https:\/\/portfolio.glazboteka.com\/kcm\/godisnjica-premijere-fantasticne-drame-donnie-darko-redatelja-richarda-kellyja\/","title":{"rendered":"Godi\u0161njica premijere fantasti\u010dne drame Donnie Darko redatelja Richarda Kellyja"},"content":{"rendered":"<p>Na dana\u0161nji dan, 19. sije\u010dnja 2001. godine na Sundanceu premijerno je prikazana slojevita fantasti\u010dna drama &#8220;Donnie Darko&#8221;, koja gledatelja i nakon nekoliko gledanja ostavlja s pitanjima na koje ne mo\u017ee prona\u0107i prave odgovore. Film je po vlastitom scenariju re\u017eirao Richard Kelly (The Box), a u glavnim su se ulogama pojavili Jake Gyllenhaal, Drew Barrymore, Holmes Osborne, Maggie Gyllenhaal i drugi.<\/p>\n<p>Donnieja Darka (Jake Gyllenhaal) mu\u010de vizije divovskog \u010dovjekolikog zeca Franka koji predvi\u0111a kraj svijeta za 28 dana, 6 sati, 42 minute i 12 sekundi te nagovara Donnieja na opasne i destruktivne nesta\u0161luke. Jedne no\u0107i Frank izvodi Donnieja iz ku\u0107e, trenutak prije nego \u0161to se motor Boeinga 747 sru\u0161i s neba ravno u njegovu spava\u0107u sobu, \u0161to potakne Donnieja na razmi\u0161ljanje da mo\u017eda Frankova proro\u010danstva nisu izmi\u0161ljotine. Idu\u0107i dan Donnie upoznaje u \u0161koli novu u\u010denicu Gretchen, a iste no\u0107i ponovno susre\u0107e Franka, koji ga nagovori da izazove poplavu u \u0161koli. Uskoro Frank zainteresira Donnieja za putovanje kroz vrijeme pa Donnie posu\u0111uje od profesora fizike knjigu &#8220;Filozofija putovanja kroz vrijeme&#8221; autorice Roberte Sparow, \u010dudakinje koja \u010ditave dane stoji na cesti provjeravaju\u0107i je li stigla po\u0161ta&#8230;<\/p>\n<p>Zanimljivo da je film snimljen u 28 dana, to\u010dno  koliko Donnie ima na raspolaganju za spas svijeta. Film je dobitnik \u010dak 11 me\u0111unarodnih filmskih nagrada, a zaradio je jo\u0161 osam nominacija.<\/p>\n<p><strong>Goran \u010celig<\/strong><\/p>\n","protected":false},"excerpt":{"rendered":"<p>Film je dobitnik \u010dak 11 me\u0111unarodnih filmskih nagrada, a zaradio je jo\u0161 osam nominacija.<\/p>\n","protected":false},"author":1,"featured_media":3305,"comment_status":"open","ping_status":"open","sticky":false,"template":"","format":"standard","meta":{"ngg_post_thumbnail":0,"ocean_post_layout":"","ocean_both_sidebars_style":"","ocean_both_sidebars_content_width":0,"ocean_both_sidebars_sidebars_width":0,"ocean_sidebar":"0","ocean_second_sidebar":"0","ocean_disable_margins":"enable","ocean_add_body_class":"","ocean_shortcode_before_top_bar":"","ocean_shortcode_after_top_bar":"","ocean_shortcode_before_header":"","ocean_shortcode_after_header":"","ocean_has_shortcode":"","ocean_shortcode_after_title":"","ocean_shortcode_before_footer_widgets":"","ocean_shortcode_after_footer_widgets":"","ocean_shortcode_before_footer_bottom":"","ocean_shortcode_after_footer_bottom":"","ocean_display_top_bar":"default","ocean_display_header":"default","ocean_header_style":"","ocean_center_header_left_menu":"0","ocean_custom_header_template":"0","ocean_custom_logo":0,"ocean_custom_retina_logo":0,"ocean_custom_logo_max_width":0,"ocean_custom_logo_tablet_max_width":0,"ocean_custom_logo_mobile_max_width":0,"ocean_custom_logo_max_height":0,"ocean_custom_logo_tablet_max_height":0,"ocean_custom_logo_mobile_max_height":0,"ocean_header_custom_menu":"0","ocean_menu_typo_font_family":"0","ocean_menu_typo_font_subset":"","ocean_menu_typo_font_size":0,"ocean_menu_typo_font_size_tablet":0,"ocean_menu_typo_font_size_mobile":0,"ocean_menu_typo_font_size_unit":"px","ocean_menu_typo_font_weight":"","ocean_menu_typo_font_weight_tablet":"","ocean_menu_typo_font_weight_mobile":"","ocean_menu_typo_transform":"","ocean_menu_typo_transform_tablet":"","ocean_menu_typo_transform_mobile":"","ocean_menu_typo_line_height":0,"ocean_menu_typo_line_height_tablet":0,"ocean_menu_typo_line_height_mobile":0,"ocean_menu_typo_line_height_unit":"","ocean_menu_typo_spacing":0,"ocean_menu_typo_spacing_tablet":0,"ocean_menu_typo_spacing_mobile":0,"ocean_menu_typo_spacing_unit":"","ocean_menu_link_color":"","ocean_menu_link_color_hover":"","ocean_menu_link_color_active":"","ocean_menu_link_background":"","ocean_menu_link_hover_background":"","ocean_menu_link_active_background":"","ocean_menu_social_links_bg":"","ocean_menu_social_hover_links_bg":"","ocean_menu_social_links_color":"","ocean_menu_social_hover_links_color":"","ocean_disable_title":"default","ocean_disable_heading":"default","ocean_post_title":"","ocean_post_subheading":"","ocean_post_title_style":"","ocean_post_title_background_color":"","ocean_post_title_background":0,"ocean_post_title_bg_image_position":"","ocean_post_title_bg_image_attachment":"","ocean_post_title_bg_image_repeat":"","ocean_post_title_bg_image_size":"","ocean_post_title_height":0,"ocean_post_title_bg_overlay":0.5,"ocean_post_title_bg_overlay_color":"","ocean_disable_breadcrumbs":"default","ocean_breadcrumbs_color":"","ocean_breadcrumbs_separator_color":"","ocean_breadcrumbs_links_color":"","ocean_breadcrumbs_links_hover_color":"","ocean_display_footer_widgets":"default","ocean_display_footer_bottom":"default","ocean_custom_footer_template":"0","ocean_post_oembed":"","ocean_post_self_hosted_media":"","ocean_post_video_embed":"","ocean_link_format":"","ocean_link_format_target":"self","ocean_quote_format":"","ocean_quote_format_link":"post","ocean_gallery_link_images":"off","ocean_gallery_id":[],"footnotes":""},"categories":[53,227],"tags":[3312,1406,1714,3321,3313,3316,3314,3318,3315,3317,3320,3319],"class_list":["post-3304","post","type-post","status-publish","format-standard","has-post-thumbnail","hentry","category-film","category-umjetnost","tag-donnie-darko","tag-drama","tag-drew-barrymore","tag-fantasticna-drama","tag-jake-gyllenhaal","tag-james-duval","tag-jena-malone","tag-katharine-ross","tag-maggie-gyllenhaal","tag-mary-mcdonnell","tag-noah-wyle","tag-patrick-swayze","entry","has-media"],"yoast_head":"<!-- This site is optimized with the Yoast SEO plugin v24.9 - https:\/\/yoast.com\/wordpress\/plugins\/seo\/ -->\n<title>Godi\u0161njica premijere fantasti\u010dne drame Donnie Darko redatelja Richarda Kellyja - KCM<\/title>\n<meta name=\"description\" content=\"Film je dobitnik \u010dak 11 me\u0111unarodnih filmskih nagrada, a zaradio je jo\u0161 osam nominacija.\" \/>\n<meta name=\"robots\" content=\"index, follow, max-snippet:-1, max-image-preview:large, max-video-preview:-1\" \/>\n<link rel=\"canonical\" href=\"https:\/\/portfolio.glazboteka.com\/kcm\/godisnjica-premijere-fantasticne-drame-donnie-darko-redatelja-richarda-kellyja\/\" \/>\n<meta property=\"og:locale\" content=\"en_US\" \/>\n<meta property=\"og:type\" content=\"article\" \/>\n<meta property=\"og:title\" content=\"Godi\u0161njica premijere fantasti\u010dne drame Donnie Darko redatelja Richarda Kellyja - KCM\" \/>\n<meta property=\"og:description\" content=\"Film je dobitnik \u010dak 11 me\u0111unarodnih filmskih nagrada, a zaradio je jo\u0161 osam nominacija.\" \/>\n<meta property=\"og:url\" content=\"https:\/\/portfolio.glazboteka.com\/kcm\/godisnjica-premijere-fantasticne-drame-donnie-darko-redatelja-richarda-kellyja\/\" \/>\n<meta property=\"og:site_name\" content=\"KCM\" \/>\n<meta property=\"article:publisher\" content=\"https:\/\/www.facebook.com\/KCMedija\/\" \/>\n<meta property=\"article:published_time\" content=\"2023-01-19T12:10:57+00:00\" \/>\n<meta property=\"article:modified_time\" content=\"2023-01-19T12:11:04+00:00\" \/>\n<meta property=\"og:image\" content=\"https:\/\/portfolio.glazboteka.com\/kcm\/wp-content\/uploads\/2023\/01\/Donnie-Darko.jpg\" \/>\n\t<meta property=\"og:image:width\" content=\"1000\" \/>\n\t<meta property=\"og:image:height\" content=\"1426\" \/>\n\t<meta property=\"og:image:type\" content=\"image\/jpeg\" \/>\n<meta name=\"author\" content=\"admin\" \/>\n<meta name=\"twitter:card\" content=\"summary_large_image\" \/>\n<meta name=\"twitter:label1\" content=\"Written by\" \/>\n\t<meta name=\"twitter:data1\" content=\"admin\" \/>\n\t<meta name=\"twitter:label2\" content=\"Est. reading time\" \/>\n\t<meta name=\"twitter:data2\" content=\"1 minute\" \/>\n<script type=\"application\/ld+json\" class=\"yoast-schema-graph\">{\"@context\":\"https:\/\/schema.org\",\"@graph\":[{\"@type\":\"Article\",\"@id\":\"https:\/\/portfolio.glazboteka.com\/kcm\/godisnjica-premijere-fantasticne-drame-donnie-darko-redatelja-richarda-kellyja\/#article\",\"isPartOf\":{\"@id\":\"https:\/\/portfolio.glazboteka.com\/kcm\/godisnjica-premijere-fantasticne-drame-donnie-darko-redatelja-richarda-kellyja\/\"},\"author\":{\"name\":\"admin\",\"@id\":\"https:\/\/portfolio.glazboteka.com\/kcm\/#\/schema\/person\/cc28eab64249ba0ee0cd57119ad6cfb1\"},\"headline\":\"Godi\u0161njica premijere fantasti\u010dne drame Donnie Darko redatelja Richarda Kellyja\",\"datePublished\":\"2023-01-19T12:10:57+00:00\",\"dateModified\":\"2023-01-19T12:11:04+00:00\",\"mainEntityOfPage\":{\"@id\":\"https:\/\/portfolio.glazboteka.com\/kcm\/godisnjica-premijere-fantasticne-drame-donnie-darko-redatelja-richarda-kellyja\/\"},\"wordCount\":244,\"commentCount\":0,\"publisher\":{\"@id\":\"https:\/\/portfolio.glazboteka.com\/kcm\/#organization\"},\"image\":{\"@id\":\"https:\/\/portfolio.glazboteka.com\/kcm\/godisnjica-premijere-fantasticne-drame-donnie-darko-redatelja-richarda-kellyja\/#primaryimage\"},\"thumbnailUrl\":\"https:\/\/portfolio.glazboteka.com\/kcm\/wp-content\/uploads\/2023\/01\/Donnie-Darko.jpg\",\"keywords\":[\"Donnie Darko\",\"drama\",\"Drew Barrymore\",\"fantasti\u010dna drama\",\"Jake Gyllenhaal\",\"James Duval\",\"Jena Malone\",\"Katharine Ross\",\"Maggie Gyllenhaal\",\"Mary McDonnell\",\"Noah Wyle\",\"Patrick Swayze\"],\"articleSection\":[\"Film\",\"Umjetnost\"],\"inLanguage\":\"en-US\",\"potentialAction\":[{\"@type\":\"CommentAction\",\"name\":\"Comment\",\"target\":[\"https:\/\/portfolio.glazboteka.com\/kcm\/godisnjica-premijere-fantasticne-drame-donnie-darko-redatelja-richarda-kellyja\/#respond\"]}]},{\"@type\":\"WebPage\",\"@id\":\"https:\/\/portfolio.glazboteka.com\/kcm\/godisnjica-premijere-fantasticne-drame-donnie-darko-redatelja-richarda-kellyja\/\",\"url\":\"https:\/\/portfolio.glazboteka.com\/kcm\/godisnjica-premijere-fantasticne-drame-donnie-darko-redatelja-richarda-kellyja\/\",\"name\":\"Godi\u0161njica premijere fantasti\u010dne drame Donnie Darko redatelja Richarda Kellyja - KCM\",\"isPartOf\":{\"@id\":\"https:\/\/portfolio.glazboteka.com\/kcm\/#website\"},\"primaryImageOfPage\":{\"@id\":\"https:\/\/portfolio.glazboteka.com\/kcm\/godisnjica-premijere-fantasticne-drame-donnie-darko-redatelja-richarda-kellyja\/#primaryimage\"},\"image\":{\"@id\":\"https:\/\/portfolio.glazboteka.com\/kcm\/godisnjica-premijere-fantasticne-drame-donnie-darko-redatelja-richarda-kellyja\/#primaryimage\"},\"thumbnailUrl\":\"https:\/\/portfolio.glazboteka.com\/kcm\/wp-content\/uploads\/2023\/01\/Donnie-Darko.jpg\",\"datePublished\":\"2023-01-19T12:10:57+00:00\",\"dateModified\":\"2023-01-19T12:11:04+00:00\",\"description\":\"Film je dobitnik \u010dak 11 me\u0111unarodnih filmskih nagrada, a zaradio je jo\u0161 osam nominacija.\",\"inLanguage\":\"en-US\",\"potentialAction\":[{\"@type\":\"ReadAction\",\"target\":[\"https:\/\/portfolio.glazboteka.com\/kcm\/godisnjica-premijere-fantasticne-drame-donnie-darko-redatelja-richarda-kellyja\/\"]}]},{\"@type\":\"ImageObject\",\"inLanguage\":\"en-US\",\"@id\":\"https:\/\/portfolio.glazboteka.com\/kcm\/godisnjica-premijere-fantasticne-drame-donnie-darko-redatelja-richarda-kellyja\/#primaryimage\",\"url\":\"https:\/\/portfolio.glazboteka.com\/kcm\/wp-content\/uploads\/2023\/01\/Donnie-Darko.jpg\",\"contentUrl\":\"https:\/\/portfolio.glazboteka.com\/kcm\/wp-content\/uploads\/2023\/01\/Donnie-Darko.jpg\",\"width\":1000,\"height\":1426},{\"@type\":\"WebSite\",\"@id\":\"https:\/\/portfolio.glazboteka.com\/kcm\/#website\",\"url\":\"https:\/\/portfolio.glazboteka.com\/kcm\/\",\"name\":\"KCM\",\"description\":\"Kulturni centar Multimedija\",\"publisher\":{\"@id\":\"https:\/\/portfolio.glazboteka.com\/kcm\/#organization\"},\"potentialAction\":[{\"@type\":\"SearchAction\",\"target\":{\"@type\":\"EntryPoint\",\"urlTemplate\":\"https:\/\/portfolio.glazboteka.com\/kcm\/?s={search_term_string}\"},\"query-input\":{\"@type\":\"PropertyValueSpecification\",\"valueRequired\":true,\"valueName\":\"search_term_string\"}}],\"inLanguage\":\"en-US\"},{\"@type\":\"Organization\",\"@id\":\"https:\/\/portfolio.glazboteka.com\/kcm\/#organization\",\"name\":\"KCM\",\"url\":\"https:\/\/portfolio.glazboteka.com\/kcm\/\",\"logo\":{\"@type\":\"ImageObject\",\"inLanguage\":\"en-US\",\"@id\":\"https:\/\/portfolio.glazboteka.com\/kcm\/#\/schema\/logo\/image\/\",\"url\":\"https:\/\/portfolio.glazboteka.com\/kcm\/wp-content\/uploads\/2022\/10\/KCM.jpg\",\"contentUrl\":\"https:\/\/portfolio.glazboteka.com\/kcm\/wp-content\/uploads\/2022\/10\/KCM.jpg\",\"width\":476,\"height\":419,\"caption\":\"KCM\"},\"image\":{\"@id\":\"https:\/\/portfolio.glazboteka.com\/kcm\/#\/schema\/logo\/image\/\"},\"sameAs\":[\"https:\/\/www.facebook.com\/KCMedija\/\",\"https:\/\/www.instagram.com\/kulturni_centar_mesnicka\/\"]},{\"@type\":\"Person\",\"@id\":\"https:\/\/portfolio.glazboteka.com\/kcm\/#\/schema\/person\/cc28eab64249ba0ee0cd57119ad6cfb1\",\"name\":\"admin\",\"image\":{\"@type\":\"ImageObject\",\"inLanguage\":\"en-US\",\"@id\":\"https:\/\/portfolio.glazboteka.com\/kcm\/#\/schema\/person\/image\/\",\"url\":\"https:\/\/secure.gravatar.com\/avatar\/adae78b005d32aabac5987ff3384a3c6da92fed0f1d86d3d250df8978a593a3f?s=96&d=mm&r=g\",\"contentUrl\":\"https:\/\/secure.gravatar.com\/avatar\/adae78b005d32aabac5987ff3384a3c6da92fed0f1d86d3d250df8978a593a3f?s=96&d=mm&r=g\",\"caption\":\"admin\"},\"sameAs\":[\"https:\/\/portfolio.glazboteka.com\/kcm\"],\"url\":\"https:\/\/portfolio.glazboteka.com\/kcm\/author\/admin\/\"}]}<\/script>\n<!-- \/ Yoast SEO plugin. -->","yoast_head_json":{"title":"Godi\u0161njica premijere fantasti\u010dne drame Donnie Darko redatelja Richarda Kellyja - KCM","description":"Film je dobitnik \u010dak 11 me\u0111unarodnih filmskih nagrada, a zaradio je jo\u0161 osam nominacija.","robots":{"index":"index","follow":"follow","max-snippet":"max-snippet:-1","max-image-preview":"max-image-preview:large","max-video-preview":"max-video-preview:-1"},"canonical":"https:\/\/portfolio.glazboteka.com\/kcm\/godisnjica-premijere-fantasticne-drame-donnie-darko-redatelja-richarda-kellyja\/","og_locale":"en_US","og_type":"article","og_title":"Godi\u0161njica premijere fantasti\u010dne drame Donnie Darko redatelja Richarda Kellyja - KCM","og_description":"Film je dobitnik \u010dak 11 me\u0111unarodnih filmskih nagrada, a zaradio je jo\u0161 osam nominacija.","og_url":"https:\/\/portfolio.glazboteka.com\/kcm\/godisnjica-premijere-fantasticne-drame-donnie-darko-redatelja-richarda-kellyja\/","og_site_name":"KCM","article_publisher":"https:\/\/www.facebook.com\/KCMedija\/","article_published_time":"2023-01-19T12:10:57+00:00","article_modified_time":"2023-01-19T12:11:04+00:00","og_image":[{"width":1000,"height":1426,"url":"https:\/\/portfolio.glazboteka.com\/kcm\/wp-content\/uploads\/2023\/01\/Donnie-Darko.jpg","type":"image\/jpeg"}],"author":"admin","twitter_card":"summary_large_image","twitter_misc":{"Written by":"admin","Est. reading time":"1 minute"},"schema":{"@context":"https:\/\/schema.org","@graph":[{"@type":"Article","@id":"https:\/\/portfolio.glazboteka.com\/kcm\/godisnjica-premijere-fantasticne-drame-donnie-darko-redatelja-richarda-kellyja\/#article","isPartOf":{"@id":"https:\/\/portfolio.glazboteka.com\/kcm\/godisnjica-premijere-fantasticne-drame-donnie-darko-redatelja-richarda-kellyja\/"},"author":{"name":"admin","@id":"https:\/\/portfolio.glazboteka.com\/kcm\/#\/schema\/person\/cc28eab64249ba0ee0cd57119ad6cfb1"},"headline":"Godi\u0161njica premijere fantasti\u010dne drame Donnie Darko redatelja Richarda Kellyja","datePublished":"2023-01-19T12:10:57+00:00","dateModified":"2023-01-19T12:11:04+00:00","mainEntityOfPage":{"@id":"https:\/\/portfolio.glazboteka.com\/kcm\/godisnjica-premijere-fantasticne-drame-donnie-darko-redatelja-richarda-kellyja\/"},"wordCount":244,"commentCount":0,"publisher":{"@id":"https:\/\/portfolio.glazboteka.com\/kcm\/#organization"},"image":{"@id":"https:\/\/portfolio.glazboteka.com\/kcm\/godisnjica-premijere-fantasticne-drame-donnie-darko-redatelja-richarda-kellyja\/#primaryimage"},"thumbnailUrl":"https:\/\/portfolio.glazboteka.com\/kcm\/wp-content\/uploads\/2023\/01\/Donnie-Darko.jpg","keywords":["Donnie Darko","drama","Drew Barrymore","fantasti\u010dna drama","Jake Gyllenhaal","James Duval","Jena Malone","Katharine Ross","Maggie Gyllenhaal","Mary McDonnell","Noah Wyle","Patrick Swayze"],"articleSection":["Film","Umjetnost"],"inLanguage":"en-US","potentialAction":[{"@type":"CommentAction","name":"Comment","target":["https:\/\/portfolio.glazboteka.com\/kcm\/godisnjica-premijere-fantasticne-drame-donnie-darko-redatelja-richarda-kellyja\/#respond"]}]},{"@type":"WebPage","@id":"https:\/\/portfolio.glazboteka.com\/kcm\/godisnjica-premijere-fantasticne-drame-donnie-darko-redatelja-richarda-kellyja\/","url":"https:\/\/portfolio.glazboteka.com\/kcm\/godisnjica-premijere-fantasticne-drame-donnie-darko-redatelja-richarda-kellyja\/","name":"Godi\u0161njica premijere fantasti\u010dne drame Donnie Darko redatelja Richarda Kellyja - KCM","isPartOf":{"@id":"https:\/\/portfolio.glazboteka.com\/kcm\/#website"},"primaryImageOfPage":{"@id":"https:\/\/portfolio.glazboteka.com\/kcm\/godisnjica-premijere-fantasticne-drame-donnie-darko-redatelja-richarda-kellyja\/#primaryimage"},"image":{"@id":"https:\/\/portfolio.glazboteka.com\/kcm\/godisnjica-premijere-fantasticne-drame-donnie-darko-redatelja-richarda-kellyja\/#primaryimage"},"thumbnailUrl":"https:\/\/portfolio.glazboteka.com\/kcm\/wp-content\/uploads\/2023\/01\/Donnie-Darko.jpg","datePublished":"2023-01-19T12:10:57+00:00","dateModified":"2023-01-19T12:11:04+00:00","description":"Film je dobitnik \u010dak 11 me\u0111unarodnih filmskih nagrada, a zaradio je jo\u0161 osam nominacija.","inLanguage":"en-US","potentialAction":[{"@type":"ReadAction","target":["https:\/\/portfolio.glazboteka.com\/kcm\/godisnjica-premijere-fantasticne-drame-donnie-darko-redatelja-richarda-kellyja\/"]}]},{"@type":"ImageObject","inLanguage":"en-US","@id":"https:\/\/portfolio.glazboteka.com\/kcm\/godisnjica-premijere-fantasticne-drame-donnie-darko-redatelja-richarda-kellyja\/#primaryimage","url":"https:\/\/portfolio.glazboteka.com\/kcm\/wp-content\/uploads\/2023\/01\/Donnie-Darko.jpg","contentUrl":"https:\/\/portfolio.glazboteka.com\/kcm\/wp-content\/uploads\/2023\/01\/Donnie-Darko.jpg","width":1000,"height":1426},{"@type":"WebSite","@id":"https:\/\/portfolio.glazboteka.com\/kcm\/#website","url":"https:\/\/portfolio.glazboteka.com\/kcm\/","name":"KCM","description":"Kulturni centar Multimedija","publisher":{"@id":"https:\/\/portfolio.glazboteka.com\/kcm\/#organization"},"potentialAction":[{"@type":"SearchAction","target":{"@type":"EntryPoint","urlTemplate":"https:\/\/portfolio.glazboteka.com\/kcm\/?s={search_term_string}"},"query-input":{"@type":"PropertyValueSpecification","valueRequired":true,"valueName":"search_term_string"}}],"inLanguage":"en-US"},{"@type":"Organization","@id":"https:\/\/portfolio.glazboteka.com\/kcm\/#organization","name":"KCM","url":"https:\/\/portfolio.glazboteka.com\/kcm\/","logo":{"@type":"ImageObject","inLanguage":"en-US","@id":"https:\/\/portfolio.glazboteka.com\/kcm\/#\/schema\/logo\/image\/","url":"https:\/\/portfolio.glazboteka.com\/kcm\/wp-content\/uploads\/2022\/10\/KCM.jpg","contentUrl":"https:\/\/portfolio.glazboteka.com\/kcm\/wp-content\/uploads\/2022\/10\/KCM.jpg","width":476,"height":419,"caption":"KCM"},"image":{"@id":"https:\/\/portfolio.glazboteka.com\/kcm\/#\/schema\/logo\/image\/"},"sameAs":["https:\/\/www.facebook.com\/KCMedija\/","https:\/\/www.instagram.com\/kulturni_centar_mesnicka\/"]},{"@type":"Person","@id":"https:\/\/portfolio.glazboteka.com\/kcm\/#\/schema\/person\/cc28eab64249ba0ee0cd57119ad6cfb1","name":"admin","image":{"@type":"ImageObject","inLanguage":"en-US","@id":"https:\/\/portfolio.glazboteka.com\/kcm\/#\/schema\/person\/image\/","url":"https:\/\/secure.gravatar.com\/avatar\/adae78b005d32aabac5987ff3384a3c6da92fed0f1d86d3d250df8978a593a3f?s=96&d=mm&r=g","contentUrl":"https:\/\/secure.gravatar.com\/avatar\/adae78b005d32aabac5987ff3384a3c6da92fed0f1d86d3d250df8978a593a3f?s=96&d=mm&r=g","caption":"admin"},"sameAs":["https:\/\/portfolio.glazboteka.com\/kcm"],"url":"https:\/\/portfolio.glazboteka.com\/kcm\/author\/admin\/"}]}},"_links":{"self":[{"href":"https:\/\/portfolio.glazboteka.com\/kcm\/wp-json\/wp\/v2\/posts\/3304","targetHints":{"allow":["GET"]}}],"collection":[{"href":"https:\/\/portfolio.glazboteka.com\/kcm\/wp-json\/wp\/v2\/posts"}],"about":[{"href":"https:\/\/portfolio.glazboteka.com\/kcm\/wp-json\/wp\/v2\/types\/post"}],"author":[{"embeddable":true,"href":"https:\/\/portfolio.glazboteka.com\/kcm\/wp-json\/wp\/v2\/users\/1"}],"replies":[{"embeddable":true,"href":"https:\/\/portfolio.glazboteka.com\/kcm\/wp-json\/wp\/v2\/comments?post=3304"}],"version-history":[{"count":0,"href":"https:\/\/portfolio.glazboteka.com\/kcm\/wp-json\/wp\/v2\/posts\/3304\/revisions"}],"wp:featuredmedia":[{"embeddable":true,"href":"https:\/\/portfolio.glazboteka.com\/kcm\/wp-json\/wp\/v2\/media\/3305"}],"wp:attachment":[{"href":"https:\/\/portfolio.glazboteka.com\/kcm\/wp-json\/wp\/v2\/media?parent=3304"}],"wp:term":[{"taxonomy":"category","embeddable":true,"href":"https:\/\/portfolio.glazboteka.com\/kcm\/wp-json\/wp\/v2\/categories?post=3304"},{"taxonomy":"post_tag","embeddable":true,"href":"https:\/\/portfolio.glazboteka.com\/kcm\/wp-json\/wp\/v2\/tags?post=3304"}],"curies":[{"name":"wp","href":"https:\/\/api.w.org\/{rel}","templated":true}]}}