{"id":4269,"date":"2023-03-23T17:48:49","date_gmt":"2023-03-23T16:48:49","guid":{"rendered":"https:\/\/portfolio.glazboteka.com\/kcm\/?p=4269"},"modified":"2023-03-23T17:48:54","modified_gmt":"2023-03-23T16:48:54","slug":"godisnjica-premijere-komedije-policijska-akademija-hugha-wilsona","status":"publish","type":"post","link":"https:\/\/portfolio.glazboteka.com\/kcm\/godisnjica-premijere-komedije-policijska-akademija-hugha-wilsona\/","title":{"rendered":"Godi\u0161njica premijere komedije Policijska akademija Hugha Wilsona"},"content":{"rendered":"<p>Na dana\u0161nji dan, 23. o\u017eujka 1984. godine u ameri\u010dku kinodistribuciju pu\u0161tena je vje\u010dno popularna komedija &#8220;Policijska akademija&#8221; (<em>Police Academy<\/em>) koju je re\u017eirao Hugh Wilson.<\/p>\n<p>Odluka gradona\u010delnice da policijske akademije ubudu\u0107e imaju pravo poha\u0111ati ba\u0161 svi, bez obzira na tjelesnu spremu, stupanj inteligencije, visinu, te\u017einu i spol, policajce i instruktore s akademije zbunjenog zapovjednika Lassarda (George Gaynes) dovest \u0107e na sto muka. Me\u0111u \u0161arolikim mno\u0161tvom mladi\u0107a i djevojaka koji su se prijavili za novu klasu nalazi se i nekoliko pravih \u010dudaka. U stroju pred Lassardovim zamjenikom, poru\u010dnikom Thadeusom Harrisom (G. W. Bailey), nalaze se uistinu slikoviti tipovi. Uz obijesnog Careyja Mahoneyja (Steve Guttenberg), donedavnog radnika na autoparkingu koji je umjesto odlaska u zatvor zbog sitne nepodop\u0161tine radije odabrao &#8220;preodgoj&#8221; na akademiji, tu su visoki, \u0161utljivi i izuzetno sna\u017ean crnac Moses Hightower (Bubba Smith), gojazni, pla\u0161ljivi i nespretni Leslie Barbara (Donovan Scott), boja\u017eljiva i tiha Laverne Hooks (Marion Ramsey), ljubitelj oru\u017eja Eugene Tackleberry (David Graf), plahi Douglas Fackler (Bruce Mahler), zavodnik George Martin (Andrew Rubin) i temperamentni Larvell Jones (Michael Winslow), momak iznimno vje\u0161t u izvo\u0111enju raznih zvu\u010dnih efekata&#8230;<\/p>\n<p>Me\u0111u novim je polaznicima akademije i privla\u010dna Karen Thompson (Kim Cattrall), djevojka zbog koje \u0107e dosjetljivi Mahoney ubrzo odustati od vra\u0107anja u civilnu odje\u0107u. A tu su i kadeti Chad Copeland (Scott Thomson) i Kyle Blankes (Brant von Hoffman), de\u010dki koji poru\u010dniku Harrisu odlu\u010de pomo\u0107i u nepo\u0161tenoj eliminaciji svojih kolega&#8230;<\/p>\n<p>Godine 1984. kinopubliku neo\u010dekivano je osvojila nepretenciozna, le\u017eerna, pitka i prili\u010dno zabavna komedija &#8220;Policijska akademija&#8221;, dobrim dijelom naslonjena na poetiku serijala komedija poput &#8220;\u0160mokljana&#8221; i &#8220;Sladoleda od limuna&#8221;, koja se prometnula u svjetski hit, a sljede\u0107eg desetlje\u0107a dobila i jo\u0161 \u0161est nastavaka. Razlog tolikog uspjeha &#8220;Policijske akademije&#8221; ponajprije se krije u ma\u0161tovitosti autorske trojke filma, suscenarista Pata Profta (Moma\u010dka ve\u010der, Kakvi frajeri 1 i 2, Goli pi\u0161tolj 1-3, Mr. Magoo, Svemogu\u0107a misija, Mrak film 3 i 4) i Neala Israela (Gle tko to govori 2, serije Nash Bridges, Um o\u017eenjenog mu\u0161karca), te suscenarista i redatelja Hugha Wilsona (Guarding Tess, Klub prvih supruga, Ljubav iz pro\u0161losti, Dudley je zakon), koji su predvidjeli ukus publike i ponudili joj spoj bizarnih i pomaknutih karaktera, dobrodu\u0161nog i nerijetko vulgarnoga humora, uspjelih gegova i raspolo\u017eenih nastupa dotad anonimnih glumaca spremnih na autoironiju i ismijavanje vlastitih nedostataka.<\/p>\n<p><strong>Goran \u010celig<\/strong><\/p>\n","protected":false},"excerpt":{"rendered":"<p>Me\u0111u \u0161arolikim mno\u0161tvom mladi\u0107a i djevojaka koji su se prijavili za novu klasu nalazi se i nekoliko pravih \u010dudaka&#8230;<\/p>\n","protected":false},"author":1,"featured_media":4270,"comment_status":"open","ping_status":"open","sticky":false,"template":"","format":"standard","meta":{"ngg_post_thumbnail":0,"ocean_post_layout":"","ocean_both_sidebars_style":"","ocean_both_sidebars_content_width":0,"ocean_both_sidebars_sidebars_width":0,"ocean_sidebar":"0","ocean_second_sidebar":"0","ocean_disable_margins":"enable","ocean_add_body_class":"","ocean_shortcode_before_top_bar":"","ocean_shortcode_after_top_bar":"","ocean_shortcode_before_header":"","ocean_shortcode_after_header":"","ocean_has_shortcode":"","ocean_shortcode_after_title":"","ocean_shortcode_before_footer_widgets":"","ocean_shortcode_after_footer_widgets":"","ocean_shortcode_before_footer_bottom":"","ocean_shortcode_after_footer_bottom":"","ocean_display_top_bar":"default","ocean_display_header":"default","ocean_header_style":"","ocean_center_header_left_menu":"0","ocean_custom_header_template":"0","ocean_custom_logo":0,"ocean_custom_retina_logo":0,"ocean_custom_logo_max_width":0,"ocean_custom_logo_tablet_max_width":0,"ocean_custom_logo_mobile_max_width":0,"ocean_custom_logo_max_height":0,"ocean_custom_logo_tablet_max_height":0,"ocean_custom_logo_mobile_max_height":0,"ocean_header_custom_menu":"0","ocean_menu_typo_font_family":"0","ocean_menu_typo_font_subset":"","ocean_menu_typo_font_size":0,"ocean_menu_typo_font_size_tablet":0,"ocean_menu_typo_font_size_mobile":0,"ocean_menu_typo_font_size_unit":"px","ocean_menu_typo_font_weight":"","ocean_menu_typo_font_weight_tablet":"","ocean_menu_typo_font_weight_mobile":"","ocean_menu_typo_transform":"","ocean_menu_typo_transform_tablet":"","ocean_menu_typo_transform_mobile":"","ocean_menu_typo_line_height":0,"ocean_menu_typo_line_height_tablet":0,"ocean_menu_typo_line_height_mobile":0,"ocean_menu_typo_line_height_unit":"","ocean_menu_typo_spacing":0,"ocean_menu_typo_spacing_tablet":0,"ocean_menu_typo_spacing_mobile":0,"ocean_menu_typo_spacing_unit":"","ocean_menu_link_color":"","ocean_menu_link_color_hover":"","ocean_menu_link_color_active":"","ocean_menu_link_background":"","ocean_menu_link_hover_background":"","ocean_menu_link_active_background":"","ocean_menu_social_links_bg":"","ocean_menu_social_hover_links_bg":"","ocean_menu_social_links_color":"","ocean_menu_social_hover_links_color":"","ocean_disable_title":"default","ocean_disable_heading":"default","ocean_post_title":"","ocean_post_subheading":"","ocean_post_title_style":"","ocean_post_title_background_color":"","ocean_post_title_background":0,"ocean_post_title_bg_image_position":"","ocean_post_title_bg_image_attachment":"","ocean_post_title_bg_image_repeat":"","ocean_post_title_bg_image_size":"","ocean_post_title_height":0,"ocean_post_title_bg_overlay":0.5,"ocean_post_title_bg_overlay_color":"","ocean_disable_breadcrumbs":"default","ocean_breadcrumbs_color":"","ocean_breadcrumbs_separator_color":"","ocean_breadcrumbs_links_color":"","ocean_breadcrumbs_links_hover_color":"","ocean_display_footer_widgets":"default","ocean_display_footer_bottom":"default","ocean_custom_footer_template":"0","ocean_post_oembed":"","ocean_post_self_hosted_media":"","ocean_post_video_embed":"","ocean_link_format":"","ocean_link_format_target":"self","ocean_quote_format":"","ocean_quote_format_link":"post","ocean_gallery_link_images":"off","ocean_gallery_id":[],"footnotes":""},"categories":[53,227],"tags":[4454,4455,4449,4453,1910,4450,4451,4448,4447,4452],"class_list":["post-4269","post","type-post","status-publish","format-standard","has-post-thumbnail","hentry","category-film","category-umjetnost","tag-bubba-smith","tag-george-gaynes","tag-hugh-wilson","tag-kim-cattrall","tag-komedija","tag-neal-israel","tag-pat-proft","tag-police-academy","tag-policijska-akademija","tag-steve-guttenberg","entry","has-media"],"yoast_head":"<!-- This site is optimized with the Yoast SEO plugin v24.9 - https:\/\/yoast.com\/wordpress\/plugins\/seo\/ -->\n<title>Godi\u0161njica premijere komedije Policijska akademija Hugha Wilsona - KCM<\/title>\n<meta name=\"description\" content=\"Me\u0111u \u0161arolikim mno\u0161tvom mladi\u0107a i djevojaka koji su se prijavili za novu klasu nalazi se i nekoliko pravih \u010dudaka...\" \/>\n<meta name=\"robots\" content=\"index, follow, max-snippet:-1, max-image-preview:large, max-video-preview:-1\" \/>\n<link rel=\"canonical\" href=\"https:\/\/portfolio.glazboteka.com\/kcm\/godisnjica-premijere-komedije-policijska-akademija-hugha-wilsona\/\" \/>\n<meta property=\"og:locale\" content=\"en_US\" \/>\n<meta property=\"og:type\" content=\"article\" \/>\n<meta property=\"og:title\" content=\"Godi\u0161njica premijere komedije Policijska akademija Hugha Wilsona - KCM\" \/>\n<meta property=\"og:description\" content=\"Me\u0111u \u0161arolikim mno\u0161tvom mladi\u0107a i djevojaka koji su se prijavili za novu klasu nalazi se i nekoliko pravih \u010dudaka...\" \/>\n<meta property=\"og:url\" content=\"https:\/\/portfolio.glazboteka.com\/kcm\/godisnjica-premijere-komedije-policijska-akademija-hugha-wilsona\/\" \/>\n<meta property=\"og:site_name\" content=\"KCM\" \/>\n<meta property=\"article:publisher\" content=\"https:\/\/www.facebook.com\/KCMedija\/\" \/>\n<meta property=\"article:published_time\" content=\"2023-03-23T16:48:49+00:00\" \/>\n<meta property=\"article:modified_time\" content=\"2023-03-23T16:48:54+00:00\" \/>\n<meta property=\"og:image\" content=\"https:\/\/portfolio.glazboteka.com\/kcm\/wp-content\/uploads\/2023\/03\/Policijska-akademija.jpg\" \/>\n\t<meta property=\"og:image:width\" content=\"1443\" \/>\n\t<meta property=\"og:image:height\" content=\"2048\" \/>\n\t<meta property=\"og:image:type\" content=\"image\/jpeg\" \/>\n<meta name=\"author\" content=\"admin\" \/>\n<meta name=\"twitter:card\" content=\"summary_large_image\" \/>\n<meta name=\"twitter:label1\" content=\"Written by\" \/>\n\t<meta name=\"twitter:data1\" content=\"admin\" \/>\n\t<meta name=\"twitter:label2\" content=\"Est. reading time\" \/>\n\t<meta name=\"twitter:data2\" content=\"2 minutes\" \/>\n<script type=\"application\/ld+json\" class=\"yoast-schema-graph\">{\"@context\":\"https:\/\/schema.org\",\"@graph\":[{\"@type\":\"Article\",\"@id\":\"https:\/\/portfolio.glazboteka.com\/kcm\/godisnjica-premijere-komedije-policijska-akademija-hugha-wilsona\/#article\",\"isPartOf\":{\"@id\":\"https:\/\/portfolio.glazboteka.com\/kcm\/godisnjica-premijere-komedije-policijska-akademija-hugha-wilsona\/\"},\"author\":{\"name\":\"admin\",\"@id\":\"https:\/\/portfolio.glazboteka.com\/kcm\/#\/schema\/person\/cc28eab64249ba0ee0cd57119ad6cfb1\"},\"headline\":\"Godi\u0161njica premijere komedije Policijska akademija Hugha Wilsona\",\"datePublished\":\"2023-03-23T16:48:49+00:00\",\"dateModified\":\"2023-03-23T16:48:54+00:00\",\"mainEntityOfPage\":{\"@id\":\"https:\/\/portfolio.glazboteka.com\/kcm\/godisnjica-premijere-komedije-policijska-akademija-hugha-wilsona\/\"},\"wordCount\":416,\"commentCount\":0,\"publisher\":{\"@id\":\"https:\/\/portfolio.glazboteka.com\/kcm\/#organization\"},\"image\":{\"@id\":\"https:\/\/portfolio.glazboteka.com\/kcm\/godisnjica-premijere-komedije-policijska-akademija-hugha-wilsona\/#primaryimage\"},\"thumbnailUrl\":\"https:\/\/portfolio.glazboteka.com\/kcm\/wp-content\/uploads\/2023\/03\/Policijska-akademija.jpg\",\"keywords\":[\"Bubba Smith\",\"George Gaynes\",\"Hugh Wilson\",\"Kim Cattrall\",\"komedija\",\"Neal Israel\",\"Pat Proft\",\"Police Academy\",\"Policijska akademija\",\"Steve Guttenberg\"],\"articleSection\":[\"Film\",\"Umjetnost\"],\"inLanguage\":\"en-US\",\"potentialAction\":[{\"@type\":\"CommentAction\",\"name\":\"Comment\",\"target\":[\"https:\/\/portfolio.glazboteka.com\/kcm\/godisnjica-premijere-komedije-policijska-akademija-hugha-wilsona\/#respond\"]}]},{\"@type\":\"WebPage\",\"@id\":\"https:\/\/portfolio.glazboteka.com\/kcm\/godisnjica-premijere-komedije-policijska-akademija-hugha-wilsona\/\",\"url\":\"https:\/\/portfolio.glazboteka.com\/kcm\/godisnjica-premijere-komedije-policijska-akademija-hugha-wilsona\/\",\"name\":\"Godi\u0161njica premijere komedije Policijska akademija Hugha Wilsona - KCM\",\"isPartOf\":{\"@id\":\"https:\/\/portfolio.glazboteka.com\/kcm\/#website\"},\"primaryImageOfPage\":{\"@id\":\"https:\/\/portfolio.glazboteka.com\/kcm\/godisnjica-premijere-komedije-policijska-akademija-hugha-wilsona\/#primaryimage\"},\"image\":{\"@id\":\"https:\/\/portfolio.glazboteka.com\/kcm\/godisnjica-premijere-komedije-policijska-akademija-hugha-wilsona\/#primaryimage\"},\"thumbnailUrl\":\"https:\/\/portfolio.glazboteka.com\/kcm\/wp-content\/uploads\/2023\/03\/Policijska-akademija.jpg\",\"datePublished\":\"2023-03-23T16:48:49+00:00\",\"dateModified\":\"2023-03-23T16:48:54+00:00\",\"description\":\"Me\u0111u \u0161arolikim mno\u0161tvom mladi\u0107a i djevojaka koji su se prijavili za novu klasu nalazi se i nekoliko pravih \u010dudaka...\",\"inLanguage\":\"en-US\",\"potentialAction\":[{\"@type\":\"ReadAction\",\"target\":[\"https:\/\/portfolio.glazboteka.com\/kcm\/godisnjica-premijere-komedije-policijska-akademija-hugha-wilsona\/\"]}]},{\"@type\":\"ImageObject\",\"inLanguage\":\"en-US\",\"@id\":\"https:\/\/portfolio.glazboteka.com\/kcm\/godisnjica-premijere-komedije-policijska-akademija-hugha-wilsona\/#primaryimage\",\"url\":\"https:\/\/portfolio.glazboteka.com\/kcm\/wp-content\/uploads\/2023\/03\/Policijska-akademija.jpg\",\"contentUrl\":\"https:\/\/portfolio.glazboteka.com\/kcm\/wp-content\/uploads\/2023\/03\/Policijska-akademija.jpg\",\"width\":1443,\"height\":2048},{\"@type\":\"WebSite\",\"@id\":\"https:\/\/portfolio.glazboteka.com\/kcm\/#website\",\"url\":\"https:\/\/portfolio.glazboteka.com\/kcm\/\",\"name\":\"KCM\",\"description\":\"Kulturni centar Multimedija\",\"publisher\":{\"@id\":\"https:\/\/portfolio.glazboteka.com\/kcm\/#organization\"},\"potentialAction\":[{\"@type\":\"SearchAction\",\"target\":{\"@type\":\"EntryPoint\",\"urlTemplate\":\"https:\/\/portfolio.glazboteka.com\/kcm\/?s={search_term_string}\"},\"query-input\":{\"@type\":\"PropertyValueSpecification\",\"valueRequired\":true,\"valueName\":\"search_term_string\"}}],\"inLanguage\":\"en-US\"},{\"@type\":\"Organization\",\"@id\":\"https:\/\/portfolio.glazboteka.com\/kcm\/#organization\",\"name\":\"KCM\",\"url\":\"https:\/\/portfolio.glazboteka.com\/kcm\/\",\"logo\":{\"@type\":\"ImageObject\",\"inLanguage\":\"en-US\",\"@id\":\"https:\/\/portfolio.glazboteka.com\/kcm\/#\/schema\/logo\/image\/\",\"url\":\"https:\/\/portfolio.glazboteka.com\/kcm\/wp-content\/uploads\/2022\/10\/KCM.jpg\",\"contentUrl\":\"https:\/\/portfolio.glazboteka.com\/kcm\/wp-content\/uploads\/2022\/10\/KCM.jpg\",\"width\":476,\"height\":419,\"caption\":\"KCM\"},\"image\":{\"@id\":\"https:\/\/portfolio.glazboteka.com\/kcm\/#\/schema\/logo\/image\/\"},\"sameAs\":[\"https:\/\/www.facebook.com\/KCMedija\/\",\"https:\/\/www.instagram.com\/kulturni_centar_mesnicka\/\"]},{\"@type\":\"Person\",\"@id\":\"https:\/\/portfolio.glazboteka.com\/kcm\/#\/schema\/person\/cc28eab64249ba0ee0cd57119ad6cfb1\",\"name\":\"admin\",\"image\":{\"@type\":\"ImageObject\",\"inLanguage\":\"en-US\",\"@id\":\"https:\/\/portfolio.glazboteka.com\/kcm\/#\/schema\/person\/image\/\",\"url\":\"https:\/\/secure.gravatar.com\/avatar\/adae78b005d32aabac5987ff3384a3c6da92fed0f1d86d3d250df8978a593a3f?s=96&d=mm&r=g\",\"contentUrl\":\"https:\/\/secure.gravatar.com\/avatar\/adae78b005d32aabac5987ff3384a3c6da92fed0f1d86d3d250df8978a593a3f?s=96&d=mm&r=g\",\"caption\":\"admin\"},\"sameAs\":[\"https:\/\/portfolio.glazboteka.com\/kcm\"],\"url\":\"https:\/\/portfolio.glazboteka.com\/kcm\/author\/admin\/\"}]}<\/script>\n<!-- \/ Yoast SEO plugin. -->","yoast_head_json":{"title":"Godi\u0161njica premijere komedije Policijska akademija Hugha Wilsona - KCM","description":"Me\u0111u \u0161arolikim mno\u0161tvom mladi\u0107a i djevojaka koji su se prijavili za novu klasu nalazi se i nekoliko pravih \u010dudaka...","robots":{"index":"index","follow":"follow","max-snippet":"max-snippet:-1","max-image-preview":"max-image-preview:large","max-video-preview":"max-video-preview:-1"},"canonical":"https:\/\/portfolio.glazboteka.com\/kcm\/godisnjica-premijere-komedije-policijska-akademija-hugha-wilsona\/","og_locale":"en_US","og_type":"article","og_title":"Godi\u0161njica premijere komedije Policijska akademija Hugha Wilsona - KCM","og_description":"Me\u0111u \u0161arolikim mno\u0161tvom mladi\u0107a i djevojaka koji su se prijavili za novu klasu nalazi se i nekoliko pravih \u010dudaka...","og_url":"https:\/\/portfolio.glazboteka.com\/kcm\/godisnjica-premijere-komedije-policijska-akademija-hugha-wilsona\/","og_site_name":"KCM","article_publisher":"https:\/\/www.facebook.com\/KCMedija\/","article_published_time":"2023-03-23T16:48:49+00:00","article_modified_time":"2023-03-23T16:48:54+00:00","og_image":[{"width":1443,"height":2048,"url":"https:\/\/portfolio.glazboteka.com\/kcm\/wp-content\/uploads\/2023\/03\/Policijska-akademija.jpg","type":"image\/jpeg"}],"author":"admin","twitter_card":"summary_large_image","twitter_misc":{"Written by":"admin","Est. reading time":"2 minutes"},"schema":{"@context":"https:\/\/schema.org","@graph":[{"@type":"Article","@id":"https:\/\/portfolio.glazboteka.com\/kcm\/godisnjica-premijere-komedije-policijska-akademija-hugha-wilsona\/#article","isPartOf":{"@id":"https:\/\/portfolio.glazboteka.com\/kcm\/godisnjica-premijere-komedije-policijska-akademija-hugha-wilsona\/"},"author":{"name":"admin","@id":"https:\/\/portfolio.glazboteka.com\/kcm\/#\/schema\/person\/cc28eab64249ba0ee0cd57119ad6cfb1"},"headline":"Godi\u0161njica premijere komedije Policijska akademija Hugha Wilsona","datePublished":"2023-03-23T16:48:49+00:00","dateModified":"2023-03-23T16:48:54+00:00","mainEntityOfPage":{"@id":"https:\/\/portfolio.glazboteka.com\/kcm\/godisnjica-premijere-komedije-policijska-akademija-hugha-wilsona\/"},"wordCount":416,"commentCount":0,"publisher":{"@id":"https:\/\/portfolio.glazboteka.com\/kcm\/#organization"},"image":{"@id":"https:\/\/portfolio.glazboteka.com\/kcm\/godisnjica-premijere-komedije-policijska-akademija-hugha-wilsona\/#primaryimage"},"thumbnailUrl":"https:\/\/portfolio.glazboteka.com\/kcm\/wp-content\/uploads\/2023\/03\/Policijska-akademija.jpg","keywords":["Bubba Smith","George Gaynes","Hugh Wilson","Kim Cattrall","komedija","Neal Israel","Pat Proft","Police Academy","Policijska akademija","Steve Guttenberg"],"articleSection":["Film","Umjetnost"],"inLanguage":"en-US","potentialAction":[{"@type":"CommentAction","name":"Comment","target":["https:\/\/portfolio.glazboteka.com\/kcm\/godisnjica-premijere-komedije-policijska-akademija-hugha-wilsona\/#respond"]}]},{"@type":"WebPage","@id":"https:\/\/portfolio.glazboteka.com\/kcm\/godisnjica-premijere-komedije-policijska-akademija-hugha-wilsona\/","url":"https:\/\/portfolio.glazboteka.com\/kcm\/godisnjica-premijere-komedije-policijska-akademija-hugha-wilsona\/","name":"Godi\u0161njica premijere komedije Policijska akademija Hugha Wilsona - KCM","isPartOf":{"@id":"https:\/\/portfolio.glazboteka.com\/kcm\/#website"},"primaryImageOfPage":{"@id":"https:\/\/portfolio.glazboteka.com\/kcm\/godisnjica-premijere-komedije-policijska-akademija-hugha-wilsona\/#primaryimage"},"image":{"@id":"https:\/\/portfolio.glazboteka.com\/kcm\/godisnjica-premijere-komedije-policijska-akademija-hugha-wilsona\/#primaryimage"},"thumbnailUrl":"https:\/\/portfolio.glazboteka.com\/kcm\/wp-content\/uploads\/2023\/03\/Policijska-akademija.jpg","datePublished":"2023-03-23T16:48:49+00:00","dateModified":"2023-03-23T16:48:54+00:00","description":"Me\u0111u \u0161arolikim mno\u0161tvom mladi\u0107a i djevojaka koji su se prijavili za novu klasu nalazi se i nekoliko pravih \u010dudaka...","inLanguage":"en-US","potentialAction":[{"@type":"ReadAction","target":["https:\/\/portfolio.glazboteka.com\/kcm\/godisnjica-premijere-komedije-policijska-akademija-hugha-wilsona\/"]}]},{"@type":"ImageObject","inLanguage":"en-US","@id":"https:\/\/portfolio.glazboteka.com\/kcm\/godisnjica-premijere-komedije-policijska-akademija-hugha-wilsona\/#primaryimage","url":"https:\/\/portfolio.glazboteka.com\/kcm\/wp-content\/uploads\/2023\/03\/Policijska-akademija.jpg","contentUrl":"https:\/\/portfolio.glazboteka.com\/kcm\/wp-content\/uploads\/2023\/03\/Policijska-akademija.jpg","width":1443,"height":2048},{"@type":"WebSite","@id":"https:\/\/portfolio.glazboteka.com\/kcm\/#website","url":"https:\/\/portfolio.glazboteka.com\/kcm\/","name":"KCM","description":"Kulturni centar Multimedija","publisher":{"@id":"https:\/\/portfolio.glazboteka.com\/kcm\/#organization"},"potentialAction":[{"@type":"SearchAction","target":{"@type":"EntryPoint","urlTemplate":"https:\/\/portfolio.glazboteka.com\/kcm\/?s={search_term_string}"},"query-input":{"@type":"PropertyValueSpecification","valueRequired":true,"valueName":"search_term_string"}}],"inLanguage":"en-US"},{"@type":"Organization","@id":"https:\/\/portfolio.glazboteka.com\/kcm\/#organization","name":"KCM","url":"https:\/\/portfolio.glazboteka.com\/kcm\/","logo":{"@type":"ImageObject","inLanguage":"en-US","@id":"https:\/\/portfolio.glazboteka.com\/kcm\/#\/schema\/logo\/image\/","url":"https:\/\/portfolio.glazboteka.com\/kcm\/wp-content\/uploads\/2022\/10\/KCM.jpg","contentUrl":"https:\/\/portfolio.glazboteka.com\/kcm\/wp-content\/uploads\/2022\/10\/KCM.jpg","width":476,"height":419,"caption":"KCM"},"image":{"@id":"https:\/\/portfolio.glazboteka.com\/kcm\/#\/schema\/logo\/image\/"},"sameAs":["https:\/\/www.facebook.com\/KCMedija\/","https:\/\/www.instagram.com\/kulturni_centar_mesnicka\/"]},{"@type":"Person","@id":"https:\/\/portfolio.glazboteka.com\/kcm\/#\/schema\/person\/cc28eab64249ba0ee0cd57119ad6cfb1","name":"admin","image":{"@type":"ImageObject","inLanguage":"en-US","@id":"https:\/\/portfolio.glazboteka.com\/kcm\/#\/schema\/person\/image\/","url":"https:\/\/secure.gravatar.com\/avatar\/adae78b005d32aabac5987ff3384a3c6da92fed0f1d86d3d250df8978a593a3f?s=96&d=mm&r=g","contentUrl":"https:\/\/secure.gravatar.com\/avatar\/adae78b005d32aabac5987ff3384a3c6da92fed0f1d86d3d250df8978a593a3f?s=96&d=mm&r=g","caption":"admin"},"sameAs":["https:\/\/portfolio.glazboteka.com\/kcm"],"url":"https:\/\/portfolio.glazboteka.com\/kcm\/author\/admin\/"}]}},"_links":{"self":[{"href":"https:\/\/portfolio.glazboteka.com\/kcm\/wp-json\/wp\/v2\/posts\/4269","targetHints":{"allow":["GET"]}}],"collection":[{"href":"https:\/\/portfolio.glazboteka.com\/kcm\/wp-json\/wp\/v2\/posts"}],"about":[{"href":"https:\/\/portfolio.glazboteka.com\/kcm\/wp-json\/wp\/v2\/types\/post"}],"author":[{"embeddable":true,"href":"https:\/\/portfolio.glazboteka.com\/kcm\/wp-json\/wp\/v2\/users\/1"}],"replies":[{"embeddable":true,"href":"https:\/\/portfolio.glazboteka.com\/kcm\/wp-json\/wp\/v2\/comments?post=4269"}],"version-history":[{"count":0,"href":"https:\/\/portfolio.glazboteka.com\/kcm\/wp-json\/wp\/v2\/posts\/4269\/revisions"}],"wp:featuredmedia":[{"embeddable":true,"href":"https:\/\/portfolio.glazboteka.com\/kcm\/wp-json\/wp\/v2\/media\/4270"}],"wp:attachment":[{"href":"https:\/\/portfolio.glazboteka.com\/kcm\/wp-json\/wp\/v2\/media?parent=4269"}],"wp:term":[{"taxonomy":"category","embeddable":true,"href":"https:\/\/portfolio.glazboteka.com\/kcm\/wp-json\/wp\/v2\/categories?post=4269"},{"taxonomy":"post_tag","embeddable":true,"href":"https:\/\/portfolio.glazboteka.com\/kcm\/wp-json\/wp\/v2\/tags?post=4269"}],"curies":[{"name":"wp","href":"https:\/\/api.w.org\/{rel}","templated":true}]}}