{"id":4415,"date":"2023-02-04T11:22:25","date_gmt":"2023-02-04T10:22:25","guid":{"rendered":"https:\/\/portfolio.glazboteka.com\/kcm\/?p=4415"},"modified":"2023-11-08T20:02:52","modified_gmt":"2023-11-08T19:02:52","slug":"godisnjica-objavljivanja-albuma-s-vetrom-uz-lice-beogradskog-sastava-ekatarina-velika","status":"publish","type":"post","link":"https:\/\/portfolio.glazboteka.com\/kcm\/godisnjica-objavljivanja-albuma-s-vetrom-uz-lice-beogradskog-sastava-ekatarina-velika\/","title":{"rendered":"Godi\u0161njica objavljivanja albuma S&#8217; vetrom uz lice beogradskog sastava Ekatarina Velika"},"content":{"rendered":"<p>Na dana\u0161nji dan, 4. velja\u010de 1986. godine objavljen je \u010duveni album &#8220;S&#8217; vetrom uz lice&#8221; (sic!) beogradske grupe Ekatarina Velika. Izdan pod okriljem ZKP-RTVL-a, bio je to drugi album koji je nosio ime Ekatarina Velika i tre\u0107i ukupno, na kojem je bend odlu\u010dio zamijeniti alternativnu hermeti\u010dnost bogatim i dopadljivijim aran\u017emanima, \u010dime su, vjerojatno nesvjesno, zapo\u010deli mit koji na ovim prostorima traje i dandanas.<\/p>\n<p>Grupa je provodila sate pi\u0161u\u0107i i usavr\u0161avaju\u0107i materijal namjerno vi\u0161e komercijalnoga zvuka. Iako i dalje iskreni u svojim tekstovima i emociji, ovaj su put imali jasniju ideju kako privu\u0107i \u010dvrstu i definiranu publiku. Milan Mladenovi\u0107 opisao je proces stvaranja kao vje\u017ebu razli\u010ditih glazbenih stilova, gdje je bend na svaku pjesmu gledao kao na zaseban svijet. Ska\u010du\u0107i iz jednoga od tih svjetova u drugi, bend je snimio devet visokokvalitetnih pjesama izme\u0111u kojih su se nekako uvijek izdvajale (kao hitovi) &#8220;Budi sam na ulici&#8221;, &#8220;Novac u rukama&#8221;, &#8220;Ti si sav moj bol&#8221; i &#8220;Stvaran svet oko mene&#8221;.<\/p>\n<p>U tipi\u010dnom stilu Mladenovi\u0107eva pjesni\u0161tva, i te su pjesme pune introspektivnih i filozofskih slika. Ipak, u usporedbi s pjesmama s prva dva albuma, na novom albumu poruke su lak\u0161e razumljive iako su i dalje sposobne potaknuti slu\u0161atelja na razmi\u0161ljanje. No Ivan Fece Fir\u010di, dotada\u0161nji bubnjar, nije odobravao taj novi smjer, zbog \u010dega napu\u0161ta bend, pa se sastavu pridru\u017euje Ivan Rankovi\u0107 Raka.<\/p>\n<p>&#8220;S&#8217; vetrom uz lice&#8221; snimljen je i miksan po\u010detkom 1986. godine u zagreba\u010dkom studiju SIM, za \u0161to je zaslu\u017ean Dragan \u010ca\u010dinovi\u0107 \u010ca\u010d, koji ujedno potpisuje produkciju, a koprodukcijom pozabavili su se Milan i Margita. Sve tekstove pjesama napisao je Milan osim finalne pjesme &#8220;Grad&#8221;, koju supotpisuje s Magi i Bojanom. Iza glazbe i aran\u017emana stoji cijeli bend, fotografije je snimio Sr\u0111an Vejvoda, a omot albuma kreirala je Margita. Snimljen je u sljede\u0107oj postavi: Milan Mladenovi\u0107 (gitare, vokal), Margita Stefanovi\u0107 (klavir, klavijature), Bojan Pe\u010dar (bas) te novi \u010dlan Ivan Rankovi\u0107 Raka (bubnjevi), a kao gosti pojavili su se Stanko Jazbu\u0161i\u0107 (emulator II), Rista, Alceo, Cober i Mirage \u2013 Senad.<\/p>\n<p>Popis pjesama: 1. Budi sam na ulici | 2. Ti si sav moj bol | 3. Kao da je bilo nekad | 4. Umorna | 5. Novac u rukama | 6. Sarajevo | 7. Stvaran svet oko mene | 8. Soba | 9. Grad.<\/p>\n<p><strong>Goran \u010celig<\/strong><\/p>\n","protected":false},"excerpt":{"rendered":"<p>Kao hitovi izdvajale su se pjesme &#8220;Budi sam na ulici&#8221;, &#8220;Novac u rukama&#8221;, &#8220;Ti si sav moj bol&#8221; i &#8220;Stvaran svet oko mene&#8221;.<\/p>\n","protected":false},"author":1,"featured_media":4417,"comment_status":"open","ping_status":"open","sticky":false,"template":"","format":"standard","meta":{"ngg_post_thumbnail":0,"ocean_post_layout":"","ocean_both_sidebars_style":"","ocean_both_sidebars_content_width":0,"ocean_both_sidebars_sidebars_width":0,"ocean_sidebar":"0","ocean_second_sidebar":"0","ocean_disable_margins":"enable","ocean_add_body_class":"","ocean_shortcode_before_top_bar":"","ocean_shortcode_after_top_bar":"","ocean_shortcode_before_header":"","ocean_shortcode_after_header":"","ocean_has_shortcode":"","ocean_shortcode_after_title":"","ocean_shortcode_before_footer_widgets":"","ocean_shortcode_after_footer_widgets":"","ocean_shortcode_before_footer_bottom":"","ocean_shortcode_after_footer_bottom":"","ocean_display_top_bar":"default","ocean_display_header":"default","ocean_header_style":"","ocean_center_header_left_menu":"0","ocean_custom_header_template":"0","ocean_custom_logo":0,"ocean_custom_retina_logo":0,"ocean_custom_logo_max_width":0,"ocean_custom_logo_tablet_max_width":0,"ocean_custom_logo_mobile_max_width":0,"ocean_custom_logo_max_height":0,"ocean_custom_logo_tablet_max_height":0,"ocean_custom_logo_mobile_max_height":0,"ocean_header_custom_menu":"0","ocean_menu_typo_font_family":"0","ocean_menu_typo_font_subset":"","ocean_menu_typo_font_size":0,"ocean_menu_typo_font_size_tablet":0,"ocean_menu_typo_font_size_mobile":0,"ocean_menu_typo_font_size_unit":"px","ocean_menu_typo_font_weight":"","ocean_menu_typo_font_weight_tablet":"","ocean_menu_typo_font_weight_mobile":"","ocean_menu_typo_transform":"","ocean_menu_typo_transform_tablet":"","ocean_menu_typo_transform_mobile":"","ocean_menu_typo_line_height":0,"ocean_menu_typo_line_height_tablet":0,"ocean_menu_typo_line_height_mobile":0,"ocean_menu_typo_line_height_unit":"","ocean_menu_typo_spacing":0,"ocean_menu_typo_spacing_tablet":0,"ocean_menu_typo_spacing_mobile":0,"ocean_menu_typo_spacing_unit":"","ocean_menu_link_color":"","ocean_menu_link_color_hover":"","ocean_menu_link_color_active":"","ocean_menu_link_background":"","ocean_menu_link_hover_background":"","ocean_menu_link_active_background":"","ocean_menu_social_links_bg":"","ocean_menu_social_hover_links_bg":"","ocean_menu_social_links_color":"","ocean_menu_social_hover_links_color":"","ocean_disable_title":"default","ocean_disable_heading":"default","ocean_post_title":"","ocean_post_subheading":"","ocean_post_title_style":"","ocean_post_title_background_color":"","ocean_post_title_background":0,"ocean_post_title_bg_image_position":"","ocean_post_title_bg_image_attachment":"","ocean_post_title_bg_image_repeat":"","ocean_post_title_bg_image_size":"","ocean_post_title_height":0,"ocean_post_title_bg_overlay":0.5,"ocean_post_title_bg_overlay_color":"","ocean_disable_breadcrumbs":"default","ocean_breadcrumbs_color":"","ocean_breadcrumbs_separator_color":"","ocean_breadcrumbs_links_color":"","ocean_breadcrumbs_links_hover_color":"","ocean_display_footer_widgets":"default","ocean_display_footer_bottom":"default","ocean_custom_footer_template":"0","ocean_post_oembed":"","ocean_post_self_hosted_media":"","ocean_post_video_embed":"","ocean_link_format":"","ocean_link_format_target":"self","ocean_quote_format":"","ocean_quote_format_link":"post","ocean_gallery_link_images":"off","ocean_gallery_id":[],"footnotes":""},"categories":[4,227],"tags":[1111,2171,4590,2168,2175,4441,2172,2170,2169,558,2174,4591],"class_list":["post-4415","post","type-post","status-publish","format-standard","has-post-thumbnail","hentry","category-glazba","category-umjetnost","tag-alternativni-rock","tag-bojan-pecar","tag-dragan-cacinovic-cac","tag-ekatarina-velika","tag-ekv","tag-ivan-fece","tag-ivan-rankovic-raka","tag-margita-stefanovic","tag-milan-mladenovic","tag-rock","tag-s-vetrom-uz-lice","tag-srdan-vejvoda","entry","has-media"],"yoast_head":"<!-- This site is optimized with the Yoast SEO plugin v24.9 - https:\/\/yoast.com\/wordpress\/plugins\/seo\/ -->\n<title>Godi\u0161njica objavljivanja albuma S&#039; vetrom uz lice beogradskog sastava Ekatarina Velika - KCM<\/title>\n<meta name=\"description\" content=\"Kao hitovi izdvajale su se pjesme &quot;Budi sam na ulici&quot;, &quot;Novac u rukama&quot;, &quot;Ti si sav moj bol&quot; i &quot;Stvaran svet oko mene&quot;.\" \/>\n<meta name=\"robots\" content=\"index, follow, max-snippet:-1, max-image-preview:large, max-video-preview:-1\" \/>\n<link rel=\"canonical\" href=\"https:\/\/portfolio.glazboteka.com\/kcm\/godisnjica-objavljivanja-albuma-s-vetrom-uz-lice-beogradskog-sastava-ekatarina-velika\/\" \/>\n<meta property=\"og:locale\" content=\"en_US\" \/>\n<meta property=\"og:type\" content=\"article\" \/>\n<meta property=\"og:title\" content=\"Godi\u0161njica objavljivanja albuma S&#039; vetrom uz lice beogradskog sastava Ekatarina Velika - KCM\" \/>\n<meta property=\"og:description\" content=\"Kao hitovi izdvajale su se pjesme &quot;Budi sam na ulici&quot;, &quot;Novac u rukama&quot;, &quot;Ti si sav moj bol&quot; i &quot;Stvaran svet oko mene&quot;.\" \/>\n<meta property=\"og:url\" content=\"https:\/\/portfolio.glazboteka.com\/kcm\/godisnjica-objavljivanja-albuma-s-vetrom-uz-lice-beogradskog-sastava-ekatarina-velika\/\" \/>\n<meta property=\"og:site_name\" content=\"KCM\" \/>\n<meta property=\"article:publisher\" content=\"https:\/\/www.facebook.com\/KCMedija\/\" \/>\n<meta property=\"article:published_time\" content=\"2023-02-04T10:22:25+00:00\" \/>\n<meta property=\"article:modified_time\" content=\"2023-11-08T19:02:52+00:00\" \/>\n<meta property=\"og:image\" content=\"https:\/\/portfolio.glazboteka.com\/kcm\/wp-content\/uploads\/2023\/02\/S-vetrom-uz-lice.jpg\" \/>\n\t<meta property=\"og:image:width\" content=\"1000\" \/>\n\t<meta property=\"og:image:height\" content=\"1000\" \/>\n\t<meta property=\"og:image:type\" content=\"image\/jpeg\" \/>\n<meta name=\"author\" content=\"admin\" \/>\n<meta name=\"twitter:card\" content=\"summary_large_image\" \/>\n<meta name=\"twitter:label1\" content=\"Written by\" \/>\n\t<meta name=\"twitter:data1\" content=\"admin\" \/>\n\t<meta name=\"twitter:label2\" content=\"Est. reading time\" \/>\n\t<meta name=\"twitter:data2\" content=\"2 minutes\" \/>\n<script type=\"application\/ld+json\" class=\"yoast-schema-graph\">{\"@context\":\"https:\/\/schema.org\",\"@graph\":[{\"@type\":\"Article\",\"@id\":\"https:\/\/portfolio.glazboteka.com\/kcm\/godisnjica-objavljivanja-albuma-s-vetrom-uz-lice-beogradskog-sastava-ekatarina-velika\/#article\",\"isPartOf\":{\"@id\":\"https:\/\/portfolio.glazboteka.com\/kcm\/godisnjica-objavljivanja-albuma-s-vetrom-uz-lice-beogradskog-sastava-ekatarina-velika\/\"},\"author\":{\"name\":\"admin\",\"@id\":\"https:\/\/portfolio.glazboteka.com\/kcm\/#\/schema\/person\/cc28eab64249ba0ee0cd57119ad6cfb1\"},\"headline\":\"Godi\u0161njica objavljivanja albuma S&#8217; vetrom uz lice beogradskog sastava Ekatarina Velika\",\"datePublished\":\"2023-02-04T10:22:25+00:00\",\"dateModified\":\"2023-11-08T19:02:52+00:00\",\"mainEntityOfPage\":{\"@id\":\"https:\/\/portfolio.glazboteka.com\/kcm\/godisnjica-objavljivanja-albuma-s-vetrom-uz-lice-beogradskog-sastava-ekatarina-velika\/\"},\"wordCount\":401,\"commentCount\":0,\"publisher\":{\"@id\":\"https:\/\/portfolio.glazboteka.com\/kcm\/#organization\"},\"image\":{\"@id\":\"https:\/\/portfolio.glazboteka.com\/kcm\/godisnjica-objavljivanja-albuma-s-vetrom-uz-lice-beogradskog-sastava-ekatarina-velika\/#primaryimage\"},\"thumbnailUrl\":\"https:\/\/portfolio.glazboteka.com\/kcm\/wp-content\/uploads\/2023\/02\/S-vetrom-uz-lice.jpg\",\"keywords\":[\"alternativni rock\",\"Bojan Pe\u010dar\",\"Dragan \u010ca\u010dinovi\u0107 \u010ca\u010d\",\"Ekatarina Velika\",\"EKV\",\"Ivan Fece\",\"Ivan Rankovi\u0107 Raka\",\"Margita Stefanovi\u0107\",\"Milan Mladenovi\u0107\",\"rock\",\"S' vetrom uz lice\",\"Sr\u0111an Vejvoda\"],\"articleSection\":[\"Glazba\",\"Umjetnost\"],\"inLanguage\":\"en-US\",\"potentialAction\":[{\"@type\":\"CommentAction\",\"name\":\"Comment\",\"target\":[\"https:\/\/portfolio.glazboteka.com\/kcm\/godisnjica-objavljivanja-albuma-s-vetrom-uz-lice-beogradskog-sastava-ekatarina-velika\/#respond\"]}]},{\"@type\":\"WebPage\",\"@id\":\"https:\/\/portfolio.glazboteka.com\/kcm\/godisnjica-objavljivanja-albuma-s-vetrom-uz-lice-beogradskog-sastava-ekatarina-velika\/\",\"url\":\"https:\/\/portfolio.glazboteka.com\/kcm\/godisnjica-objavljivanja-albuma-s-vetrom-uz-lice-beogradskog-sastava-ekatarina-velika\/\",\"name\":\"Godi\u0161njica objavljivanja albuma S' vetrom uz lice beogradskog sastava Ekatarina Velika - KCM\",\"isPartOf\":{\"@id\":\"https:\/\/portfolio.glazboteka.com\/kcm\/#website\"},\"primaryImageOfPage\":{\"@id\":\"https:\/\/portfolio.glazboteka.com\/kcm\/godisnjica-objavljivanja-albuma-s-vetrom-uz-lice-beogradskog-sastava-ekatarina-velika\/#primaryimage\"},\"image\":{\"@id\":\"https:\/\/portfolio.glazboteka.com\/kcm\/godisnjica-objavljivanja-albuma-s-vetrom-uz-lice-beogradskog-sastava-ekatarina-velika\/#primaryimage\"},\"thumbnailUrl\":\"https:\/\/portfolio.glazboteka.com\/kcm\/wp-content\/uploads\/2023\/02\/S-vetrom-uz-lice.jpg\",\"datePublished\":\"2023-02-04T10:22:25+00:00\",\"dateModified\":\"2023-11-08T19:02:52+00:00\",\"description\":\"Kao hitovi izdvajale su se pjesme \\\"Budi sam na ulici\\\", \\\"Novac u rukama\\\", \\\"Ti si sav moj bol\\\" i \\\"Stvaran svet oko mene\\\".\",\"inLanguage\":\"en-US\",\"potentialAction\":[{\"@type\":\"ReadAction\",\"target\":[\"https:\/\/portfolio.glazboteka.com\/kcm\/godisnjica-objavljivanja-albuma-s-vetrom-uz-lice-beogradskog-sastava-ekatarina-velika\/\"]}]},{\"@type\":\"ImageObject\",\"inLanguage\":\"en-US\",\"@id\":\"https:\/\/portfolio.glazboteka.com\/kcm\/godisnjica-objavljivanja-albuma-s-vetrom-uz-lice-beogradskog-sastava-ekatarina-velika\/#primaryimage\",\"url\":\"https:\/\/portfolio.glazboteka.com\/kcm\/wp-content\/uploads\/2023\/02\/S-vetrom-uz-lice.jpg\",\"contentUrl\":\"https:\/\/portfolio.glazboteka.com\/kcm\/wp-content\/uploads\/2023\/02\/S-vetrom-uz-lice.jpg\",\"width\":1000,\"height\":1000},{\"@type\":\"WebSite\",\"@id\":\"https:\/\/portfolio.glazboteka.com\/kcm\/#website\",\"url\":\"https:\/\/portfolio.glazboteka.com\/kcm\/\",\"name\":\"KCM\",\"description\":\"Kulturni centar Multimedija\",\"publisher\":{\"@id\":\"https:\/\/portfolio.glazboteka.com\/kcm\/#organization\"},\"potentialAction\":[{\"@type\":\"SearchAction\",\"target\":{\"@type\":\"EntryPoint\",\"urlTemplate\":\"https:\/\/portfolio.glazboteka.com\/kcm\/?s={search_term_string}\"},\"query-input\":{\"@type\":\"PropertyValueSpecification\",\"valueRequired\":true,\"valueName\":\"search_term_string\"}}],\"inLanguage\":\"en-US\"},{\"@type\":\"Organization\",\"@id\":\"https:\/\/portfolio.glazboteka.com\/kcm\/#organization\",\"name\":\"KCM\",\"url\":\"https:\/\/portfolio.glazboteka.com\/kcm\/\",\"logo\":{\"@type\":\"ImageObject\",\"inLanguage\":\"en-US\",\"@id\":\"https:\/\/portfolio.glazboteka.com\/kcm\/#\/schema\/logo\/image\/\",\"url\":\"https:\/\/portfolio.glazboteka.com\/kcm\/wp-content\/uploads\/2022\/10\/KCM.jpg\",\"contentUrl\":\"https:\/\/portfolio.glazboteka.com\/kcm\/wp-content\/uploads\/2022\/10\/KCM.jpg\",\"width\":476,\"height\":419,\"caption\":\"KCM\"},\"image\":{\"@id\":\"https:\/\/portfolio.glazboteka.com\/kcm\/#\/schema\/logo\/image\/\"},\"sameAs\":[\"https:\/\/www.facebook.com\/KCMedija\/\",\"https:\/\/www.instagram.com\/kulturni_centar_mesnicka\/\"]},{\"@type\":\"Person\",\"@id\":\"https:\/\/portfolio.glazboteka.com\/kcm\/#\/schema\/person\/cc28eab64249ba0ee0cd57119ad6cfb1\",\"name\":\"admin\",\"image\":{\"@type\":\"ImageObject\",\"inLanguage\":\"en-US\",\"@id\":\"https:\/\/portfolio.glazboteka.com\/kcm\/#\/schema\/person\/image\/\",\"url\":\"https:\/\/secure.gravatar.com\/avatar\/adae78b005d32aabac5987ff3384a3c6da92fed0f1d86d3d250df8978a593a3f?s=96&d=mm&r=g\",\"contentUrl\":\"https:\/\/secure.gravatar.com\/avatar\/adae78b005d32aabac5987ff3384a3c6da92fed0f1d86d3d250df8978a593a3f?s=96&d=mm&r=g\",\"caption\":\"admin\"},\"sameAs\":[\"https:\/\/portfolio.glazboteka.com\/kcm\"],\"url\":\"https:\/\/portfolio.glazboteka.com\/kcm\/author\/admin\/\"}]}<\/script>\n<!-- \/ Yoast SEO plugin. -->","yoast_head_json":{"title":"Godi\u0161njica objavljivanja albuma S' vetrom uz lice beogradskog sastava Ekatarina Velika - KCM","description":"Kao hitovi izdvajale su se pjesme \"Budi sam na ulici\", \"Novac u rukama\", \"Ti si sav moj bol\" i \"Stvaran svet oko mene\".","robots":{"index":"index","follow":"follow","max-snippet":"max-snippet:-1","max-image-preview":"max-image-preview:large","max-video-preview":"max-video-preview:-1"},"canonical":"https:\/\/portfolio.glazboteka.com\/kcm\/godisnjica-objavljivanja-albuma-s-vetrom-uz-lice-beogradskog-sastava-ekatarina-velika\/","og_locale":"en_US","og_type":"article","og_title":"Godi\u0161njica objavljivanja albuma S' vetrom uz lice beogradskog sastava Ekatarina Velika - KCM","og_description":"Kao hitovi izdvajale su se pjesme \"Budi sam na ulici\", \"Novac u rukama\", \"Ti si sav moj bol\" i \"Stvaran svet oko mene\".","og_url":"https:\/\/portfolio.glazboteka.com\/kcm\/godisnjica-objavljivanja-albuma-s-vetrom-uz-lice-beogradskog-sastava-ekatarina-velika\/","og_site_name":"KCM","article_publisher":"https:\/\/www.facebook.com\/KCMedija\/","article_published_time":"2023-02-04T10:22:25+00:00","article_modified_time":"2023-11-08T19:02:52+00:00","og_image":[{"width":1000,"height":1000,"url":"https:\/\/portfolio.glazboteka.com\/kcm\/wp-content\/uploads\/2023\/02\/S-vetrom-uz-lice.jpg","type":"image\/jpeg"}],"author":"admin","twitter_card":"summary_large_image","twitter_misc":{"Written by":"admin","Est. reading time":"2 minutes"},"schema":{"@context":"https:\/\/schema.org","@graph":[{"@type":"Article","@id":"https:\/\/portfolio.glazboteka.com\/kcm\/godisnjica-objavljivanja-albuma-s-vetrom-uz-lice-beogradskog-sastava-ekatarina-velika\/#article","isPartOf":{"@id":"https:\/\/portfolio.glazboteka.com\/kcm\/godisnjica-objavljivanja-albuma-s-vetrom-uz-lice-beogradskog-sastava-ekatarina-velika\/"},"author":{"name":"admin","@id":"https:\/\/portfolio.glazboteka.com\/kcm\/#\/schema\/person\/cc28eab64249ba0ee0cd57119ad6cfb1"},"headline":"Godi\u0161njica objavljivanja albuma S&#8217; vetrom uz lice beogradskog sastava Ekatarina Velika","datePublished":"2023-02-04T10:22:25+00:00","dateModified":"2023-11-08T19:02:52+00:00","mainEntityOfPage":{"@id":"https:\/\/portfolio.glazboteka.com\/kcm\/godisnjica-objavljivanja-albuma-s-vetrom-uz-lice-beogradskog-sastava-ekatarina-velika\/"},"wordCount":401,"commentCount":0,"publisher":{"@id":"https:\/\/portfolio.glazboteka.com\/kcm\/#organization"},"image":{"@id":"https:\/\/portfolio.glazboteka.com\/kcm\/godisnjica-objavljivanja-albuma-s-vetrom-uz-lice-beogradskog-sastava-ekatarina-velika\/#primaryimage"},"thumbnailUrl":"https:\/\/portfolio.glazboteka.com\/kcm\/wp-content\/uploads\/2023\/02\/S-vetrom-uz-lice.jpg","keywords":["alternativni rock","Bojan Pe\u010dar","Dragan \u010ca\u010dinovi\u0107 \u010ca\u010d","Ekatarina Velika","EKV","Ivan Fece","Ivan Rankovi\u0107 Raka","Margita Stefanovi\u0107","Milan Mladenovi\u0107","rock","S' vetrom uz lice","Sr\u0111an Vejvoda"],"articleSection":["Glazba","Umjetnost"],"inLanguage":"en-US","potentialAction":[{"@type":"CommentAction","name":"Comment","target":["https:\/\/portfolio.glazboteka.com\/kcm\/godisnjica-objavljivanja-albuma-s-vetrom-uz-lice-beogradskog-sastava-ekatarina-velika\/#respond"]}]},{"@type":"WebPage","@id":"https:\/\/portfolio.glazboteka.com\/kcm\/godisnjica-objavljivanja-albuma-s-vetrom-uz-lice-beogradskog-sastava-ekatarina-velika\/","url":"https:\/\/portfolio.glazboteka.com\/kcm\/godisnjica-objavljivanja-albuma-s-vetrom-uz-lice-beogradskog-sastava-ekatarina-velika\/","name":"Godi\u0161njica objavljivanja albuma S' vetrom uz lice beogradskog sastava Ekatarina Velika - KCM","isPartOf":{"@id":"https:\/\/portfolio.glazboteka.com\/kcm\/#website"},"primaryImageOfPage":{"@id":"https:\/\/portfolio.glazboteka.com\/kcm\/godisnjica-objavljivanja-albuma-s-vetrom-uz-lice-beogradskog-sastava-ekatarina-velika\/#primaryimage"},"image":{"@id":"https:\/\/portfolio.glazboteka.com\/kcm\/godisnjica-objavljivanja-albuma-s-vetrom-uz-lice-beogradskog-sastava-ekatarina-velika\/#primaryimage"},"thumbnailUrl":"https:\/\/portfolio.glazboteka.com\/kcm\/wp-content\/uploads\/2023\/02\/S-vetrom-uz-lice.jpg","datePublished":"2023-02-04T10:22:25+00:00","dateModified":"2023-11-08T19:02:52+00:00","description":"Kao hitovi izdvajale su se pjesme \"Budi sam na ulici\", \"Novac u rukama\", \"Ti si sav moj bol\" i \"Stvaran svet oko mene\".","inLanguage":"en-US","potentialAction":[{"@type":"ReadAction","target":["https:\/\/portfolio.glazboteka.com\/kcm\/godisnjica-objavljivanja-albuma-s-vetrom-uz-lice-beogradskog-sastava-ekatarina-velika\/"]}]},{"@type":"ImageObject","inLanguage":"en-US","@id":"https:\/\/portfolio.glazboteka.com\/kcm\/godisnjica-objavljivanja-albuma-s-vetrom-uz-lice-beogradskog-sastava-ekatarina-velika\/#primaryimage","url":"https:\/\/portfolio.glazboteka.com\/kcm\/wp-content\/uploads\/2023\/02\/S-vetrom-uz-lice.jpg","contentUrl":"https:\/\/portfolio.glazboteka.com\/kcm\/wp-content\/uploads\/2023\/02\/S-vetrom-uz-lice.jpg","width":1000,"height":1000},{"@type":"WebSite","@id":"https:\/\/portfolio.glazboteka.com\/kcm\/#website","url":"https:\/\/portfolio.glazboteka.com\/kcm\/","name":"KCM","description":"Kulturni centar Multimedija","publisher":{"@id":"https:\/\/portfolio.glazboteka.com\/kcm\/#organization"},"potentialAction":[{"@type":"SearchAction","target":{"@type":"EntryPoint","urlTemplate":"https:\/\/portfolio.glazboteka.com\/kcm\/?s={search_term_string}"},"query-input":{"@type":"PropertyValueSpecification","valueRequired":true,"valueName":"search_term_string"}}],"inLanguage":"en-US"},{"@type":"Organization","@id":"https:\/\/portfolio.glazboteka.com\/kcm\/#organization","name":"KCM","url":"https:\/\/portfolio.glazboteka.com\/kcm\/","logo":{"@type":"ImageObject","inLanguage":"en-US","@id":"https:\/\/portfolio.glazboteka.com\/kcm\/#\/schema\/logo\/image\/","url":"https:\/\/portfolio.glazboteka.com\/kcm\/wp-content\/uploads\/2022\/10\/KCM.jpg","contentUrl":"https:\/\/portfolio.glazboteka.com\/kcm\/wp-content\/uploads\/2022\/10\/KCM.jpg","width":476,"height":419,"caption":"KCM"},"image":{"@id":"https:\/\/portfolio.glazboteka.com\/kcm\/#\/schema\/logo\/image\/"},"sameAs":["https:\/\/www.facebook.com\/KCMedija\/","https:\/\/www.instagram.com\/kulturni_centar_mesnicka\/"]},{"@type":"Person","@id":"https:\/\/portfolio.glazboteka.com\/kcm\/#\/schema\/person\/cc28eab64249ba0ee0cd57119ad6cfb1","name":"admin","image":{"@type":"ImageObject","inLanguage":"en-US","@id":"https:\/\/portfolio.glazboteka.com\/kcm\/#\/schema\/person\/image\/","url":"https:\/\/secure.gravatar.com\/avatar\/adae78b005d32aabac5987ff3384a3c6da92fed0f1d86d3d250df8978a593a3f?s=96&d=mm&r=g","contentUrl":"https:\/\/secure.gravatar.com\/avatar\/adae78b005d32aabac5987ff3384a3c6da92fed0f1d86d3d250df8978a593a3f?s=96&d=mm&r=g","caption":"admin"},"sameAs":["https:\/\/portfolio.glazboteka.com\/kcm"],"url":"https:\/\/portfolio.glazboteka.com\/kcm\/author\/admin\/"}]}},"_links":{"self":[{"href":"https:\/\/portfolio.glazboteka.com\/kcm\/wp-json\/wp\/v2\/posts\/4415","targetHints":{"allow":["GET"]}}],"collection":[{"href":"https:\/\/portfolio.glazboteka.com\/kcm\/wp-json\/wp\/v2\/posts"}],"about":[{"href":"https:\/\/portfolio.glazboteka.com\/kcm\/wp-json\/wp\/v2\/types\/post"}],"author":[{"embeddable":true,"href":"https:\/\/portfolio.glazboteka.com\/kcm\/wp-json\/wp\/v2\/users\/1"}],"replies":[{"embeddable":true,"href":"https:\/\/portfolio.glazboteka.com\/kcm\/wp-json\/wp\/v2\/comments?post=4415"}],"version-history":[{"count":0,"href":"https:\/\/portfolio.glazboteka.com\/kcm\/wp-json\/wp\/v2\/posts\/4415\/revisions"}],"wp:featuredmedia":[{"embeddable":true,"href":"https:\/\/portfolio.glazboteka.com\/kcm\/wp-json\/wp\/v2\/media\/4417"}],"wp:attachment":[{"href":"https:\/\/portfolio.glazboteka.com\/kcm\/wp-json\/wp\/v2\/media?parent=4415"}],"wp:term":[{"taxonomy":"category","embeddable":true,"href":"https:\/\/portfolio.glazboteka.com\/kcm\/wp-json\/wp\/v2\/categories?post=4415"},{"taxonomy":"post_tag","embeddable":true,"href":"https:\/\/portfolio.glazboteka.com\/kcm\/wp-json\/wp\/v2\/tags?post=4415"}],"curies":[{"name":"wp","href":"https:\/\/api.w.org\/{rel}","templated":true}]}}