{"id":4710,"date":"2023-04-18T16:54:44","date_gmt":"2023-04-18T14:54:44","guid":{"rendered":"https:\/\/portfolio.glazboteka.com\/kcm\/?p=4710"},"modified":"2023-04-18T20:31:16","modified_gmt":"2023-04-18T18:31:16","slug":"godisnjica-premijere-filma-tjelesna-straza-tonyja-scotta","status":"publish","type":"post","link":"https:\/\/portfolio.glazboteka.com\/kcm\/godisnjica-premijere-filma-tjelesna-straza-tonyja-scotta\/","title":{"rendered":"Godi\u0161njica premijere filma Tjelesna stra\u017ea Tonyja Scotta"},"content":{"rendered":"<p>Na dana\u0161nji dan, 18. travnja 2004. u malenom kalifornijskom Westwoodu premijerno je prikazan odli\u010dan akcijski film &#8220;Tjelesna stra\u017ea&#8221; (<em>Man on Fire<\/em>), klasi\u010dan film koji donosi \u010destu temu osvete, koja je ovdje prikazana nemilosrdno i brutalno, kao \u0161to se i o\u010dekuje od \u010dovjeka kojem je posao oduvijek bilo &#8211; ubijanje. Tony Scott pomalo psihodeli\u010dnom re\u017eijom i brzom monta\u017eom (njegov \u010desti suradnik Christian Wagner) izvrsno utjelovljuje kaos koji vlada u Ciudad de M\u00e9xicu, ali i u Creasyjevoj glavi, te dodatno poja\u010dava nemir i napetost u filmu&#8230;<\/p>\n<p>Creasy (Danzel Washington) biv\u0161i je vojnik i pla\u0107enik koji se te\u0161ko uspijeva nositi sa strahotama koje je prije po\u010dinio te utjehu pronalazi u alkoholu. Posje\u0107uje prijatelja i biv\u0161eg suborca Rayburna (Christopher Walken), koji se povukao i \u017eivi u Meksiku, te tamo prihva\u0107a posao tjelohranitelja djevoj\u010dice Pite (Dakota Fanning), k\u0107eri poslovnog \u010dovjeka. Usprkos prvobitnoj distanci, Pita uspije omek\u0161ati tjelohraniteljevu krutost i njih se dvoje sprijateljuju, a Creasy po\u010dinje gledati na \u017eivot s optimizmom. No tada Pitu otmu, pri \u010demu je Creasy te\u0161ko ranjen. Dok on le\u017ei u krevetu, primopredaja novca ne uspije, ubijen je otmi\u010darev ne\u0107ak, a on za odmazdu ubije djevoj\u010dicu. Kad se oporavio, Creasy odlu\u010di krenuti u osvetni\u010dki pohod i pobiti sve koji su imali ikakve veze s Pitinom otmicom&#8230;.<\/p>\n<p>Tony Scott, brat jo\u0161 poznatijeg Ridleyja, i sam u filmografiji ima velik broj kultnih (Hunger, Prava romansa, Spy Game), ali i komercijalno uspje\u0161nih filmova (Top Gun, Policajac s Beverly Hillsa, Grimizna plima, D\u00e9j\u00e0 Vu). Washington je ve\u0107 dugi niz godina u vrhu Hollywooda (Ricochet, Slu\u010daj Pelikan, Philadelphia, The Bone Collector), a od pet nominacija za Oscara (Malcolm X, The Hurricane, Cry Freedom), osvojio je dva, za epizodnu ulogu u filmu &#8220;Glory&#8221; te za glavnu ulogu u &#8220;Training Day&#8221;. Dakota Fanning tada je bila najzaposlenija i najslavnija dje\u010dja zvijezda u Hollywoodu, nakon uloga u &#8220;I am Sam&#8221;, &#8220;Igri skriva\u010da&#8221;, &#8220;Ratu svjetova&#8221; i &#8220;Ostvarenim snovima&#8221;. Me\u0111u poznatim sporednim glumcima isti\u010du se izvrsni oskarovac Christopher Walken (Uhvati me ako mo\u017ee\u0161, Lovac na jelene, Psi rata), inspirirani Giancarlo Giannini (Mimi Metalac, Hannibal, Carlitov na\u010din) te uvjerljiva Radha Mitchell (Finding Neverland, Silent Hill, Phone Booth).<\/p>\n<p><strong>Goran \u010celig<\/strong><\/p>\n","protected":false},"excerpt":{"rendered":"<p>Scott pomalo psihodeli\u010dnom re\u017eijom i brzom monta\u017eom izvrsno utjelovljuje kaos koji vlada u Ciudad de M\u00e9xicu&#8230;<\/p>\n","protected":false},"author":1,"featured_media":4711,"comment_status":"open","ping_status":"open","sticky":false,"template":"","format":"standard","meta":{"ngg_post_thumbnail":0,"ocean_post_layout":"","ocean_both_sidebars_style":"","ocean_both_sidebars_content_width":0,"ocean_both_sidebars_sidebars_width":0,"ocean_sidebar":"0","ocean_second_sidebar":"0","ocean_disable_margins":"enable","ocean_add_body_class":"","ocean_shortcode_before_top_bar":"","ocean_shortcode_after_top_bar":"","ocean_shortcode_before_header":"","ocean_shortcode_after_header":"","ocean_has_shortcode":"","ocean_shortcode_after_title":"","ocean_shortcode_before_footer_widgets":"","ocean_shortcode_after_footer_widgets":"","ocean_shortcode_before_footer_bottom":"","ocean_shortcode_after_footer_bottom":"","ocean_display_top_bar":"default","ocean_display_header":"default","ocean_header_style":"","ocean_center_header_left_menu":"0","ocean_custom_header_template":"0","ocean_custom_logo":0,"ocean_custom_retina_logo":0,"ocean_custom_logo_max_width":0,"ocean_custom_logo_tablet_max_width":0,"ocean_custom_logo_mobile_max_width":0,"ocean_custom_logo_max_height":0,"ocean_custom_logo_tablet_max_height":0,"ocean_custom_logo_mobile_max_height":0,"ocean_header_custom_menu":"0","ocean_menu_typo_font_family":"0","ocean_menu_typo_font_subset":"","ocean_menu_typo_font_size":0,"ocean_menu_typo_font_size_tablet":0,"ocean_menu_typo_font_size_mobile":0,"ocean_menu_typo_font_size_unit":"px","ocean_menu_typo_font_weight":"","ocean_menu_typo_font_weight_tablet":"","ocean_menu_typo_font_weight_mobile":"","ocean_menu_typo_transform":"","ocean_menu_typo_transform_tablet":"","ocean_menu_typo_transform_mobile":"","ocean_menu_typo_line_height":0,"ocean_menu_typo_line_height_tablet":0,"ocean_menu_typo_line_height_mobile":0,"ocean_menu_typo_line_height_unit":"","ocean_menu_typo_spacing":0,"ocean_menu_typo_spacing_tablet":0,"ocean_menu_typo_spacing_mobile":0,"ocean_menu_typo_spacing_unit":"","ocean_menu_link_color":"","ocean_menu_link_color_hover":"","ocean_menu_link_color_active":"","ocean_menu_link_background":"","ocean_menu_link_hover_background":"","ocean_menu_link_active_background":"","ocean_menu_social_links_bg":"","ocean_menu_social_hover_links_bg":"","ocean_menu_social_links_color":"","ocean_menu_social_hover_links_color":"","ocean_disable_title":"default","ocean_disable_heading":"default","ocean_post_title":"","ocean_post_subheading":"","ocean_post_title_style":"","ocean_post_title_background_color":"","ocean_post_title_background":0,"ocean_post_title_bg_image_position":"","ocean_post_title_bg_image_attachment":"","ocean_post_title_bg_image_repeat":"","ocean_post_title_bg_image_size":"","ocean_post_title_height":0,"ocean_post_title_bg_overlay":0.5,"ocean_post_title_bg_overlay_color":"","ocean_disable_breadcrumbs":"default","ocean_breadcrumbs_color":"","ocean_breadcrumbs_separator_color":"","ocean_breadcrumbs_links_color":"","ocean_breadcrumbs_links_hover_color":"","ocean_display_footer_widgets":"default","ocean_display_footer_bottom":"default","ocean_custom_footer_template":"0","ocean_post_oembed":"","ocean_post_self_hosted_media":"","ocean_post_video_embed":"","ocean_link_format":"","ocean_link_format_target":"self","ocean_quote_format":"","ocean_quote_format_link":"post","ocean_gallery_link_images":"off","ocean_gallery_id":[],"footnotes":""},"categories":[53,227],"tags":[979,526,4884,2650,4213,4883,4886,4888,4887,4885,4889,1071],"class_list":["post-4710","post","type-post","status-publish","format-standard","has-post-thumbnail","hentry","category-film","category-umjetnost","tag-akcijski-film","tag-christopher-walken","tag-dakota-fanning","tag-denzel-washington","tag-giancarlo-giannini","tag-man-on-fire","tag-marc-anthony","tag-mickey-rourke","tag-rachel-ticotin","tag-radha-mitchell","tag-tjelesna-straza","tag-tony-scott","entry","has-media"],"yoast_head":"<!-- This site is optimized with the Yoast SEO plugin v24.9 - https:\/\/yoast.com\/wordpress\/plugins\/seo\/ -->\n<title>Godi\u0161njica premijere filma Tjelesna stra\u017ea Tonyja Scotta - KCM<\/title>\n<meta name=\"description\" content=\"Scott pomalo psihodeli\u010dnom re\u017eijom i brzom monta\u017eom izvrsno utjelovljuje kaos koji vlada u Ciudad de M\u00e9xicu...\" \/>\n<meta name=\"robots\" content=\"index, follow, max-snippet:-1, max-image-preview:large, max-video-preview:-1\" \/>\n<link rel=\"canonical\" href=\"https:\/\/portfolio.glazboteka.com\/kcm\/godisnjica-premijere-filma-tjelesna-straza-tonyja-scotta\/\" \/>\n<meta property=\"og:locale\" content=\"en_US\" \/>\n<meta property=\"og:type\" content=\"article\" \/>\n<meta property=\"og:title\" content=\"Godi\u0161njica premijere filma Tjelesna stra\u017ea Tonyja Scotta - KCM\" \/>\n<meta property=\"og:description\" content=\"Scott pomalo psihodeli\u010dnom re\u017eijom i brzom monta\u017eom izvrsno utjelovljuje kaos koji vlada u Ciudad de M\u00e9xicu...\" \/>\n<meta property=\"og:url\" content=\"https:\/\/portfolio.glazboteka.com\/kcm\/godisnjica-premijere-filma-tjelesna-straza-tonyja-scotta\/\" \/>\n<meta property=\"og:site_name\" content=\"KCM\" \/>\n<meta property=\"article:publisher\" content=\"https:\/\/www.facebook.com\/KCMedija\/\" \/>\n<meta property=\"article:published_time\" content=\"2023-04-18T14:54:44+00:00\" \/>\n<meta property=\"article:modified_time\" content=\"2023-04-18T18:31:16+00:00\" \/>\n<meta property=\"og:image\" content=\"https:\/\/portfolio.glazboteka.com\/kcm\/wp-content\/uploads\/2023\/04\/Tjelesna-straza.jpg\" \/>\n\t<meta property=\"og:image:width\" content=\"1003\" \/>\n\t<meta property=\"og:image:height\" content=\"1500\" \/>\n\t<meta property=\"og:image:type\" content=\"image\/jpeg\" \/>\n<meta name=\"author\" content=\"admin\" \/>\n<meta name=\"twitter:card\" content=\"summary_large_image\" \/>\n<meta name=\"twitter:label1\" content=\"Written by\" \/>\n\t<meta name=\"twitter:data1\" content=\"admin\" \/>\n\t<meta name=\"twitter:label2\" content=\"Est. reading time\" \/>\n\t<meta name=\"twitter:data2\" content=\"2 minutes\" \/>\n<script type=\"application\/ld+json\" class=\"yoast-schema-graph\">{\"@context\":\"https:\/\/schema.org\",\"@graph\":[{\"@type\":\"Article\",\"@id\":\"https:\/\/portfolio.glazboteka.com\/kcm\/godisnjica-premijere-filma-tjelesna-straza-tonyja-scotta\/#article\",\"isPartOf\":{\"@id\":\"https:\/\/portfolio.glazboteka.com\/kcm\/godisnjica-premijere-filma-tjelesna-straza-tonyja-scotta\/\"},\"author\":{\"name\":\"admin\",\"@id\":\"https:\/\/portfolio.glazboteka.com\/kcm\/#\/schema\/person\/cc28eab64249ba0ee0cd57119ad6cfb1\"},\"headline\":\"Godi\u0161njica premijere filma Tjelesna stra\u017ea Tonyja Scotta\",\"datePublished\":\"2023-04-18T14:54:44+00:00\",\"dateModified\":\"2023-04-18T18:31:16+00:00\",\"mainEntityOfPage\":{\"@id\":\"https:\/\/portfolio.glazboteka.com\/kcm\/godisnjica-premijere-filma-tjelesna-straza-tonyja-scotta\/\"},\"wordCount\":391,\"commentCount\":0,\"publisher\":{\"@id\":\"https:\/\/portfolio.glazboteka.com\/kcm\/#organization\"},\"image\":{\"@id\":\"https:\/\/portfolio.glazboteka.com\/kcm\/godisnjica-premijere-filma-tjelesna-straza-tonyja-scotta\/#primaryimage\"},\"thumbnailUrl\":\"https:\/\/portfolio.glazboteka.com\/kcm\/wp-content\/uploads\/2023\/04\/Tjelesna-straza.jpg\",\"keywords\":[\"akcijski film\",\"Christopher Walken\",\"Dakota Fanning\",\"Denzel Washington\",\"Giancarlo Giannini\",\"Man on Fire\",\"Marc Anthony\",\"Mickey Rourke\",\"Rachel Ticotin\",\"Radha Mitchell\",\"Tjelesna stra\u017ea\",\"Tony Scott\"],\"articleSection\":[\"Film\",\"Umjetnost\"],\"inLanguage\":\"en-US\",\"potentialAction\":[{\"@type\":\"CommentAction\",\"name\":\"Comment\",\"target\":[\"https:\/\/portfolio.glazboteka.com\/kcm\/godisnjica-premijere-filma-tjelesna-straza-tonyja-scotta\/#respond\"]}]},{\"@type\":\"WebPage\",\"@id\":\"https:\/\/portfolio.glazboteka.com\/kcm\/godisnjica-premijere-filma-tjelesna-straza-tonyja-scotta\/\",\"url\":\"https:\/\/portfolio.glazboteka.com\/kcm\/godisnjica-premijere-filma-tjelesna-straza-tonyja-scotta\/\",\"name\":\"Godi\u0161njica premijere filma Tjelesna stra\u017ea Tonyja Scotta - KCM\",\"isPartOf\":{\"@id\":\"https:\/\/portfolio.glazboteka.com\/kcm\/#website\"},\"primaryImageOfPage\":{\"@id\":\"https:\/\/portfolio.glazboteka.com\/kcm\/godisnjica-premijere-filma-tjelesna-straza-tonyja-scotta\/#primaryimage\"},\"image\":{\"@id\":\"https:\/\/portfolio.glazboteka.com\/kcm\/godisnjica-premijere-filma-tjelesna-straza-tonyja-scotta\/#primaryimage\"},\"thumbnailUrl\":\"https:\/\/portfolio.glazboteka.com\/kcm\/wp-content\/uploads\/2023\/04\/Tjelesna-straza.jpg\",\"datePublished\":\"2023-04-18T14:54:44+00:00\",\"dateModified\":\"2023-04-18T18:31:16+00:00\",\"description\":\"Scott pomalo psihodeli\u010dnom re\u017eijom i brzom monta\u017eom izvrsno utjelovljuje kaos koji vlada u Ciudad de M\u00e9xicu...\",\"inLanguage\":\"en-US\",\"potentialAction\":[{\"@type\":\"ReadAction\",\"target\":[\"https:\/\/portfolio.glazboteka.com\/kcm\/godisnjica-premijere-filma-tjelesna-straza-tonyja-scotta\/\"]}]},{\"@type\":\"ImageObject\",\"inLanguage\":\"en-US\",\"@id\":\"https:\/\/portfolio.glazboteka.com\/kcm\/godisnjica-premijere-filma-tjelesna-straza-tonyja-scotta\/#primaryimage\",\"url\":\"https:\/\/portfolio.glazboteka.com\/kcm\/wp-content\/uploads\/2023\/04\/Tjelesna-straza.jpg\",\"contentUrl\":\"https:\/\/portfolio.glazboteka.com\/kcm\/wp-content\/uploads\/2023\/04\/Tjelesna-straza.jpg\",\"width\":1003,\"height\":1500},{\"@type\":\"WebSite\",\"@id\":\"https:\/\/portfolio.glazboteka.com\/kcm\/#website\",\"url\":\"https:\/\/portfolio.glazboteka.com\/kcm\/\",\"name\":\"KCM\",\"description\":\"Kulturni centar Multimedija\",\"publisher\":{\"@id\":\"https:\/\/portfolio.glazboteka.com\/kcm\/#organization\"},\"potentialAction\":[{\"@type\":\"SearchAction\",\"target\":{\"@type\":\"EntryPoint\",\"urlTemplate\":\"https:\/\/portfolio.glazboteka.com\/kcm\/?s={search_term_string}\"},\"query-input\":{\"@type\":\"PropertyValueSpecification\",\"valueRequired\":true,\"valueName\":\"search_term_string\"}}],\"inLanguage\":\"en-US\"},{\"@type\":\"Organization\",\"@id\":\"https:\/\/portfolio.glazboteka.com\/kcm\/#organization\",\"name\":\"KCM\",\"url\":\"https:\/\/portfolio.glazboteka.com\/kcm\/\",\"logo\":{\"@type\":\"ImageObject\",\"inLanguage\":\"en-US\",\"@id\":\"https:\/\/portfolio.glazboteka.com\/kcm\/#\/schema\/logo\/image\/\",\"url\":\"https:\/\/portfolio.glazboteka.com\/kcm\/wp-content\/uploads\/2022\/10\/KCM.jpg\",\"contentUrl\":\"https:\/\/portfolio.glazboteka.com\/kcm\/wp-content\/uploads\/2022\/10\/KCM.jpg\",\"width\":476,\"height\":419,\"caption\":\"KCM\"},\"image\":{\"@id\":\"https:\/\/portfolio.glazboteka.com\/kcm\/#\/schema\/logo\/image\/\"},\"sameAs\":[\"https:\/\/www.facebook.com\/KCMedija\/\",\"https:\/\/www.instagram.com\/kulturni_centar_mesnicka\/\"]},{\"@type\":\"Person\",\"@id\":\"https:\/\/portfolio.glazboteka.com\/kcm\/#\/schema\/person\/cc28eab64249ba0ee0cd57119ad6cfb1\",\"name\":\"admin\",\"image\":{\"@type\":\"ImageObject\",\"inLanguage\":\"en-US\",\"@id\":\"https:\/\/portfolio.glazboteka.com\/kcm\/#\/schema\/person\/image\/\",\"url\":\"https:\/\/secure.gravatar.com\/avatar\/adae78b005d32aabac5987ff3384a3c6da92fed0f1d86d3d250df8978a593a3f?s=96&d=mm&r=g\",\"contentUrl\":\"https:\/\/secure.gravatar.com\/avatar\/adae78b005d32aabac5987ff3384a3c6da92fed0f1d86d3d250df8978a593a3f?s=96&d=mm&r=g\",\"caption\":\"admin\"},\"sameAs\":[\"https:\/\/portfolio.glazboteka.com\/kcm\"],\"url\":\"https:\/\/portfolio.glazboteka.com\/kcm\/author\/admin\/\"}]}<\/script>\n<!-- \/ Yoast SEO plugin. -->","yoast_head_json":{"title":"Godi\u0161njica premijere filma Tjelesna stra\u017ea Tonyja Scotta - KCM","description":"Scott pomalo psihodeli\u010dnom re\u017eijom i brzom monta\u017eom izvrsno utjelovljuje kaos koji vlada u Ciudad de M\u00e9xicu...","robots":{"index":"index","follow":"follow","max-snippet":"max-snippet:-1","max-image-preview":"max-image-preview:large","max-video-preview":"max-video-preview:-1"},"canonical":"https:\/\/portfolio.glazboteka.com\/kcm\/godisnjica-premijere-filma-tjelesna-straza-tonyja-scotta\/","og_locale":"en_US","og_type":"article","og_title":"Godi\u0161njica premijere filma Tjelesna stra\u017ea Tonyja Scotta - KCM","og_description":"Scott pomalo psihodeli\u010dnom re\u017eijom i brzom monta\u017eom izvrsno utjelovljuje kaos koji vlada u Ciudad de M\u00e9xicu...","og_url":"https:\/\/portfolio.glazboteka.com\/kcm\/godisnjica-premijere-filma-tjelesna-straza-tonyja-scotta\/","og_site_name":"KCM","article_publisher":"https:\/\/www.facebook.com\/KCMedija\/","article_published_time":"2023-04-18T14:54:44+00:00","article_modified_time":"2023-04-18T18:31:16+00:00","og_image":[{"width":1003,"height":1500,"url":"https:\/\/portfolio.glazboteka.com\/kcm\/wp-content\/uploads\/2023\/04\/Tjelesna-straza.jpg","type":"image\/jpeg"}],"author":"admin","twitter_card":"summary_large_image","twitter_misc":{"Written by":"admin","Est. reading time":"2 minutes"},"schema":{"@context":"https:\/\/schema.org","@graph":[{"@type":"Article","@id":"https:\/\/portfolio.glazboteka.com\/kcm\/godisnjica-premijere-filma-tjelesna-straza-tonyja-scotta\/#article","isPartOf":{"@id":"https:\/\/portfolio.glazboteka.com\/kcm\/godisnjica-premijere-filma-tjelesna-straza-tonyja-scotta\/"},"author":{"name":"admin","@id":"https:\/\/portfolio.glazboteka.com\/kcm\/#\/schema\/person\/cc28eab64249ba0ee0cd57119ad6cfb1"},"headline":"Godi\u0161njica premijere filma Tjelesna stra\u017ea Tonyja Scotta","datePublished":"2023-04-18T14:54:44+00:00","dateModified":"2023-04-18T18:31:16+00:00","mainEntityOfPage":{"@id":"https:\/\/portfolio.glazboteka.com\/kcm\/godisnjica-premijere-filma-tjelesna-straza-tonyja-scotta\/"},"wordCount":391,"commentCount":0,"publisher":{"@id":"https:\/\/portfolio.glazboteka.com\/kcm\/#organization"},"image":{"@id":"https:\/\/portfolio.glazboteka.com\/kcm\/godisnjica-premijere-filma-tjelesna-straza-tonyja-scotta\/#primaryimage"},"thumbnailUrl":"https:\/\/portfolio.glazboteka.com\/kcm\/wp-content\/uploads\/2023\/04\/Tjelesna-straza.jpg","keywords":["akcijski film","Christopher Walken","Dakota Fanning","Denzel Washington","Giancarlo Giannini","Man on Fire","Marc Anthony","Mickey Rourke","Rachel Ticotin","Radha Mitchell","Tjelesna stra\u017ea","Tony Scott"],"articleSection":["Film","Umjetnost"],"inLanguage":"en-US","potentialAction":[{"@type":"CommentAction","name":"Comment","target":["https:\/\/portfolio.glazboteka.com\/kcm\/godisnjica-premijere-filma-tjelesna-straza-tonyja-scotta\/#respond"]}]},{"@type":"WebPage","@id":"https:\/\/portfolio.glazboteka.com\/kcm\/godisnjica-premijere-filma-tjelesna-straza-tonyja-scotta\/","url":"https:\/\/portfolio.glazboteka.com\/kcm\/godisnjica-premijere-filma-tjelesna-straza-tonyja-scotta\/","name":"Godi\u0161njica premijere filma Tjelesna stra\u017ea Tonyja Scotta - KCM","isPartOf":{"@id":"https:\/\/portfolio.glazboteka.com\/kcm\/#website"},"primaryImageOfPage":{"@id":"https:\/\/portfolio.glazboteka.com\/kcm\/godisnjica-premijere-filma-tjelesna-straza-tonyja-scotta\/#primaryimage"},"image":{"@id":"https:\/\/portfolio.glazboteka.com\/kcm\/godisnjica-premijere-filma-tjelesna-straza-tonyja-scotta\/#primaryimage"},"thumbnailUrl":"https:\/\/portfolio.glazboteka.com\/kcm\/wp-content\/uploads\/2023\/04\/Tjelesna-straza.jpg","datePublished":"2023-04-18T14:54:44+00:00","dateModified":"2023-04-18T18:31:16+00:00","description":"Scott pomalo psihodeli\u010dnom re\u017eijom i brzom monta\u017eom izvrsno utjelovljuje kaos koji vlada u Ciudad de M\u00e9xicu...","inLanguage":"en-US","potentialAction":[{"@type":"ReadAction","target":["https:\/\/portfolio.glazboteka.com\/kcm\/godisnjica-premijere-filma-tjelesna-straza-tonyja-scotta\/"]}]},{"@type":"ImageObject","inLanguage":"en-US","@id":"https:\/\/portfolio.glazboteka.com\/kcm\/godisnjica-premijere-filma-tjelesna-straza-tonyja-scotta\/#primaryimage","url":"https:\/\/portfolio.glazboteka.com\/kcm\/wp-content\/uploads\/2023\/04\/Tjelesna-straza.jpg","contentUrl":"https:\/\/portfolio.glazboteka.com\/kcm\/wp-content\/uploads\/2023\/04\/Tjelesna-straza.jpg","width":1003,"height":1500},{"@type":"WebSite","@id":"https:\/\/portfolio.glazboteka.com\/kcm\/#website","url":"https:\/\/portfolio.glazboteka.com\/kcm\/","name":"KCM","description":"Kulturni centar Multimedija","publisher":{"@id":"https:\/\/portfolio.glazboteka.com\/kcm\/#organization"},"potentialAction":[{"@type":"SearchAction","target":{"@type":"EntryPoint","urlTemplate":"https:\/\/portfolio.glazboteka.com\/kcm\/?s={search_term_string}"},"query-input":{"@type":"PropertyValueSpecification","valueRequired":true,"valueName":"search_term_string"}}],"inLanguage":"en-US"},{"@type":"Organization","@id":"https:\/\/portfolio.glazboteka.com\/kcm\/#organization","name":"KCM","url":"https:\/\/portfolio.glazboteka.com\/kcm\/","logo":{"@type":"ImageObject","inLanguage":"en-US","@id":"https:\/\/portfolio.glazboteka.com\/kcm\/#\/schema\/logo\/image\/","url":"https:\/\/portfolio.glazboteka.com\/kcm\/wp-content\/uploads\/2022\/10\/KCM.jpg","contentUrl":"https:\/\/portfolio.glazboteka.com\/kcm\/wp-content\/uploads\/2022\/10\/KCM.jpg","width":476,"height":419,"caption":"KCM"},"image":{"@id":"https:\/\/portfolio.glazboteka.com\/kcm\/#\/schema\/logo\/image\/"},"sameAs":["https:\/\/www.facebook.com\/KCMedija\/","https:\/\/www.instagram.com\/kulturni_centar_mesnicka\/"]},{"@type":"Person","@id":"https:\/\/portfolio.glazboteka.com\/kcm\/#\/schema\/person\/cc28eab64249ba0ee0cd57119ad6cfb1","name":"admin","image":{"@type":"ImageObject","inLanguage":"en-US","@id":"https:\/\/portfolio.glazboteka.com\/kcm\/#\/schema\/person\/image\/","url":"https:\/\/secure.gravatar.com\/avatar\/adae78b005d32aabac5987ff3384a3c6da92fed0f1d86d3d250df8978a593a3f?s=96&d=mm&r=g","contentUrl":"https:\/\/secure.gravatar.com\/avatar\/adae78b005d32aabac5987ff3384a3c6da92fed0f1d86d3d250df8978a593a3f?s=96&d=mm&r=g","caption":"admin"},"sameAs":["https:\/\/portfolio.glazboteka.com\/kcm"],"url":"https:\/\/portfolio.glazboteka.com\/kcm\/author\/admin\/"}]}},"_links":{"self":[{"href":"https:\/\/portfolio.glazboteka.com\/kcm\/wp-json\/wp\/v2\/posts\/4710","targetHints":{"allow":["GET"]}}],"collection":[{"href":"https:\/\/portfolio.glazboteka.com\/kcm\/wp-json\/wp\/v2\/posts"}],"about":[{"href":"https:\/\/portfolio.glazboteka.com\/kcm\/wp-json\/wp\/v2\/types\/post"}],"author":[{"embeddable":true,"href":"https:\/\/portfolio.glazboteka.com\/kcm\/wp-json\/wp\/v2\/users\/1"}],"replies":[{"embeddable":true,"href":"https:\/\/portfolio.glazboteka.com\/kcm\/wp-json\/wp\/v2\/comments?post=4710"}],"version-history":[{"count":0,"href":"https:\/\/portfolio.glazboteka.com\/kcm\/wp-json\/wp\/v2\/posts\/4710\/revisions"}],"wp:featuredmedia":[{"embeddable":true,"href":"https:\/\/portfolio.glazboteka.com\/kcm\/wp-json\/wp\/v2\/media\/4711"}],"wp:attachment":[{"href":"https:\/\/portfolio.glazboteka.com\/kcm\/wp-json\/wp\/v2\/media?parent=4710"}],"wp:term":[{"taxonomy":"category","embeddable":true,"href":"https:\/\/portfolio.glazboteka.com\/kcm\/wp-json\/wp\/v2\/categories?post=4710"},{"taxonomy":"post_tag","embeddable":true,"href":"https:\/\/portfolio.glazboteka.com\/kcm\/wp-json\/wp\/v2\/tags?post=4710"}],"curies":[{"name":"wp","href":"https:\/\/api.w.org\/{rel}","templated":true}]}}