{"id":5769,"date":"2023-06-02T16:45:06","date_gmt":"2023-06-02T14:45:06","guid":{"rendered":"https:\/\/portfolio.glazboteka.com\/kcm\/?p=5769"},"modified":"2023-06-02T23:19:41","modified_gmt":"2023-06-02T21:19:41","slug":"godisnjica-premijere-filma-drustvo-mrtvih-pjesnika-petera-weira","status":"publish","type":"post","link":"https:\/\/portfolio.glazboteka.com\/kcm\/godisnjica-premijere-filma-drustvo-mrtvih-pjesnika-petera-weira\/","title":{"rendered":"Godi\u0161njica premijere filma Dru\u0161tvo mrtvih pjesnika Petera Weira"},"content":{"rendered":"<p>Na dana\u0161nji dan, 2. lipnja 1989. godine u Torontu premijerno je prikazan legendarni film australskog redatelja Petera Weira &#8220;Dru\u0161tvo mrtvih pjesnika&#8221; (<em>Dead Poets Society<\/em>), koji je osvojio nagradu Oscar za najbolji scenarij, a tako\u0111er je nominiran za najbolji film, glavnoga glumca i re\u017eiju. Od nominacija za nagradu BAFTA u kategorijama za najbolji film i glazbu, potvrdio je prvu&#8230;<\/p>\n<p>Stidljivi Todd Anderson (Ethan Hawke) postaje u\u010denik koled\u017ea u srcu Nove Engleske, koji \u0161koluje budu\u0107u ameri\u010dku elitu. Svi profesori presti\u017ene \u0161kole krute su osobe, la\u017eni autoriteti koji se strogo pridr\u017eavaju pravila, svi osim jednog &#8211; profesora knji\u017eevnosti Johna Keatinga (Robin William), nekonvencionalnoga \u010dovjeka punog entuzijazma, originalnih ideja i inspiracijskih stihova, jedinog profesora s koled\u017ea koji vjeruje da rije\u010di i ideje mogu promijeniti svijet.<\/p>\n<p>Ljubav profesora Keatinga prema literaturi, posebno prema poeziji, pokre\u0107e u\u010denike na putovanje koje vodi do samoostvarenja. Inspirirana njegovim predavanjima, grupa mladi\u0107a predvo\u0111ena Toddom Andersonom osniva Dru\u0161tvo mrtvih pjesnika, klub nastao po ugledu na istoimeni kome je Keating pripadao kao u\u010denik. Dru\u0161tvo mrtvih pjesnika sastaje se no\u0107u, u obli\u017enjoj pe\u0107ini, gdje dje\u010daci \u010ditaju poeziju i svoje prve stihove. Ohrabrenja profesora Keatinga sna\u017eno utje\u010du na Todda Andersona, toliko da polako pobje\u0111uje svoju stidljivost i strah od javnih nastupa. Toddov cimer Neil (Robert Sean Leonard), pod profesorovim utjecajem otkriva strast prema kazali\u0161tu i uklju\u010duje se u rad na pripremi Shakespeareova komada. No kada Neilov otac otkrije da se njegov sin zanima za kazali\u0161te, zabranjuje mu da glumi u predstavi. Stvari polako izmi\u010du kontroli, a sudbine tih mladi\u0107a i njihova profesora zauvijek se mijenjaju&#8230;<\/p>\n<p>Uloge tuma\u010de Robin Williams, Ethan Hawke, Robert Sean Leonard, Kurtwood Smith, Josh Charles i drugi. Glazbu je komponirao Maurice Jarre.<\/p>\n<p><strong>Goran \u010celig<\/strong><\/p>\n","protected":false},"excerpt":{"rendered":"<p>Osvojio je nagradu Oscar za najbolji scenarij, a tako\u0111er je nominiran za najbolji film, glavnoga glumca i re\u017eiju.<\/p>\n","protected":false},"author":1,"featured_media":5771,"comment_status":"open","ping_status":"open","sticky":false,"template":"","format":"standard","meta":{"ngg_post_thumbnail":0,"ocean_post_layout":"","ocean_both_sidebars_style":"","ocean_both_sidebars_content_width":0,"ocean_both_sidebars_sidebars_width":0,"ocean_sidebar":"0","ocean_second_sidebar":"0","ocean_disable_margins":"enable","ocean_add_body_class":"","ocean_shortcode_before_top_bar":"","ocean_shortcode_after_top_bar":"","ocean_shortcode_before_header":"","ocean_shortcode_after_header":"","ocean_has_shortcode":"","ocean_shortcode_after_title":"","ocean_shortcode_before_footer_widgets":"","ocean_shortcode_after_footer_widgets":"","ocean_shortcode_before_footer_bottom":"","ocean_shortcode_after_footer_bottom":"","ocean_display_top_bar":"default","ocean_display_header":"default","ocean_header_style":"","ocean_center_header_left_menu":"0","ocean_custom_header_template":"0","ocean_custom_logo":0,"ocean_custom_retina_logo":0,"ocean_custom_logo_max_width":0,"ocean_custom_logo_tablet_max_width":0,"ocean_custom_logo_mobile_max_width":0,"ocean_custom_logo_max_height":0,"ocean_custom_logo_tablet_max_height":0,"ocean_custom_logo_mobile_max_height":0,"ocean_header_custom_menu":"0","ocean_menu_typo_font_family":"0","ocean_menu_typo_font_subset":"","ocean_menu_typo_font_size":0,"ocean_menu_typo_font_size_tablet":0,"ocean_menu_typo_font_size_mobile":0,"ocean_menu_typo_font_size_unit":"px","ocean_menu_typo_font_weight":"","ocean_menu_typo_font_weight_tablet":"","ocean_menu_typo_font_weight_mobile":"","ocean_menu_typo_transform":"","ocean_menu_typo_transform_tablet":"","ocean_menu_typo_transform_mobile":"","ocean_menu_typo_line_height":0,"ocean_menu_typo_line_height_tablet":0,"ocean_menu_typo_line_height_mobile":0,"ocean_menu_typo_line_height_unit":"","ocean_menu_typo_spacing":0,"ocean_menu_typo_spacing_tablet":0,"ocean_menu_typo_spacing_mobile":0,"ocean_menu_typo_spacing_unit":"","ocean_menu_link_color":"","ocean_menu_link_color_hover":"","ocean_menu_link_color_active":"","ocean_menu_link_background":"","ocean_menu_link_hover_background":"","ocean_menu_link_active_background":"","ocean_menu_social_links_bg":"","ocean_menu_social_hover_links_bg":"","ocean_menu_social_links_color":"","ocean_menu_social_hover_links_color":"","ocean_disable_title":"default","ocean_disable_heading":"default","ocean_post_title":"","ocean_post_subheading":"","ocean_post_title_style":"","ocean_post_title_background_color":"","ocean_post_title_background":0,"ocean_post_title_bg_image_position":"","ocean_post_title_bg_image_attachment":"","ocean_post_title_bg_image_repeat":"","ocean_post_title_bg_image_size":"","ocean_post_title_height":0,"ocean_post_title_bg_overlay":0.5,"ocean_post_title_bg_overlay_color":"","ocean_disable_breadcrumbs":"default","ocean_breadcrumbs_color":"","ocean_breadcrumbs_separator_color":"","ocean_breadcrumbs_links_color":"","ocean_breadcrumbs_links_hover_color":"","ocean_display_footer_widgets":"default","ocean_display_footer_bottom":"default","ocean_custom_footer_template":"0","ocean_post_oembed":"","ocean_post_self_hosted_media":"","ocean_post_video_embed":"","ocean_link_format":"","ocean_link_format_target":"self","ocean_quote_format":"","ocean_quote_format_link":"post","ocean_gallery_link_images":"off","ocean_gallery_id":[],"footnotes":""},"categories":[53,227],"tags":[5874,1406,5868,5870,5873,5872,5869,5871,2482],"class_list":["post-5769","post","type-post","status-publish","format-standard","has-post-thumbnail","hentry","category-film","category-umjetnost","tag-dead-poets-society","tag-drama","tag-drustvo-mrtvih-pjesnika","tag-ethan-hawke","tag-josh-charles","tag-kurtwood-smith","tag-peter-weir","tag-robert-sean-leonard","tag-robin-williams","entry","has-media"],"yoast_head":"<!-- This site is optimized with the Yoast SEO plugin v24.9 - https:\/\/yoast.com\/wordpress\/plugins\/seo\/ -->\n<title>Godi\u0161njica premijere filma Dru\u0161tvo mrtvih pjesnika Petera Weira - KCM<\/title>\n<meta name=\"description\" content=\"Osvojio je nagradu Oscar za najbolji scenarij, a tako\u0111er je nominiran za najbolji film, glavnoga glumca i re\u017eiju.\" \/>\n<meta name=\"robots\" content=\"index, follow, max-snippet:-1, max-image-preview:large, max-video-preview:-1\" \/>\n<link rel=\"canonical\" href=\"https:\/\/portfolio.glazboteka.com\/kcm\/godisnjica-premijere-filma-drustvo-mrtvih-pjesnika-petera-weira\/\" \/>\n<meta property=\"og:locale\" content=\"en_US\" \/>\n<meta property=\"og:type\" content=\"article\" \/>\n<meta property=\"og:title\" content=\"Godi\u0161njica premijere filma Dru\u0161tvo mrtvih pjesnika Petera Weira - KCM\" \/>\n<meta property=\"og:description\" content=\"Osvojio je nagradu Oscar za najbolji scenarij, a tako\u0111er je nominiran za najbolji film, glavnoga glumca i re\u017eiju.\" \/>\n<meta property=\"og:url\" content=\"https:\/\/portfolio.glazboteka.com\/kcm\/godisnjica-premijere-filma-drustvo-mrtvih-pjesnika-petera-weira\/\" \/>\n<meta property=\"og:site_name\" content=\"KCM\" \/>\n<meta property=\"article:publisher\" content=\"https:\/\/www.facebook.com\/KCMedija\/\" \/>\n<meta property=\"article:published_time\" content=\"2023-06-02T14:45:06+00:00\" \/>\n<meta property=\"article:modified_time\" content=\"2023-06-02T21:19:41+00:00\" \/>\n<meta property=\"og:image\" content=\"https:\/\/portfolio.glazboteka.com\/kcm\/wp-content\/uploads\/2023\/06\/Drustvo-mrtvih-pjesnika.jpg\" \/>\n\t<meta property=\"og:image:width\" content=\"844\" \/>\n\t<meta property=\"og:image:height\" content=\"1200\" \/>\n\t<meta property=\"og:image:type\" content=\"image\/jpeg\" \/>\n<meta name=\"author\" content=\"admin\" \/>\n<meta name=\"twitter:card\" content=\"summary_large_image\" \/>\n<meta name=\"twitter:label1\" content=\"Written by\" \/>\n\t<meta name=\"twitter:data1\" content=\"admin\" \/>\n\t<meta name=\"twitter:label2\" content=\"Est. reading time\" \/>\n\t<meta name=\"twitter:data2\" content=\"2 minutes\" \/>\n<script type=\"application\/ld+json\" class=\"yoast-schema-graph\">{\"@context\":\"https:\/\/schema.org\",\"@graph\":[{\"@type\":\"Article\",\"@id\":\"https:\/\/portfolio.glazboteka.com\/kcm\/godisnjica-premijere-filma-drustvo-mrtvih-pjesnika-petera-weira\/#article\",\"isPartOf\":{\"@id\":\"https:\/\/portfolio.glazboteka.com\/kcm\/godisnjica-premijere-filma-drustvo-mrtvih-pjesnika-petera-weira\/\"},\"author\":{\"name\":\"admin\",\"@id\":\"https:\/\/portfolio.glazboteka.com\/kcm\/#\/schema\/person\/cc28eab64249ba0ee0cd57119ad6cfb1\"},\"headline\":\"Godi\u0161njica premijere filma Dru\u0161tvo mrtvih pjesnika Petera Weira\",\"datePublished\":\"2023-06-02T14:45:06+00:00\",\"dateModified\":\"2023-06-02T21:19:41+00:00\",\"mainEntityOfPage\":{\"@id\":\"https:\/\/portfolio.glazboteka.com\/kcm\/godisnjica-premijere-filma-drustvo-mrtvih-pjesnika-petera-weira\/\"},\"wordCount\":315,\"commentCount\":0,\"publisher\":{\"@id\":\"https:\/\/portfolio.glazboteka.com\/kcm\/#organization\"},\"image\":{\"@id\":\"https:\/\/portfolio.glazboteka.com\/kcm\/godisnjica-premijere-filma-drustvo-mrtvih-pjesnika-petera-weira\/#primaryimage\"},\"thumbnailUrl\":\"https:\/\/portfolio.glazboteka.com\/kcm\/wp-content\/uploads\/2023\/06\/Drustvo-mrtvih-pjesnika.jpg\",\"keywords\":[\"Dead Poets Society\",\"drama\",\"Dru\u0161tvo mrtvih pjesnika\",\"Ethan Hawke\",\"Josh Charles\",\"Kurtwood Smith\",\"Peter Weir\",\"Robert Sean Leonard\",\"Robin Williams\"],\"articleSection\":[\"Film\",\"Umjetnost\"],\"inLanguage\":\"en-US\",\"potentialAction\":[{\"@type\":\"CommentAction\",\"name\":\"Comment\",\"target\":[\"https:\/\/portfolio.glazboteka.com\/kcm\/godisnjica-premijere-filma-drustvo-mrtvih-pjesnika-petera-weira\/#respond\"]}]},{\"@type\":\"WebPage\",\"@id\":\"https:\/\/portfolio.glazboteka.com\/kcm\/godisnjica-premijere-filma-drustvo-mrtvih-pjesnika-petera-weira\/\",\"url\":\"https:\/\/portfolio.glazboteka.com\/kcm\/godisnjica-premijere-filma-drustvo-mrtvih-pjesnika-petera-weira\/\",\"name\":\"Godi\u0161njica premijere filma Dru\u0161tvo mrtvih pjesnika Petera Weira - KCM\",\"isPartOf\":{\"@id\":\"https:\/\/portfolio.glazboteka.com\/kcm\/#website\"},\"primaryImageOfPage\":{\"@id\":\"https:\/\/portfolio.glazboteka.com\/kcm\/godisnjica-premijere-filma-drustvo-mrtvih-pjesnika-petera-weira\/#primaryimage\"},\"image\":{\"@id\":\"https:\/\/portfolio.glazboteka.com\/kcm\/godisnjica-premijere-filma-drustvo-mrtvih-pjesnika-petera-weira\/#primaryimage\"},\"thumbnailUrl\":\"https:\/\/portfolio.glazboteka.com\/kcm\/wp-content\/uploads\/2023\/06\/Drustvo-mrtvih-pjesnika.jpg\",\"datePublished\":\"2023-06-02T14:45:06+00:00\",\"dateModified\":\"2023-06-02T21:19:41+00:00\",\"description\":\"Osvojio je nagradu Oscar za najbolji scenarij, a tako\u0111er je nominiran za najbolji film, glavnoga glumca i re\u017eiju.\",\"inLanguage\":\"en-US\",\"potentialAction\":[{\"@type\":\"ReadAction\",\"target\":[\"https:\/\/portfolio.glazboteka.com\/kcm\/godisnjica-premijere-filma-drustvo-mrtvih-pjesnika-petera-weira\/\"]}]},{\"@type\":\"ImageObject\",\"inLanguage\":\"en-US\",\"@id\":\"https:\/\/portfolio.glazboteka.com\/kcm\/godisnjica-premijere-filma-drustvo-mrtvih-pjesnika-petera-weira\/#primaryimage\",\"url\":\"https:\/\/portfolio.glazboteka.com\/kcm\/wp-content\/uploads\/2023\/06\/Drustvo-mrtvih-pjesnika.jpg\",\"contentUrl\":\"https:\/\/portfolio.glazboteka.com\/kcm\/wp-content\/uploads\/2023\/06\/Drustvo-mrtvih-pjesnika.jpg\",\"width\":844,\"height\":1200},{\"@type\":\"WebSite\",\"@id\":\"https:\/\/portfolio.glazboteka.com\/kcm\/#website\",\"url\":\"https:\/\/portfolio.glazboteka.com\/kcm\/\",\"name\":\"KCM\",\"description\":\"Kulturni centar Multimedija\",\"publisher\":{\"@id\":\"https:\/\/portfolio.glazboteka.com\/kcm\/#organization\"},\"potentialAction\":[{\"@type\":\"SearchAction\",\"target\":{\"@type\":\"EntryPoint\",\"urlTemplate\":\"https:\/\/portfolio.glazboteka.com\/kcm\/?s={search_term_string}\"},\"query-input\":{\"@type\":\"PropertyValueSpecification\",\"valueRequired\":true,\"valueName\":\"search_term_string\"}}],\"inLanguage\":\"en-US\"},{\"@type\":\"Organization\",\"@id\":\"https:\/\/portfolio.glazboteka.com\/kcm\/#organization\",\"name\":\"KCM\",\"url\":\"https:\/\/portfolio.glazboteka.com\/kcm\/\",\"logo\":{\"@type\":\"ImageObject\",\"inLanguage\":\"en-US\",\"@id\":\"https:\/\/portfolio.glazboteka.com\/kcm\/#\/schema\/logo\/image\/\",\"url\":\"https:\/\/portfolio.glazboteka.com\/kcm\/wp-content\/uploads\/2022\/10\/KCM.jpg\",\"contentUrl\":\"https:\/\/portfolio.glazboteka.com\/kcm\/wp-content\/uploads\/2022\/10\/KCM.jpg\",\"width\":476,\"height\":419,\"caption\":\"KCM\"},\"image\":{\"@id\":\"https:\/\/portfolio.glazboteka.com\/kcm\/#\/schema\/logo\/image\/\"},\"sameAs\":[\"https:\/\/www.facebook.com\/KCMedija\/\",\"https:\/\/www.instagram.com\/kulturni_centar_mesnicka\/\"]},{\"@type\":\"Person\",\"@id\":\"https:\/\/portfolio.glazboteka.com\/kcm\/#\/schema\/person\/cc28eab64249ba0ee0cd57119ad6cfb1\",\"name\":\"admin\",\"image\":{\"@type\":\"ImageObject\",\"inLanguage\":\"en-US\",\"@id\":\"https:\/\/portfolio.glazboteka.com\/kcm\/#\/schema\/person\/image\/\",\"url\":\"https:\/\/secure.gravatar.com\/avatar\/adae78b005d32aabac5987ff3384a3c6da92fed0f1d86d3d250df8978a593a3f?s=96&d=mm&r=g\",\"contentUrl\":\"https:\/\/secure.gravatar.com\/avatar\/adae78b005d32aabac5987ff3384a3c6da92fed0f1d86d3d250df8978a593a3f?s=96&d=mm&r=g\",\"caption\":\"admin\"},\"sameAs\":[\"https:\/\/portfolio.glazboteka.com\/kcm\"],\"url\":\"https:\/\/portfolio.glazboteka.com\/kcm\/author\/admin\/\"}]}<\/script>\n<!-- \/ Yoast SEO plugin. -->","yoast_head_json":{"title":"Godi\u0161njica premijere filma Dru\u0161tvo mrtvih pjesnika Petera Weira - KCM","description":"Osvojio je nagradu Oscar za najbolji scenarij, a tako\u0111er je nominiran za najbolji film, glavnoga glumca i re\u017eiju.","robots":{"index":"index","follow":"follow","max-snippet":"max-snippet:-1","max-image-preview":"max-image-preview:large","max-video-preview":"max-video-preview:-1"},"canonical":"https:\/\/portfolio.glazboteka.com\/kcm\/godisnjica-premijere-filma-drustvo-mrtvih-pjesnika-petera-weira\/","og_locale":"en_US","og_type":"article","og_title":"Godi\u0161njica premijere filma Dru\u0161tvo mrtvih pjesnika Petera Weira - KCM","og_description":"Osvojio je nagradu Oscar za najbolji scenarij, a tako\u0111er je nominiran za najbolji film, glavnoga glumca i re\u017eiju.","og_url":"https:\/\/portfolio.glazboteka.com\/kcm\/godisnjica-premijere-filma-drustvo-mrtvih-pjesnika-petera-weira\/","og_site_name":"KCM","article_publisher":"https:\/\/www.facebook.com\/KCMedija\/","article_published_time":"2023-06-02T14:45:06+00:00","article_modified_time":"2023-06-02T21:19:41+00:00","og_image":[{"width":844,"height":1200,"url":"https:\/\/portfolio.glazboteka.com\/kcm\/wp-content\/uploads\/2023\/06\/Drustvo-mrtvih-pjesnika.jpg","type":"image\/jpeg"}],"author":"admin","twitter_card":"summary_large_image","twitter_misc":{"Written by":"admin","Est. reading time":"2 minutes"},"schema":{"@context":"https:\/\/schema.org","@graph":[{"@type":"Article","@id":"https:\/\/portfolio.glazboteka.com\/kcm\/godisnjica-premijere-filma-drustvo-mrtvih-pjesnika-petera-weira\/#article","isPartOf":{"@id":"https:\/\/portfolio.glazboteka.com\/kcm\/godisnjica-premijere-filma-drustvo-mrtvih-pjesnika-petera-weira\/"},"author":{"name":"admin","@id":"https:\/\/portfolio.glazboteka.com\/kcm\/#\/schema\/person\/cc28eab64249ba0ee0cd57119ad6cfb1"},"headline":"Godi\u0161njica premijere filma Dru\u0161tvo mrtvih pjesnika Petera Weira","datePublished":"2023-06-02T14:45:06+00:00","dateModified":"2023-06-02T21:19:41+00:00","mainEntityOfPage":{"@id":"https:\/\/portfolio.glazboteka.com\/kcm\/godisnjica-premijere-filma-drustvo-mrtvih-pjesnika-petera-weira\/"},"wordCount":315,"commentCount":0,"publisher":{"@id":"https:\/\/portfolio.glazboteka.com\/kcm\/#organization"},"image":{"@id":"https:\/\/portfolio.glazboteka.com\/kcm\/godisnjica-premijere-filma-drustvo-mrtvih-pjesnika-petera-weira\/#primaryimage"},"thumbnailUrl":"https:\/\/portfolio.glazboteka.com\/kcm\/wp-content\/uploads\/2023\/06\/Drustvo-mrtvih-pjesnika.jpg","keywords":["Dead Poets Society","drama","Dru\u0161tvo mrtvih pjesnika","Ethan Hawke","Josh Charles","Kurtwood Smith","Peter Weir","Robert Sean Leonard","Robin Williams"],"articleSection":["Film","Umjetnost"],"inLanguage":"en-US","potentialAction":[{"@type":"CommentAction","name":"Comment","target":["https:\/\/portfolio.glazboteka.com\/kcm\/godisnjica-premijere-filma-drustvo-mrtvih-pjesnika-petera-weira\/#respond"]}]},{"@type":"WebPage","@id":"https:\/\/portfolio.glazboteka.com\/kcm\/godisnjica-premijere-filma-drustvo-mrtvih-pjesnika-petera-weira\/","url":"https:\/\/portfolio.glazboteka.com\/kcm\/godisnjica-premijere-filma-drustvo-mrtvih-pjesnika-petera-weira\/","name":"Godi\u0161njica premijere filma Dru\u0161tvo mrtvih pjesnika Petera Weira - KCM","isPartOf":{"@id":"https:\/\/portfolio.glazboteka.com\/kcm\/#website"},"primaryImageOfPage":{"@id":"https:\/\/portfolio.glazboteka.com\/kcm\/godisnjica-premijere-filma-drustvo-mrtvih-pjesnika-petera-weira\/#primaryimage"},"image":{"@id":"https:\/\/portfolio.glazboteka.com\/kcm\/godisnjica-premijere-filma-drustvo-mrtvih-pjesnika-petera-weira\/#primaryimage"},"thumbnailUrl":"https:\/\/portfolio.glazboteka.com\/kcm\/wp-content\/uploads\/2023\/06\/Drustvo-mrtvih-pjesnika.jpg","datePublished":"2023-06-02T14:45:06+00:00","dateModified":"2023-06-02T21:19:41+00:00","description":"Osvojio je nagradu Oscar za najbolji scenarij, a tako\u0111er je nominiran za najbolji film, glavnoga glumca i re\u017eiju.","inLanguage":"en-US","potentialAction":[{"@type":"ReadAction","target":["https:\/\/portfolio.glazboteka.com\/kcm\/godisnjica-premijere-filma-drustvo-mrtvih-pjesnika-petera-weira\/"]}]},{"@type":"ImageObject","inLanguage":"en-US","@id":"https:\/\/portfolio.glazboteka.com\/kcm\/godisnjica-premijere-filma-drustvo-mrtvih-pjesnika-petera-weira\/#primaryimage","url":"https:\/\/portfolio.glazboteka.com\/kcm\/wp-content\/uploads\/2023\/06\/Drustvo-mrtvih-pjesnika.jpg","contentUrl":"https:\/\/portfolio.glazboteka.com\/kcm\/wp-content\/uploads\/2023\/06\/Drustvo-mrtvih-pjesnika.jpg","width":844,"height":1200},{"@type":"WebSite","@id":"https:\/\/portfolio.glazboteka.com\/kcm\/#website","url":"https:\/\/portfolio.glazboteka.com\/kcm\/","name":"KCM","description":"Kulturni centar Multimedija","publisher":{"@id":"https:\/\/portfolio.glazboteka.com\/kcm\/#organization"},"potentialAction":[{"@type":"SearchAction","target":{"@type":"EntryPoint","urlTemplate":"https:\/\/portfolio.glazboteka.com\/kcm\/?s={search_term_string}"},"query-input":{"@type":"PropertyValueSpecification","valueRequired":true,"valueName":"search_term_string"}}],"inLanguage":"en-US"},{"@type":"Organization","@id":"https:\/\/portfolio.glazboteka.com\/kcm\/#organization","name":"KCM","url":"https:\/\/portfolio.glazboteka.com\/kcm\/","logo":{"@type":"ImageObject","inLanguage":"en-US","@id":"https:\/\/portfolio.glazboteka.com\/kcm\/#\/schema\/logo\/image\/","url":"https:\/\/portfolio.glazboteka.com\/kcm\/wp-content\/uploads\/2022\/10\/KCM.jpg","contentUrl":"https:\/\/portfolio.glazboteka.com\/kcm\/wp-content\/uploads\/2022\/10\/KCM.jpg","width":476,"height":419,"caption":"KCM"},"image":{"@id":"https:\/\/portfolio.glazboteka.com\/kcm\/#\/schema\/logo\/image\/"},"sameAs":["https:\/\/www.facebook.com\/KCMedija\/","https:\/\/www.instagram.com\/kulturni_centar_mesnicka\/"]},{"@type":"Person","@id":"https:\/\/portfolio.glazboteka.com\/kcm\/#\/schema\/person\/cc28eab64249ba0ee0cd57119ad6cfb1","name":"admin","image":{"@type":"ImageObject","inLanguage":"en-US","@id":"https:\/\/portfolio.glazboteka.com\/kcm\/#\/schema\/person\/image\/","url":"https:\/\/secure.gravatar.com\/avatar\/adae78b005d32aabac5987ff3384a3c6da92fed0f1d86d3d250df8978a593a3f?s=96&d=mm&r=g","contentUrl":"https:\/\/secure.gravatar.com\/avatar\/adae78b005d32aabac5987ff3384a3c6da92fed0f1d86d3d250df8978a593a3f?s=96&d=mm&r=g","caption":"admin"},"sameAs":["https:\/\/portfolio.glazboteka.com\/kcm"],"url":"https:\/\/portfolio.glazboteka.com\/kcm\/author\/admin\/"}]}},"_links":{"self":[{"href":"https:\/\/portfolio.glazboteka.com\/kcm\/wp-json\/wp\/v2\/posts\/5769","targetHints":{"allow":["GET"]}}],"collection":[{"href":"https:\/\/portfolio.glazboteka.com\/kcm\/wp-json\/wp\/v2\/posts"}],"about":[{"href":"https:\/\/portfolio.glazboteka.com\/kcm\/wp-json\/wp\/v2\/types\/post"}],"author":[{"embeddable":true,"href":"https:\/\/portfolio.glazboteka.com\/kcm\/wp-json\/wp\/v2\/users\/1"}],"replies":[{"embeddable":true,"href":"https:\/\/portfolio.glazboteka.com\/kcm\/wp-json\/wp\/v2\/comments?post=5769"}],"version-history":[{"count":0,"href":"https:\/\/portfolio.glazboteka.com\/kcm\/wp-json\/wp\/v2\/posts\/5769\/revisions"}],"wp:featuredmedia":[{"embeddable":true,"href":"https:\/\/portfolio.glazboteka.com\/kcm\/wp-json\/wp\/v2\/media\/5771"}],"wp:attachment":[{"href":"https:\/\/portfolio.glazboteka.com\/kcm\/wp-json\/wp\/v2\/media?parent=5769"}],"wp:term":[{"taxonomy":"category","embeddable":true,"href":"https:\/\/portfolio.glazboteka.com\/kcm\/wp-json\/wp\/v2\/categories?post=5769"},{"taxonomy":"post_tag","embeddable":true,"href":"https:\/\/portfolio.glazboteka.com\/kcm\/wp-json\/wp\/v2\/tags?post=5769"}],"curies":[{"name":"wp","href":"https:\/\/api.w.org\/{rel}","templated":true}]}}