{"id":6539,"date":"2023-07-03T15:47:59","date_gmt":"2023-07-03T13:47:59","guid":{"rendered":"https:\/\/portfolio.glazboteka.com\/kcm\/?p=6539"},"modified":"2023-07-06T04:20:19","modified_gmt":"2023-07-06T02:20:19","slug":"godisnjica-objavljivanja-albuma-lights-camera-revolution-grupe-suicidal-tendencies","status":"publish","type":"post","link":"https:\/\/portfolio.glazboteka.com\/kcm\/godisnjica-objavljivanja-albuma-lights-camera-revolution-grupe-suicidal-tendencies\/","title":{"rendered":"Godi\u0161njica objavljivanja albuma Lights&#8230; Camera&#8230; Revolution! grupe Suicidal Tendencies"},"content":{"rendered":"<p>&#8220;Lights&#8230; Camera&#8230; Revolution!&#8221; (Epic) peti je studijski album ameri\u010dkog <em>crossover-thrash<\/em> benda Suicidal Tendencies, objavljen na dana\u0161nji dan, 3. srpnja 1990. godine.<\/p>\n<p>Bilo je to prvo izdanje na kojem je bas svirao dana\u0161nji basist Metallice Robert Trujillo, koji \u0107e sa sastavom ostati na jo\u0161 tri sljede\u0107a albuma. Tako\u0111er, bio je to posljednji studijski album na kojem je bubnjeve svirao R. J. Herrera, koji se bendu pridru\u017eio sviraju\u0107i na albumu &#8220;Join the Army&#8221; iz 1987. godine.<\/p>\n<p>&#8220;Lights&#8230; Camera&#8230; Revolution!&#8221; ostat \u0107e uglavnom upam\u0107en kao album kojim se bend po\u010deo vi\u0161e udaljavati od svojih <em>crossover-thrash<\/em> korijena okrenuv\u0161i se prema tada sve popularnijem <em>thrash metalu<\/em>. Aran\u017emani pjesama, ali i tekstovi postali su znatno slo\u017eeniji, uz zamjetan utjecaj <em>funka<\/em>, \u0161to se naj\u010de\u0161\u0107e pripisuje prido\u0161lici, basistu Robertu Trujillu.<\/p>\n<p>Album &#8220;Lights&#8230; Camera&#8230; Revolution!&#8221; bend je snimao od prosinca 1989. do travnja 1990. godine u losan\u0111eleskim studijima Rumbo i Amigo u produkciji Marka Dodsona i samog benda, koji je te 1989.\/90. nastupao u sastavu Mike Muir i Rocky George kao glavni vokalisti, Mike Clark na gitari te ve\u0107 spomenuta ritam-sekcija Trujillo i Herrera.<\/p>\n<p>Naslovnica albuma snimljena je u Vista Theatreu na adresi 4473 Sunset Drive u Los Felizu, na kojoj Mikea Clarka, R. J. Herreru i Roberta Trujilla promatramo kako stoje na vrhu kazali\u0161noga znaka, a pjeva\u010de Rockyja Georgea i Mikea Muira vidimo na gornjem desnom prozoru zgrade.<\/p>\n<p>Popis pjesama: 1. You Can&#8217;t Bring Me Down | 2. Lost Again | 3. Alone | 4. Lovely | 5. Give It Revolution | 6. Get Whacked | 7. Send Me Your Money | 8. Emotion No. 13 | 9. Disco&#8217;s Out, Murder&#8217;s In | 10. Go&#8217;n Breakdown.<\/p>\n<p><strong>Goran \u010celig<\/strong><\/p>\n","protected":false},"excerpt":{"rendered":"<p>\u201cLights\u2026 Camera\u2026 Revolution!\u201d ostat \u0107e uglavnom upam\u0107en kao album kojim se bend po\u010deo vi\u0161e udaljavati od svojih crossover-thrash korijena&#8230;<\/p>\n","protected":false},"author":1,"featured_media":6540,"comment_status":"open","ping_status":"open","sticky":false,"template":"","format":"standard","meta":{"ngg_post_thumbnail":0,"ocean_post_layout":"","ocean_both_sidebars_style":"","ocean_both_sidebars_content_width":0,"ocean_both_sidebars_sidebars_width":0,"ocean_sidebar":"0","ocean_second_sidebar":"0","ocean_disable_margins":"enable","ocean_add_body_class":"","ocean_shortcode_before_top_bar":"","ocean_shortcode_after_top_bar":"","ocean_shortcode_before_header":"","ocean_shortcode_after_header":"","ocean_has_shortcode":"","ocean_shortcode_after_title":"","ocean_shortcode_before_footer_widgets":"","ocean_shortcode_after_footer_widgets":"","ocean_shortcode_before_footer_bottom":"","ocean_shortcode_after_footer_bottom":"","ocean_display_top_bar":"default","ocean_display_header":"default","ocean_header_style":"","ocean_center_header_left_menu":"0","ocean_custom_header_template":"0","ocean_custom_logo":0,"ocean_custom_retina_logo":0,"ocean_custom_logo_max_width":0,"ocean_custom_logo_tablet_max_width":0,"ocean_custom_logo_mobile_max_width":0,"ocean_custom_logo_max_height":0,"ocean_custom_logo_tablet_max_height":0,"ocean_custom_logo_mobile_max_height":0,"ocean_header_custom_menu":"0","ocean_menu_typo_font_family":"0","ocean_menu_typo_font_subset":"","ocean_menu_typo_font_size":0,"ocean_menu_typo_font_size_tablet":0,"ocean_menu_typo_font_size_mobile":0,"ocean_menu_typo_font_size_unit":"px","ocean_menu_typo_font_weight":"","ocean_menu_typo_font_weight_tablet":"","ocean_menu_typo_font_weight_mobile":"","ocean_menu_typo_transform":"","ocean_menu_typo_transform_tablet":"","ocean_menu_typo_transform_mobile":"","ocean_menu_typo_line_height":0,"ocean_menu_typo_line_height_tablet":0,"ocean_menu_typo_line_height_mobile":0,"ocean_menu_typo_line_height_unit":"","ocean_menu_typo_spacing":0,"ocean_menu_typo_spacing_tablet":0,"ocean_menu_typo_spacing_mobile":0,"ocean_menu_typo_spacing_unit":"","ocean_menu_link_color":"","ocean_menu_link_color_hover":"","ocean_menu_link_color_active":"","ocean_menu_link_background":"","ocean_menu_link_hover_background":"","ocean_menu_link_active_background":"","ocean_menu_social_links_bg":"","ocean_menu_social_hover_links_bg":"","ocean_menu_social_links_color":"","ocean_menu_social_hover_links_color":"","ocean_disable_title":"default","ocean_disable_heading":"default","ocean_post_title":"","ocean_post_subheading":"","ocean_post_title_style":"","ocean_post_title_background_color":"","ocean_post_title_background":0,"ocean_post_title_bg_image_position":"","ocean_post_title_bg_image_attachment":"","ocean_post_title_bg_image_repeat":"","ocean_post_title_bg_image_size":"","ocean_post_title_height":0,"ocean_post_title_bg_overlay":0.5,"ocean_post_title_bg_overlay_color":"","ocean_disable_breadcrumbs":"default","ocean_breadcrumbs_color":"","ocean_breadcrumbs_separator_color":"","ocean_breadcrumbs_links_color":"","ocean_breadcrumbs_links_hover_color":"","ocean_display_footer_widgets":"default","ocean_display_footer_bottom":"default","ocean_custom_footer_template":"0","ocean_post_oembed":"","ocean_post_self_hosted_media":"","ocean_post_video_embed":"","ocean_link_format":"","ocean_link_format_target":"self","ocean_quote_format":"","ocean_quote_format_link":"post","ocean_gallery_link_images":"off","ocean_gallery_id":[],"footnotes":""},"categories":[4,227],"tags":[5616,3616,6702,6705,6703,6707,6706,6704,3071,1082],"class_list":["post-6539","post","type-post","status-publish","format-standard","has-post-thumbnail","hentry","category-glazba","category-umjetnost","tag-crossover-thrash","tag-funk-metal","tag-lights-camera-revolution","tag-mike-clark","tag-mike-muir","tag-r-j-herrera","tag-robert-trujillo","tag-rocky-george","tag-suicidal-tendencies","tag-thrash-metal","entry","has-media"],"yoast_head":"<!-- This site is optimized with the Yoast SEO plugin v24.9 - https:\/\/yoast.com\/wordpress\/plugins\/seo\/ -->\n<title>Godi\u0161njica objavljivanja albuma Lights... Camera... Revolution! grupe Suicidal Tendencies - KCM<\/title>\n<meta name=\"description\" content=\"\u201cLights\u2026 Camera\u2026 Revolution!\u201d ostat \u0107e uglavnom upam\u0107en kao album kojim se bend po\u010deo vi\u0161e udaljavati od svojih crossover-thrash korijena...\" \/>\n<meta name=\"robots\" content=\"index, follow, max-snippet:-1, max-image-preview:large, max-video-preview:-1\" \/>\n<link rel=\"canonical\" href=\"https:\/\/portfolio.glazboteka.com\/kcm\/godisnjica-objavljivanja-albuma-lights-camera-revolution-grupe-suicidal-tendencies\/\" \/>\n<meta property=\"og:locale\" content=\"en_US\" \/>\n<meta property=\"og:type\" content=\"article\" \/>\n<meta property=\"og:title\" content=\"Godi\u0161njica objavljivanja albuma Lights... Camera... Revolution! grupe Suicidal Tendencies - KCM\" \/>\n<meta property=\"og:description\" content=\"\u201cLights\u2026 Camera\u2026 Revolution!\u201d ostat \u0107e uglavnom upam\u0107en kao album kojim se bend po\u010deo vi\u0161e udaljavati od svojih crossover-thrash korijena...\" \/>\n<meta property=\"og:url\" content=\"https:\/\/portfolio.glazboteka.com\/kcm\/godisnjica-objavljivanja-albuma-lights-camera-revolution-grupe-suicidal-tendencies\/\" \/>\n<meta property=\"og:site_name\" content=\"KCM\" \/>\n<meta property=\"article:publisher\" content=\"https:\/\/www.facebook.com\/KCMedija\/\" \/>\n<meta property=\"article:published_time\" content=\"2023-07-03T13:47:59+00:00\" \/>\n<meta property=\"article:modified_time\" content=\"2023-07-06T02:20:19+00:00\" \/>\n<meta property=\"og:image\" content=\"https:\/\/portfolio.glazboteka.com\/kcm\/wp-content\/uploads\/2023\/07\/Lights.-Camera.-Revolution.jpg\" \/>\n\t<meta property=\"og:image:width\" content=\"1000\" \/>\n\t<meta property=\"og:image:height\" content=\"1000\" \/>\n\t<meta property=\"og:image:type\" content=\"image\/jpeg\" \/>\n<meta name=\"author\" content=\"admin\" \/>\n<meta name=\"twitter:card\" content=\"summary_large_image\" \/>\n<meta name=\"twitter:label1\" content=\"Written by\" \/>\n\t<meta name=\"twitter:data1\" content=\"admin\" \/>\n\t<meta name=\"twitter:label2\" content=\"Est. reading time\" \/>\n\t<meta name=\"twitter:data2\" content=\"1 minute\" \/>\n<script type=\"application\/ld+json\" class=\"yoast-schema-graph\">{\"@context\":\"https:\/\/schema.org\",\"@graph\":[{\"@type\":\"Article\",\"@id\":\"https:\/\/portfolio.glazboteka.com\/kcm\/godisnjica-objavljivanja-albuma-lights-camera-revolution-grupe-suicidal-tendencies\/#article\",\"isPartOf\":{\"@id\":\"https:\/\/portfolio.glazboteka.com\/kcm\/godisnjica-objavljivanja-albuma-lights-camera-revolution-grupe-suicidal-tendencies\/\"},\"author\":{\"name\":\"admin\",\"@id\":\"https:\/\/portfolio.glazboteka.com\/kcm\/#\/schema\/person\/cc28eab64249ba0ee0cd57119ad6cfb1\"},\"headline\":\"Godi\u0161njica objavljivanja albuma Lights&#8230; Camera&#8230; Revolution! grupe Suicidal Tendencies\",\"datePublished\":\"2023-07-03T13:47:59+00:00\",\"dateModified\":\"2023-07-06T02:20:19+00:00\",\"mainEntityOfPage\":{\"@id\":\"https:\/\/portfolio.glazboteka.com\/kcm\/godisnjica-objavljivanja-albuma-lights-camera-revolution-grupe-suicidal-tendencies\/\"},\"wordCount\":272,\"commentCount\":0,\"publisher\":{\"@id\":\"https:\/\/portfolio.glazboteka.com\/kcm\/#organization\"},\"image\":{\"@id\":\"https:\/\/portfolio.glazboteka.com\/kcm\/godisnjica-objavljivanja-albuma-lights-camera-revolution-grupe-suicidal-tendencies\/#primaryimage\"},\"thumbnailUrl\":\"https:\/\/portfolio.glazboteka.com\/kcm\/wp-content\/uploads\/2023\/07\/Lights.-Camera.-Revolution.jpg\",\"keywords\":[\"crossover-thrash\",\"funk-metal\",\"Lights... Camera... Revolution!\",\"Mike Clark\",\"Mike Muir\",\"R. J. Herrera\",\"Robert Trujillo\",\"Rocky George\",\"Suicidal Tendencies\",\"thrash metal\"],\"articleSection\":[\"Glazba\",\"Umjetnost\"],\"inLanguage\":\"en-US\",\"potentialAction\":[{\"@type\":\"CommentAction\",\"name\":\"Comment\",\"target\":[\"https:\/\/portfolio.glazboteka.com\/kcm\/godisnjica-objavljivanja-albuma-lights-camera-revolution-grupe-suicidal-tendencies\/#respond\"]}]},{\"@type\":\"WebPage\",\"@id\":\"https:\/\/portfolio.glazboteka.com\/kcm\/godisnjica-objavljivanja-albuma-lights-camera-revolution-grupe-suicidal-tendencies\/\",\"url\":\"https:\/\/portfolio.glazboteka.com\/kcm\/godisnjica-objavljivanja-albuma-lights-camera-revolution-grupe-suicidal-tendencies\/\",\"name\":\"Godi\u0161njica objavljivanja albuma Lights... Camera... Revolution! grupe Suicidal Tendencies - KCM\",\"isPartOf\":{\"@id\":\"https:\/\/portfolio.glazboteka.com\/kcm\/#website\"},\"primaryImageOfPage\":{\"@id\":\"https:\/\/portfolio.glazboteka.com\/kcm\/godisnjica-objavljivanja-albuma-lights-camera-revolution-grupe-suicidal-tendencies\/#primaryimage\"},\"image\":{\"@id\":\"https:\/\/portfolio.glazboteka.com\/kcm\/godisnjica-objavljivanja-albuma-lights-camera-revolution-grupe-suicidal-tendencies\/#primaryimage\"},\"thumbnailUrl\":\"https:\/\/portfolio.glazboteka.com\/kcm\/wp-content\/uploads\/2023\/07\/Lights.-Camera.-Revolution.jpg\",\"datePublished\":\"2023-07-03T13:47:59+00:00\",\"dateModified\":\"2023-07-06T02:20:19+00:00\",\"description\":\"\u201cLights\u2026 Camera\u2026 Revolution!\u201d ostat \u0107e uglavnom upam\u0107en kao album kojim se bend po\u010deo vi\u0161e udaljavati od svojih crossover-thrash korijena...\",\"inLanguage\":\"en-US\",\"potentialAction\":[{\"@type\":\"ReadAction\",\"target\":[\"https:\/\/portfolio.glazboteka.com\/kcm\/godisnjica-objavljivanja-albuma-lights-camera-revolution-grupe-suicidal-tendencies\/\"]}]},{\"@type\":\"ImageObject\",\"inLanguage\":\"en-US\",\"@id\":\"https:\/\/portfolio.glazboteka.com\/kcm\/godisnjica-objavljivanja-albuma-lights-camera-revolution-grupe-suicidal-tendencies\/#primaryimage\",\"url\":\"https:\/\/portfolio.glazboteka.com\/kcm\/wp-content\/uploads\/2023\/07\/Lights.-Camera.-Revolution.jpg\",\"contentUrl\":\"https:\/\/portfolio.glazboteka.com\/kcm\/wp-content\/uploads\/2023\/07\/Lights.-Camera.-Revolution.jpg\",\"width\":1000,\"height\":1000},{\"@type\":\"WebSite\",\"@id\":\"https:\/\/portfolio.glazboteka.com\/kcm\/#website\",\"url\":\"https:\/\/portfolio.glazboteka.com\/kcm\/\",\"name\":\"KCM\",\"description\":\"Kulturni centar Multimedija\",\"publisher\":{\"@id\":\"https:\/\/portfolio.glazboteka.com\/kcm\/#organization\"},\"potentialAction\":[{\"@type\":\"SearchAction\",\"target\":{\"@type\":\"EntryPoint\",\"urlTemplate\":\"https:\/\/portfolio.glazboteka.com\/kcm\/?s={search_term_string}\"},\"query-input\":{\"@type\":\"PropertyValueSpecification\",\"valueRequired\":true,\"valueName\":\"search_term_string\"}}],\"inLanguage\":\"en-US\"},{\"@type\":\"Organization\",\"@id\":\"https:\/\/portfolio.glazboteka.com\/kcm\/#organization\",\"name\":\"KCM\",\"url\":\"https:\/\/portfolio.glazboteka.com\/kcm\/\",\"logo\":{\"@type\":\"ImageObject\",\"inLanguage\":\"en-US\",\"@id\":\"https:\/\/portfolio.glazboteka.com\/kcm\/#\/schema\/logo\/image\/\",\"url\":\"https:\/\/portfolio.glazboteka.com\/kcm\/wp-content\/uploads\/2022\/10\/KCM.jpg\",\"contentUrl\":\"https:\/\/portfolio.glazboteka.com\/kcm\/wp-content\/uploads\/2022\/10\/KCM.jpg\",\"width\":476,\"height\":419,\"caption\":\"KCM\"},\"image\":{\"@id\":\"https:\/\/portfolio.glazboteka.com\/kcm\/#\/schema\/logo\/image\/\"},\"sameAs\":[\"https:\/\/www.facebook.com\/KCMedija\/\",\"https:\/\/www.instagram.com\/kulturni_centar_mesnicka\/\"]},{\"@type\":\"Person\",\"@id\":\"https:\/\/portfolio.glazboteka.com\/kcm\/#\/schema\/person\/cc28eab64249ba0ee0cd57119ad6cfb1\",\"name\":\"admin\",\"image\":{\"@type\":\"ImageObject\",\"inLanguage\":\"en-US\",\"@id\":\"https:\/\/portfolio.glazboteka.com\/kcm\/#\/schema\/person\/image\/\",\"url\":\"https:\/\/secure.gravatar.com\/avatar\/adae78b005d32aabac5987ff3384a3c6da92fed0f1d86d3d250df8978a593a3f?s=96&d=mm&r=g\",\"contentUrl\":\"https:\/\/secure.gravatar.com\/avatar\/adae78b005d32aabac5987ff3384a3c6da92fed0f1d86d3d250df8978a593a3f?s=96&d=mm&r=g\",\"caption\":\"admin\"},\"sameAs\":[\"https:\/\/portfolio.glazboteka.com\/kcm\"],\"url\":\"https:\/\/portfolio.glazboteka.com\/kcm\/author\/admin\/\"}]}<\/script>\n<!-- \/ Yoast SEO plugin. -->","yoast_head_json":{"title":"Godi\u0161njica objavljivanja albuma Lights... Camera... Revolution! grupe Suicidal Tendencies - KCM","description":"\u201cLights\u2026 Camera\u2026 Revolution!\u201d ostat \u0107e uglavnom upam\u0107en kao album kojim se bend po\u010deo vi\u0161e udaljavati od svojih crossover-thrash korijena...","robots":{"index":"index","follow":"follow","max-snippet":"max-snippet:-1","max-image-preview":"max-image-preview:large","max-video-preview":"max-video-preview:-1"},"canonical":"https:\/\/portfolio.glazboteka.com\/kcm\/godisnjica-objavljivanja-albuma-lights-camera-revolution-grupe-suicidal-tendencies\/","og_locale":"en_US","og_type":"article","og_title":"Godi\u0161njica objavljivanja albuma Lights... Camera... Revolution! grupe Suicidal Tendencies - KCM","og_description":"\u201cLights\u2026 Camera\u2026 Revolution!\u201d ostat \u0107e uglavnom upam\u0107en kao album kojim se bend po\u010deo vi\u0161e udaljavati od svojih crossover-thrash korijena...","og_url":"https:\/\/portfolio.glazboteka.com\/kcm\/godisnjica-objavljivanja-albuma-lights-camera-revolution-grupe-suicidal-tendencies\/","og_site_name":"KCM","article_publisher":"https:\/\/www.facebook.com\/KCMedija\/","article_published_time":"2023-07-03T13:47:59+00:00","article_modified_time":"2023-07-06T02:20:19+00:00","og_image":[{"width":1000,"height":1000,"url":"https:\/\/portfolio.glazboteka.com\/kcm\/wp-content\/uploads\/2023\/07\/Lights.-Camera.-Revolution.jpg","type":"image\/jpeg"}],"author":"admin","twitter_card":"summary_large_image","twitter_misc":{"Written by":"admin","Est. reading time":"1 minute"},"schema":{"@context":"https:\/\/schema.org","@graph":[{"@type":"Article","@id":"https:\/\/portfolio.glazboteka.com\/kcm\/godisnjica-objavljivanja-albuma-lights-camera-revolution-grupe-suicidal-tendencies\/#article","isPartOf":{"@id":"https:\/\/portfolio.glazboteka.com\/kcm\/godisnjica-objavljivanja-albuma-lights-camera-revolution-grupe-suicidal-tendencies\/"},"author":{"name":"admin","@id":"https:\/\/portfolio.glazboteka.com\/kcm\/#\/schema\/person\/cc28eab64249ba0ee0cd57119ad6cfb1"},"headline":"Godi\u0161njica objavljivanja albuma Lights&#8230; Camera&#8230; Revolution! grupe Suicidal Tendencies","datePublished":"2023-07-03T13:47:59+00:00","dateModified":"2023-07-06T02:20:19+00:00","mainEntityOfPage":{"@id":"https:\/\/portfolio.glazboteka.com\/kcm\/godisnjica-objavljivanja-albuma-lights-camera-revolution-grupe-suicidal-tendencies\/"},"wordCount":272,"commentCount":0,"publisher":{"@id":"https:\/\/portfolio.glazboteka.com\/kcm\/#organization"},"image":{"@id":"https:\/\/portfolio.glazboteka.com\/kcm\/godisnjica-objavljivanja-albuma-lights-camera-revolution-grupe-suicidal-tendencies\/#primaryimage"},"thumbnailUrl":"https:\/\/portfolio.glazboteka.com\/kcm\/wp-content\/uploads\/2023\/07\/Lights.-Camera.-Revolution.jpg","keywords":["crossover-thrash","funk-metal","Lights... Camera... Revolution!","Mike Clark","Mike Muir","R. J. Herrera","Robert Trujillo","Rocky George","Suicidal Tendencies","thrash metal"],"articleSection":["Glazba","Umjetnost"],"inLanguage":"en-US","potentialAction":[{"@type":"CommentAction","name":"Comment","target":["https:\/\/portfolio.glazboteka.com\/kcm\/godisnjica-objavljivanja-albuma-lights-camera-revolution-grupe-suicidal-tendencies\/#respond"]}]},{"@type":"WebPage","@id":"https:\/\/portfolio.glazboteka.com\/kcm\/godisnjica-objavljivanja-albuma-lights-camera-revolution-grupe-suicidal-tendencies\/","url":"https:\/\/portfolio.glazboteka.com\/kcm\/godisnjica-objavljivanja-albuma-lights-camera-revolution-grupe-suicidal-tendencies\/","name":"Godi\u0161njica objavljivanja albuma Lights... Camera... Revolution! grupe Suicidal Tendencies - KCM","isPartOf":{"@id":"https:\/\/portfolio.glazboteka.com\/kcm\/#website"},"primaryImageOfPage":{"@id":"https:\/\/portfolio.glazboteka.com\/kcm\/godisnjica-objavljivanja-albuma-lights-camera-revolution-grupe-suicidal-tendencies\/#primaryimage"},"image":{"@id":"https:\/\/portfolio.glazboteka.com\/kcm\/godisnjica-objavljivanja-albuma-lights-camera-revolution-grupe-suicidal-tendencies\/#primaryimage"},"thumbnailUrl":"https:\/\/portfolio.glazboteka.com\/kcm\/wp-content\/uploads\/2023\/07\/Lights.-Camera.-Revolution.jpg","datePublished":"2023-07-03T13:47:59+00:00","dateModified":"2023-07-06T02:20:19+00:00","description":"\u201cLights\u2026 Camera\u2026 Revolution!\u201d ostat \u0107e uglavnom upam\u0107en kao album kojim se bend po\u010deo vi\u0161e udaljavati od svojih crossover-thrash korijena...","inLanguage":"en-US","potentialAction":[{"@type":"ReadAction","target":["https:\/\/portfolio.glazboteka.com\/kcm\/godisnjica-objavljivanja-albuma-lights-camera-revolution-grupe-suicidal-tendencies\/"]}]},{"@type":"ImageObject","inLanguage":"en-US","@id":"https:\/\/portfolio.glazboteka.com\/kcm\/godisnjica-objavljivanja-albuma-lights-camera-revolution-grupe-suicidal-tendencies\/#primaryimage","url":"https:\/\/portfolio.glazboteka.com\/kcm\/wp-content\/uploads\/2023\/07\/Lights.-Camera.-Revolution.jpg","contentUrl":"https:\/\/portfolio.glazboteka.com\/kcm\/wp-content\/uploads\/2023\/07\/Lights.-Camera.-Revolution.jpg","width":1000,"height":1000},{"@type":"WebSite","@id":"https:\/\/portfolio.glazboteka.com\/kcm\/#website","url":"https:\/\/portfolio.glazboteka.com\/kcm\/","name":"KCM","description":"Kulturni centar Multimedija","publisher":{"@id":"https:\/\/portfolio.glazboteka.com\/kcm\/#organization"},"potentialAction":[{"@type":"SearchAction","target":{"@type":"EntryPoint","urlTemplate":"https:\/\/portfolio.glazboteka.com\/kcm\/?s={search_term_string}"},"query-input":{"@type":"PropertyValueSpecification","valueRequired":true,"valueName":"search_term_string"}}],"inLanguage":"en-US"},{"@type":"Organization","@id":"https:\/\/portfolio.glazboteka.com\/kcm\/#organization","name":"KCM","url":"https:\/\/portfolio.glazboteka.com\/kcm\/","logo":{"@type":"ImageObject","inLanguage":"en-US","@id":"https:\/\/portfolio.glazboteka.com\/kcm\/#\/schema\/logo\/image\/","url":"https:\/\/portfolio.glazboteka.com\/kcm\/wp-content\/uploads\/2022\/10\/KCM.jpg","contentUrl":"https:\/\/portfolio.glazboteka.com\/kcm\/wp-content\/uploads\/2022\/10\/KCM.jpg","width":476,"height":419,"caption":"KCM"},"image":{"@id":"https:\/\/portfolio.glazboteka.com\/kcm\/#\/schema\/logo\/image\/"},"sameAs":["https:\/\/www.facebook.com\/KCMedija\/","https:\/\/www.instagram.com\/kulturni_centar_mesnicka\/"]},{"@type":"Person","@id":"https:\/\/portfolio.glazboteka.com\/kcm\/#\/schema\/person\/cc28eab64249ba0ee0cd57119ad6cfb1","name":"admin","image":{"@type":"ImageObject","inLanguage":"en-US","@id":"https:\/\/portfolio.glazboteka.com\/kcm\/#\/schema\/person\/image\/","url":"https:\/\/secure.gravatar.com\/avatar\/adae78b005d32aabac5987ff3384a3c6da92fed0f1d86d3d250df8978a593a3f?s=96&d=mm&r=g","contentUrl":"https:\/\/secure.gravatar.com\/avatar\/adae78b005d32aabac5987ff3384a3c6da92fed0f1d86d3d250df8978a593a3f?s=96&d=mm&r=g","caption":"admin"},"sameAs":["https:\/\/portfolio.glazboteka.com\/kcm"],"url":"https:\/\/portfolio.glazboteka.com\/kcm\/author\/admin\/"}]}},"_links":{"self":[{"href":"https:\/\/portfolio.glazboteka.com\/kcm\/wp-json\/wp\/v2\/posts\/6539","targetHints":{"allow":["GET"]}}],"collection":[{"href":"https:\/\/portfolio.glazboteka.com\/kcm\/wp-json\/wp\/v2\/posts"}],"about":[{"href":"https:\/\/portfolio.glazboteka.com\/kcm\/wp-json\/wp\/v2\/types\/post"}],"author":[{"embeddable":true,"href":"https:\/\/portfolio.glazboteka.com\/kcm\/wp-json\/wp\/v2\/users\/1"}],"replies":[{"embeddable":true,"href":"https:\/\/portfolio.glazboteka.com\/kcm\/wp-json\/wp\/v2\/comments?post=6539"}],"version-history":[{"count":0,"href":"https:\/\/portfolio.glazboteka.com\/kcm\/wp-json\/wp\/v2\/posts\/6539\/revisions"}],"wp:featuredmedia":[{"embeddable":true,"href":"https:\/\/portfolio.glazboteka.com\/kcm\/wp-json\/wp\/v2\/media\/6540"}],"wp:attachment":[{"href":"https:\/\/portfolio.glazboteka.com\/kcm\/wp-json\/wp\/v2\/media?parent=6539"}],"wp:term":[{"taxonomy":"category","embeddable":true,"href":"https:\/\/portfolio.glazboteka.com\/kcm\/wp-json\/wp\/v2\/categories?post=6539"},{"taxonomy":"post_tag","embeddable":true,"href":"https:\/\/portfolio.glazboteka.com\/kcm\/wp-json\/wp\/v2\/tags?post=6539"}],"curies":[{"name":"wp","href":"https:\/\/api.w.org\/{rel}","templated":true}]}}