{"id":7631,"date":"2023-09-19T17:23:22","date_gmt":"2023-09-19T15:23:22","guid":{"rendered":"https:\/\/portfolio.glazboteka.com\/kcm\/?p=7631"},"modified":"2023-09-19T19:26:25","modified_gmt":"2023-09-19T17:26:25","slug":"godisnjica-premijere-filma-pasje-poslijepodne-sidneyja-lumeta","status":"publish","type":"post","link":"https:\/\/portfolio.glazboteka.com\/kcm\/godisnjica-premijere-filma-pasje-poslijepodne-sidneyja-lumeta\/","title":{"rendered":"Godi\u0161njica premijere filma Pasje poslijepodne Sidneyja Lumeta"},"content":{"rendered":"<p>Na dana\u0161nji dan, 19. rujna 1975. godine na filmskom festivalu u San Sebastianu premijerno je prikazan \u010duveni film &#8220;Pasje poslijepodne&#8221; (<em>Dog Day Afternoon<\/em>) Sidneyja Lumeta.<\/p>\n<p>Vru\u0107 ljetni dan u newyor\u0161koj \u010detvrti Brooklyn. Sonny Wortzik i Salvatore Naturale zvani Sal kre\u0107u u plja\u010dku banke, ali sti\u017eu neposredno nakon velike dnevne isplate te se domognu tek skromnog plijena. Ubrzo dolazi policija i banku stavlja pod opsadu, a Sonny i Sal uzimaju bankovne slu\u017ebenike za taoce. Na popri\u0161te sti\u017eu i novinari odnosno televizijske ekipe, te masa radoznalih susjeda i prolaznika. Uskoro se otkrije da se Sonny, o\u017eenjen \u010dovjek bez kriminalnog dosjea, upustio u plja\u010dku kako bi svojoj transrodnoj ljubavnici omogu\u0107io promjenu spola iz mu\u0161kog u \u017eenski&#8230;<\/p>\n<p>Snimljen prema istinitim doga\u0111ajima, film je jedan od vrhunaca opusa uglednog Sidneyja Lumeta (12 gnjevnih ljudi, Serpico, TV mre\u017ea, Dok vrag ne sazna da si mrtav), dobitnik Oscara za najbolji izvorni scenarij (Frank Pierson) iako je velika ve\u0107ina dijaloga bila plod improvizacije temeljene na trotjednim probama koje je redatelj odr\u017eavao s glumcima prije po\u010detka snimanja. Bila je to posljedica Lumetova inzistiranja na izrazito realisti\u010dkom pristupu koji je uklju\u010divao i snimanje isklju\u010divo s prirodnim osvjetljenjem i onim umjetnim prisutnim kao dio scenografije (neonska svjetlost u banci, farovi automobila i dr.), isklju\u010divo dijegetsku glazbu (pjesme pu\u0161tane s radija kao dijela svijeta filma) te snimanje po kronolo\u0161kom principu.<\/p>\n<p>Al Pacino, koji je s Lumetom uspje\u0161no sura\u0111ivao u &#8220;Serpicu&#8221;, isprva je zbog iscrpljenosti od snimanja &#8220;Kuma 2&#8221; odbio ulogu, ali kad je \u010duo da je ona ponu\u0111ena njegovu rivalu Dustinu Hoffmanu, smjesta ju je prigrabio te je ona postala jednom od najslavnijih u njegovoj karijeri.<\/p>\n<p>Osim Oscara za najbolji izvorni scenarij, &#8220;Pasje poslijepodne&#8221; bilo je nominirano i za najbolji film, re\u017eiju, glavnoga glumca, monta\u017eu i sporednoga glumca (Chris Sarandon kao Sonnyjeva transrodna ljubav), a 2009. Kongresna knji\u017enica uvrstila ga je u Nacionalni filmski registar kao kulturno, povijesno i estetski zna\u010dajno djelo.<\/p>\n<p><strong>Goran \u010celig<\/strong><\/p>\n","protected":false},"excerpt":{"rendered":"<p>Al Pacino, koji je s Lumetom uspje\u0161no sura\u0111ivao u &#8220;Serpicu&#8221;, isprva je zbog iscrpljenosti od snimanja &#8220;Kuma 2&#8221; odbio ulogu&#8230;<\/p>\n","protected":false},"author":1,"featured_media":7633,"comment_status":"open","ping_status":"open","sticky":false,"template":"","format":"standard","meta":{"ngg_post_thumbnail":0,"ocean_post_layout":"","ocean_both_sidebars_style":"","ocean_both_sidebars_content_width":0,"ocean_both_sidebars_sidebars_width":0,"ocean_sidebar":"0","ocean_second_sidebar":"0","ocean_disable_margins":"enable","ocean_add_body_class":"","ocean_shortcode_before_top_bar":"","ocean_shortcode_after_top_bar":"","ocean_shortcode_before_header":"","ocean_shortcode_after_header":"","ocean_has_shortcode":"","ocean_shortcode_after_title":"","ocean_shortcode_before_footer_widgets":"","ocean_shortcode_after_footer_widgets":"","ocean_shortcode_before_footer_bottom":"","ocean_shortcode_after_footer_bottom":"","ocean_display_top_bar":"default","ocean_display_header":"default","ocean_header_style":"","ocean_center_header_left_menu":"0","ocean_custom_header_template":"0","ocean_custom_logo":0,"ocean_custom_retina_logo":0,"ocean_custom_logo_max_width":0,"ocean_custom_logo_tablet_max_width":0,"ocean_custom_logo_mobile_max_width":0,"ocean_custom_logo_max_height":0,"ocean_custom_logo_tablet_max_height":0,"ocean_custom_logo_mobile_max_height":0,"ocean_header_custom_menu":"0","ocean_menu_typo_font_family":"0","ocean_menu_typo_font_subset":"","ocean_menu_typo_font_size":0,"ocean_menu_typo_font_size_tablet":0,"ocean_menu_typo_font_size_mobile":0,"ocean_menu_typo_font_size_unit":"px","ocean_menu_typo_font_weight":"","ocean_menu_typo_font_weight_tablet":"","ocean_menu_typo_font_weight_mobile":"","ocean_menu_typo_transform":"","ocean_menu_typo_transform_tablet":"","ocean_menu_typo_transform_mobile":"","ocean_menu_typo_line_height":0,"ocean_menu_typo_line_height_tablet":0,"ocean_menu_typo_line_height_mobile":0,"ocean_menu_typo_line_height_unit":"","ocean_menu_typo_spacing":0,"ocean_menu_typo_spacing_tablet":0,"ocean_menu_typo_spacing_mobile":0,"ocean_menu_typo_spacing_unit":"","ocean_menu_link_color":"","ocean_menu_link_color_hover":"","ocean_menu_link_color_active":"","ocean_menu_link_background":"","ocean_menu_link_hover_background":"","ocean_menu_link_active_background":"","ocean_menu_social_links_bg":"","ocean_menu_social_hover_links_bg":"","ocean_menu_social_links_color":"","ocean_menu_social_hover_links_color":"","ocean_disable_title":"default","ocean_disable_heading":"default","ocean_post_title":"","ocean_post_subheading":"","ocean_post_title_style":"","ocean_post_title_background_color":"","ocean_post_title_background":0,"ocean_post_title_bg_image_position":"","ocean_post_title_bg_image_attachment":"","ocean_post_title_bg_image_repeat":"","ocean_post_title_bg_image_size":"","ocean_post_title_height":0,"ocean_post_title_bg_overlay":0.5,"ocean_post_title_bg_overlay_color":"","ocean_disable_breadcrumbs":"default","ocean_breadcrumbs_color":"","ocean_breadcrumbs_separator_color":"","ocean_breadcrumbs_links_color":"","ocean_breadcrumbs_links_hover_color":"","ocean_display_footer_widgets":"default","ocean_display_footer_bottom":"default","ocean_custom_footer_template":"0","ocean_post_oembed":"","ocean_post_self_hosted_media":"","ocean_post_video_embed":"","ocean_link_format":"","ocean_link_format_target":"self","ocean_quote_format":"","ocean_quote_format_link":"post","ocean_gallery_link_images":"on","ocean_gallery_id":[],"footnotes":""},"categories":[53,227],"tags":[2008,2549,7638,7639,528,999,7637,2562],"class_list":["post-7631","post","type-post","status-publish","format-standard","has-post-thumbnail","hentry","category-film","category-umjetnost","tag-al-pacino","tag-charles-durning","tag-dog-day-afternoon","tag-james-broderick","tag-john-cazale","tag-kriminalisticka-drama","tag-pasje-poslijepodne","tag-sidney-lumet","entry","has-media"],"yoast_head":"<!-- This site is optimized with the Yoast SEO plugin v24.9 - https:\/\/yoast.com\/wordpress\/plugins\/seo\/ -->\n<title>Godi\u0161njica premijere filma Pasje poslijepodne Sidneyja Lumeta - KCM<\/title>\n<meta name=\"description\" content=\"Al Pacino, koji je s Lumetom uspje\u0161no sura\u0111ivao u &quot;Serpicu&quot;, isprva je zbog iscrpljenosti od snimanja &quot;Kuma 2&quot; odbio ulogu...\" \/>\n<meta name=\"robots\" content=\"index, follow, max-snippet:-1, max-image-preview:large, max-video-preview:-1\" \/>\n<link rel=\"canonical\" href=\"https:\/\/portfolio.glazboteka.com\/kcm\/godisnjica-premijere-filma-pasje-poslijepodne-sidneyja-lumeta\/\" \/>\n<meta property=\"og:locale\" content=\"en_US\" \/>\n<meta property=\"og:type\" content=\"article\" \/>\n<meta property=\"og:title\" content=\"Godi\u0161njica premijere filma Pasje poslijepodne Sidneyja Lumeta - KCM\" \/>\n<meta property=\"og:description\" content=\"Al Pacino, koji je s Lumetom uspje\u0161no sura\u0111ivao u &quot;Serpicu&quot;, isprva je zbog iscrpljenosti od snimanja &quot;Kuma 2&quot; odbio ulogu...\" \/>\n<meta property=\"og:url\" content=\"https:\/\/portfolio.glazboteka.com\/kcm\/godisnjica-premijere-filma-pasje-poslijepodne-sidneyja-lumeta\/\" \/>\n<meta property=\"og:site_name\" content=\"KCM\" \/>\n<meta property=\"article:publisher\" content=\"https:\/\/www.facebook.com\/KCMedija\/\" \/>\n<meta property=\"article:published_time\" content=\"2023-09-19T15:23:22+00:00\" \/>\n<meta property=\"article:modified_time\" content=\"2023-09-19T17:26:25+00:00\" \/>\n<meta property=\"og:image\" content=\"https:\/\/portfolio.glazboteka.com\/kcm\/wp-content\/uploads\/2023\/09\/Dog-Day-Afternoon.jpg\" \/>\n\t<meta property=\"og:image:width\" content=\"707\" \/>\n\t<meta property=\"og:image:height\" content=\"1000\" \/>\n\t<meta property=\"og:image:type\" content=\"image\/jpeg\" \/>\n<meta name=\"author\" content=\"admin\" \/>\n<meta name=\"twitter:card\" content=\"summary_large_image\" \/>\n<meta name=\"twitter:label1\" content=\"Written by\" \/>\n\t<meta name=\"twitter:data1\" content=\"admin\" \/>\n\t<meta name=\"twitter:label2\" content=\"Est. reading time\" \/>\n\t<meta name=\"twitter:data2\" content=\"2 minutes\" \/>\n<script type=\"application\/ld+json\" class=\"yoast-schema-graph\">{\"@context\":\"https:\/\/schema.org\",\"@graph\":[{\"@type\":\"Article\",\"@id\":\"https:\/\/portfolio.glazboteka.com\/kcm\/godisnjica-premijere-filma-pasje-poslijepodne-sidneyja-lumeta\/#article\",\"isPartOf\":{\"@id\":\"https:\/\/portfolio.glazboteka.com\/kcm\/godisnjica-premijere-filma-pasje-poslijepodne-sidneyja-lumeta\/\"},\"author\":{\"name\":\"admin\",\"@id\":\"https:\/\/portfolio.glazboteka.com\/kcm\/#\/schema\/person\/cc28eab64249ba0ee0cd57119ad6cfb1\"},\"headline\":\"Godi\u0161njica premijere filma Pasje poslijepodne Sidneyja Lumeta\",\"datePublished\":\"2023-09-19T15:23:22+00:00\",\"dateModified\":\"2023-09-19T17:26:25+00:00\",\"mainEntityOfPage\":{\"@id\":\"https:\/\/portfolio.glazboteka.com\/kcm\/godisnjica-premijere-filma-pasje-poslijepodne-sidneyja-lumeta\/\"},\"wordCount\":345,\"commentCount\":0,\"publisher\":{\"@id\":\"https:\/\/portfolio.glazboteka.com\/kcm\/#organization\"},\"image\":{\"@id\":\"https:\/\/portfolio.glazboteka.com\/kcm\/godisnjica-premijere-filma-pasje-poslijepodne-sidneyja-lumeta\/#primaryimage\"},\"thumbnailUrl\":\"https:\/\/portfolio.glazboteka.com\/kcm\/wp-content\/uploads\/2023\/09\/Dog-Day-Afternoon.jpg\",\"keywords\":[\"Al Pacino\",\"Charles Durning\",\"Dog Day Afternoon\",\"James Broderick\",\"John Cazale\",\"kriminalisti\u010dka drama\",\"Pasje poslijepodne\",\"Sidney Lumet\"],\"articleSection\":[\"Film\",\"Umjetnost\"],\"inLanguage\":\"en-US\",\"potentialAction\":[{\"@type\":\"CommentAction\",\"name\":\"Comment\",\"target\":[\"https:\/\/portfolio.glazboteka.com\/kcm\/godisnjica-premijere-filma-pasje-poslijepodne-sidneyja-lumeta\/#respond\"]}]},{\"@type\":\"WebPage\",\"@id\":\"https:\/\/portfolio.glazboteka.com\/kcm\/godisnjica-premijere-filma-pasje-poslijepodne-sidneyja-lumeta\/\",\"url\":\"https:\/\/portfolio.glazboteka.com\/kcm\/godisnjica-premijere-filma-pasje-poslijepodne-sidneyja-lumeta\/\",\"name\":\"Godi\u0161njica premijere filma Pasje poslijepodne Sidneyja Lumeta - KCM\",\"isPartOf\":{\"@id\":\"https:\/\/portfolio.glazboteka.com\/kcm\/#website\"},\"primaryImageOfPage\":{\"@id\":\"https:\/\/portfolio.glazboteka.com\/kcm\/godisnjica-premijere-filma-pasje-poslijepodne-sidneyja-lumeta\/#primaryimage\"},\"image\":{\"@id\":\"https:\/\/portfolio.glazboteka.com\/kcm\/godisnjica-premijere-filma-pasje-poslijepodne-sidneyja-lumeta\/#primaryimage\"},\"thumbnailUrl\":\"https:\/\/portfolio.glazboteka.com\/kcm\/wp-content\/uploads\/2023\/09\/Dog-Day-Afternoon.jpg\",\"datePublished\":\"2023-09-19T15:23:22+00:00\",\"dateModified\":\"2023-09-19T17:26:25+00:00\",\"description\":\"Al Pacino, koji je s Lumetom uspje\u0161no sura\u0111ivao u \\\"Serpicu\\\", isprva je zbog iscrpljenosti od snimanja \\\"Kuma 2\\\" odbio ulogu...\",\"inLanguage\":\"en-US\",\"potentialAction\":[{\"@type\":\"ReadAction\",\"target\":[\"https:\/\/portfolio.glazboteka.com\/kcm\/godisnjica-premijere-filma-pasje-poslijepodne-sidneyja-lumeta\/\"]}]},{\"@type\":\"ImageObject\",\"inLanguage\":\"en-US\",\"@id\":\"https:\/\/portfolio.glazboteka.com\/kcm\/godisnjica-premijere-filma-pasje-poslijepodne-sidneyja-lumeta\/#primaryimage\",\"url\":\"https:\/\/portfolio.glazboteka.com\/kcm\/wp-content\/uploads\/2023\/09\/Dog-Day-Afternoon.jpg\",\"contentUrl\":\"https:\/\/portfolio.glazboteka.com\/kcm\/wp-content\/uploads\/2023\/09\/Dog-Day-Afternoon.jpg\",\"width\":707,\"height\":1000},{\"@type\":\"WebSite\",\"@id\":\"https:\/\/portfolio.glazboteka.com\/kcm\/#website\",\"url\":\"https:\/\/portfolio.glazboteka.com\/kcm\/\",\"name\":\"KCM\",\"description\":\"Kulturni centar Multimedija\",\"publisher\":{\"@id\":\"https:\/\/portfolio.glazboteka.com\/kcm\/#organization\"},\"potentialAction\":[{\"@type\":\"SearchAction\",\"target\":{\"@type\":\"EntryPoint\",\"urlTemplate\":\"https:\/\/portfolio.glazboteka.com\/kcm\/?s={search_term_string}\"},\"query-input\":{\"@type\":\"PropertyValueSpecification\",\"valueRequired\":true,\"valueName\":\"search_term_string\"}}],\"inLanguage\":\"en-US\"},{\"@type\":\"Organization\",\"@id\":\"https:\/\/portfolio.glazboteka.com\/kcm\/#organization\",\"name\":\"KCM\",\"url\":\"https:\/\/portfolio.glazboteka.com\/kcm\/\",\"logo\":{\"@type\":\"ImageObject\",\"inLanguage\":\"en-US\",\"@id\":\"https:\/\/portfolio.glazboteka.com\/kcm\/#\/schema\/logo\/image\/\",\"url\":\"https:\/\/portfolio.glazboteka.com\/kcm\/wp-content\/uploads\/2022\/10\/KCM.jpg\",\"contentUrl\":\"https:\/\/portfolio.glazboteka.com\/kcm\/wp-content\/uploads\/2022\/10\/KCM.jpg\",\"width\":476,\"height\":419,\"caption\":\"KCM\"},\"image\":{\"@id\":\"https:\/\/portfolio.glazboteka.com\/kcm\/#\/schema\/logo\/image\/\"},\"sameAs\":[\"https:\/\/www.facebook.com\/KCMedija\/\",\"https:\/\/www.instagram.com\/kulturni_centar_mesnicka\/\"]},{\"@type\":\"Person\",\"@id\":\"https:\/\/portfolio.glazboteka.com\/kcm\/#\/schema\/person\/cc28eab64249ba0ee0cd57119ad6cfb1\",\"name\":\"admin\",\"image\":{\"@type\":\"ImageObject\",\"inLanguage\":\"en-US\",\"@id\":\"https:\/\/portfolio.glazboteka.com\/kcm\/#\/schema\/person\/image\/\",\"url\":\"https:\/\/secure.gravatar.com\/avatar\/adae78b005d32aabac5987ff3384a3c6da92fed0f1d86d3d250df8978a593a3f?s=96&d=mm&r=g\",\"contentUrl\":\"https:\/\/secure.gravatar.com\/avatar\/adae78b005d32aabac5987ff3384a3c6da92fed0f1d86d3d250df8978a593a3f?s=96&d=mm&r=g\",\"caption\":\"admin\"},\"sameAs\":[\"https:\/\/portfolio.glazboteka.com\/kcm\"],\"url\":\"https:\/\/portfolio.glazboteka.com\/kcm\/author\/admin\/\"}]}<\/script>\n<!-- \/ Yoast SEO plugin. -->","yoast_head_json":{"title":"Godi\u0161njica premijere filma Pasje poslijepodne Sidneyja Lumeta - KCM","description":"Al Pacino, koji je s Lumetom uspje\u0161no sura\u0111ivao u \"Serpicu\", isprva je zbog iscrpljenosti od snimanja \"Kuma 2\" odbio ulogu...","robots":{"index":"index","follow":"follow","max-snippet":"max-snippet:-1","max-image-preview":"max-image-preview:large","max-video-preview":"max-video-preview:-1"},"canonical":"https:\/\/portfolio.glazboteka.com\/kcm\/godisnjica-premijere-filma-pasje-poslijepodne-sidneyja-lumeta\/","og_locale":"en_US","og_type":"article","og_title":"Godi\u0161njica premijere filma Pasje poslijepodne Sidneyja Lumeta - KCM","og_description":"Al Pacino, koji je s Lumetom uspje\u0161no sura\u0111ivao u \"Serpicu\", isprva je zbog iscrpljenosti od snimanja \"Kuma 2\" odbio ulogu...","og_url":"https:\/\/portfolio.glazboteka.com\/kcm\/godisnjica-premijere-filma-pasje-poslijepodne-sidneyja-lumeta\/","og_site_name":"KCM","article_publisher":"https:\/\/www.facebook.com\/KCMedija\/","article_published_time":"2023-09-19T15:23:22+00:00","article_modified_time":"2023-09-19T17:26:25+00:00","og_image":[{"width":707,"height":1000,"url":"https:\/\/portfolio.glazboteka.com\/kcm\/wp-content\/uploads\/2023\/09\/Dog-Day-Afternoon.jpg","type":"image\/jpeg"}],"author":"admin","twitter_card":"summary_large_image","twitter_misc":{"Written by":"admin","Est. reading time":"2 minutes"},"schema":{"@context":"https:\/\/schema.org","@graph":[{"@type":"Article","@id":"https:\/\/portfolio.glazboteka.com\/kcm\/godisnjica-premijere-filma-pasje-poslijepodne-sidneyja-lumeta\/#article","isPartOf":{"@id":"https:\/\/portfolio.glazboteka.com\/kcm\/godisnjica-premijere-filma-pasje-poslijepodne-sidneyja-lumeta\/"},"author":{"name":"admin","@id":"https:\/\/portfolio.glazboteka.com\/kcm\/#\/schema\/person\/cc28eab64249ba0ee0cd57119ad6cfb1"},"headline":"Godi\u0161njica premijere filma Pasje poslijepodne Sidneyja Lumeta","datePublished":"2023-09-19T15:23:22+00:00","dateModified":"2023-09-19T17:26:25+00:00","mainEntityOfPage":{"@id":"https:\/\/portfolio.glazboteka.com\/kcm\/godisnjica-premijere-filma-pasje-poslijepodne-sidneyja-lumeta\/"},"wordCount":345,"commentCount":0,"publisher":{"@id":"https:\/\/portfolio.glazboteka.com\/kcm\/#organization"},"image":{"@id":"https:\/\/portfolio.glazboteka.com\/kcm\/godisnjica-premijere-filma-pasje-poslijepodne-sidneyja-lumeta\/#primaryimage"},"thumbnailUrl":"https:\/\/portfolio.glazboteka.com\/kcm\/wp-content\/uploads\/2023\/09\/Dog-Day-Afternoon.jpg","keywords":["Al Pacino","Charles Durning","Dog Day Afternoon","James Broderick","John Cazale","kriminalisti\u010dka drama","Pasje poslijepodne","Sidney Lumet"],"articleSection":["Film","Umjetnost"],"inLanguage":"en-US","potentialAction":[{"@type":"CommentAction","name":"Comment","target":["https:\/\/portfolio.glazboteka.com\/kcm\/godisnjica-premijere-filma-pasje-poslijepodne-sidneyja-lumeta\/#respond"]}]},{"@type":"WebPage","@id":"https:\/\/portfolio.glazboteka.com\/kcm\/godisnjica-premijere-filma-pasje-poslijepodne-sidneyja-lumeta\/","url":"https:\/\/portfolio.glazboteka.com\/kcm\/godisnjica-premijere-filma-pasje-poslijepodne-sidneyja-lumeta\/","name":"Godi\u0161njica premijere filma Pasje poslijepodne Sidneyja Lumeta - KCM","isPartOf":{"@id":"https:\/\/portfolio.glazboteka.com\/kcm\/#website"},"primaryImageOfPage":{"@id":"https:\/\/portfolio.glazboteka.com\/kcm\/godisnjica-premijere-filma-pasje-poslijepodne-sidneyja-lumeta\/#primaryimage"},"image":{"@id":"https:\/\/portfolio.glazboteka.com\/kcm\/godisnjica-premijere-filma-pasje-poslijepodne-sidneyja-lumeta\/#primaryimage"},"thumbnailUrl":"https:\/\/portfolio.glazboteka.com\/kcm\/wp-content\/uploads\/2023\/09\/Dog-Day-Afternoon.jpg","datePublished":"2023-09-19T15:23:22+00:00","dateModified":"2023-09-19T17:26:25+00:00","description":"Al Pacino, koji je s Lumetom uspje\u0161no sura\u0111ivao u \"Serpicu\", isprva je zbog iscrpljenosti od snimanja \"Kuma 2\" odbio ulogu...","inLanguage":"en-US","potentialAction":[{"@type":"ReadAction","target":["https:\/\/portfolio.glazboteka.com\/kcm\/godisnjica-premijere-filma-pasje-poslijepodne-sidneyja-lumeta\/"]}]},{"@type":"ImageObject","inLanguage":"en-US","@id":"https:\/\/portfolio.glazboteka.com\/kcm\/godisnjica-premijere-filma-pasje-poslijepodne-sidneyja-lumeta\/#primaryimage","url":"https:\/\/portfolio.glazboteka.com\/kcm\/wp-content\/uploads\/2023\/09\/Dog-Day-Afternoon.jpg","contentUrl":"https:\/\/portfolio.glazboteka.com\/kcm\/wp-content\/uploads\/2023\/09\/Dog-Day-Afternoon.jpg","width":707,"height":1000},{"@type":"WebSite","@id":"https:\/\/portfolio.glazboteka.com\/kcm\/#website","url":"https:\/\/portfolio.glazboteka.com\/kcm\/","name":"KCM","description":"Kulturni centar Multimedija","publisher":{"@id":"https:\/\/portfolio.glazboteka.com\/kcm\/#organization"},"potentialAction":[{"@type":"SearchAction","target":{"@type":"EntryPoint","urlTemplate":"https:\/\/portfolio.glazboteka.com\/kcm\/?s={search_term_string}"},"query-input":{"@type":"PropertyValueSpecification","valueRequired":true,"valueName":"search_term_string"}}],"inLanguage":"en-US"},{"@type":"Organization","@id":"https:\/\/portfolio.glazboteka.com\/kcm\/#organization","name":"KCM","url":"https:\/\/portfolio.glazboteka.com\/kcm\/","logo":{"@type":"ImageObject","inLanguage":"en-US","@id":"https:\/\/portfolio.glazboteka.com\/kcm\/#\/schema\/logo\/image\/","url":"https:\/\/portfolio.glazboteka.com\/kcm\/wp-content\/uploads\/2022\/10\/KCM.jpg","contentUrl":"https:\/\/portfolio.glazboteka.com\/kcm\/wp-content\/uploads\/2022\/10\/KCM.jpg","width":476,"height":419,"caption":"KCM"},"image":{"@id":"https:\/\/portfolio.glazboteka.com\/kcm\/#\/schema\/logo\/image\/"},"sameAs":["https:\/\/www.facebook.com\/KCMedija\/","https:\/\/www.instagram.com\/kulturni_centar_mesnicka\/"]},{"@type":"Person","@id":"https:\/\/portfolio.glazboteka.com\/kcm\/#\/schema\/person\/cc28eab64249ba0ee0cd57119ad6cfb1","name":"admin","image":{"@type":"ImageObject","inLanguage":"en-US","@id":"https:\/\/portfolio.glazboteka.com\/kcm\/#\/schema\/person\/image\/","url":"https:\/\/secure.gravatar.com\/avatar\/adae78b005d32aabac5987ff3384a3c6da92fed0f1d86d3d250df8978a593a3f?s=96&d=mm&r=g","contentUrl":"https:\/\/secure.gravatar.com\/avatar\/adae78b005d32aabac5987ff3384a3c6da92fed0f1d86d3d250df8978a593a3f?s=96&d=mm&r=g","caption":"admin"},"sameAs":["https:\/\/portfolio.glazboteka.com\/kcm"],"url":"https:\/\/portfolio.glazboteka.com\/kcm\/author\/admin\/"}]}},"_links":{"self":[{"href":"https:\/\/portfolio.glazboteka.com\/kcm\/wp-json\/wp\/v2\/posts\/7631","targetHints":{"allow":["GET"]}}],"collection":[{"href":"https:\/\/portfolio.glazboteka.com\/kcm\/wp-json\/wp\/v2\/posts"}],"about":[{"href":"https:\/\/portfolio.glazboteka.com\/kcm\/wp-json\/wp\/v2\/types\/post"}],"author":[{"embeddable":true,"href":"https:\/\/portfolio.glazboteka.com\/kcm\/wp-json\/wp\/v2\/users\/1"}],"replies":[{"embeddable":true,"href":"https:\/\/portfolio.glazboteka.com\/kcm\/wp-json\/wp\/v2\/comments?post=7631"}],"version-history":[{"count":0,"href":"https:\/\/portfolio.glazboteka.com\/kcm\/wp-json\/wp\/v2\/posts\/7631\/revisions"}],"wp:featuredmedia":[{"embeddable":true,"href":"https:\/\/portfolio.glazboteka.com\/kcm\/wp-json\/wp\/v2\/media\/7633"}],"wp:attachment":[{"href":"https:\/\/portfolio.glazboteka.com\/kcm\/wp-json\/wp\/v2\/media?parent=7631"}],"wp:term":[{"taxonomy":"category","embeddable":true,"href":"https:\/\/portfolio.glazboteka.com\/kcm\/wp-json\/wp\/v2\/categories?post=7631"},{"taxonomy":"post_tag","embeddable":true,"href":"https:\/\/portfolio.glazboteka.com\/kcm\/wp-json\/wp\/v2\/tags?post=7631"}],"curies":[{"name":"wp","href":"https:\/\/api.w.org\/{rel}","templated":true}]}}