{"id":7721,"date":"2023-09-25T17:17:39","date_gmt":"2023-09-25T15:17:39","guid":{"rendered":"https:\/\/portfolio.glazboteka.com\/kcm\/?p=7721"},"modified":"2023-09-27T19:30:52","modified_gmt":"2023-09-27T17:30:52","slug":"godisnjica-pretpremijere-ratnoga-spaktakla-najduzi-dan","status":"publish","type":"post","link":"https:\/\/portfolio.glazboteka.com\/kcm\/godisnjica-pretpremijere-ratnoga-spaktakla-najduzi-dan\/","title":{"rendered":"Godi\u0161njica pretpremijere ratnoga spaktakla Najdu\u017ei dan"},"content":{"rendered":"<p>Na dana\u0161nji dan, 25. rujna 1962. godine u Francuskoj simboli\u010dno se odr\u017eala pretpremijera filma &#8220;Najdu\u017ei dan&#8221; (<em>The Longest Day<\/em>). U Sjedinjenim Dr\u017eavama prikazan je 4. listopada. To je ameri\u010dki ratni film baziran na istoimenoj knjizi Corneliusa Ryana, a prati doga\u0111aje tijekom bitke za Normandiju u Drugom svjetskom ratu. Dobitnik je dva Oscara (za specijalne efekte i kinematografiju) i jedan je od holivudskih doista velikih ratnih filmova.<\/p>\n<p>Po\u010detkom lipnja 1944. godine neizvjesnost oko ishoda rata bila je na vrhuncu. Premda se znalo da Saveznici pripremaju veliku invaziju na okupiranu Europu, nitko nije bio siguran u to kada i gdje \u0107e se ona dogoditi. Prognoza je najavljivala produ\u017eetak nepovoljnog vremena, po \u010demu je njema\u010dko vojno vodstvo zaklju\u010dilo kako do savezni\u010dke akcije ipak jo\u0161 ne\u0107e do\u0107i. S druge strane, savezni\u010dki vojnici ve\u0107 su danima bili u stupnju visoke pripravnosti, nestrpljivo \u010dekaju\u0107i da taj dan napokon do\u0111e i prekine frustriraju\u0107u neizvjesnost. Svjestan da vi\u0161e ne smije odga\u0111ati, general Eisenhower usprkos lo\u0161em vremenu 5. lipnja vojsci zapovijeda da invazija po\u010dne u zoru sljede\u0107ega dana. Nedugo zatim polije\u0107u savezni\u010dki zrakoplovi puni padobranaca \u010diji je zadatak bio diverzijama pripremiti teren za iskrcavanje u Normandiji&#8230;<\/p>\n<p>Trojica redatelja (Ken Annakin, Andrew Marton, Bernhard Wicki), petorica scenarista (Cornelius Ryan, Romain Gary, James Jones, David Pursall, Jack Seddon) te vrlo anga\u017eirani producent (Darryl F. Zanuck) bili su potrebni kako bi se na ekran vjerno prenijela prijelomna bitka Drugog svjetskog rata. &#8220;Najdu\u017ei dan&#8221;, jedan od najve\u0107ih ratnih spektakl\u00e2 filmske povijesti, ekranizacija je istoimenog bestselera Corneliusa Ryana (prema \u010dijoj je knjizi snimljen i &#8220;Nedosti\u017eni most&#8221;). Premda radnjom obuhva\u0107a razmjerno kratko vremensko razdoblje &#8211; nekoliko sati koji su prethodili po\u010detku invazije te sam Dan D &#8211; &#8220;Najdu\u017ei dan&#8221; ni po \u010demu nije skroman. S bud\u017eetom od deset milijuna dolara (najskuplji crno-bijeli film prije &#8220;Schindlerove liste&#8221;), trajanjem od gotovo tri sata, pravom vojnom ma\u0161inerijom i rekvizitima, desecima tisu\u0107a glumaca i statista (uklju\u010duju\u0107i i brojne profesionalne vojnike) te ve\u0107inom originalnim lokacijama, producent Zanuck i ostatak ekipe uspjeli su na gotovo dokumentaristi\u010dki na\u010din reproducirati zbivanja toga dana.<\/p>\n<p>Realisti\u010dnosti filma pridonijele su i Zanuckova odluka da se u filmu svaki glumac slu\u017ei materinjim jezikom te segmentirana narativna struktura koja ska\u010de s jedne boji\u0161nice na drugu, uspje\u0161no prenose\u0107i napetost, strah, zbrku i kaos. Ono \u0161to donekle kolidira s dokumentaristi\u010dkim aspiracijama filma, ali svakako \u010dini &#8220;Najdu\u017ei dan&#8221; jo\u0161 atraktivnijim, jest gluma\u010dka postava kakva se skoro nikada ne vi\u0111a u istome filmu. Najva\u017enije generale, pukovnike, bojnike i vojnike koji su sudjelovali u iskrcavanju u Normandiji me\u0111u ostalima interpretiraju John Wayne, Robert Mitchum, Henry Fonda, Richard Burton, Rod Steiger, Robert Wagner, Sean Connery te popularni pjeva\u010d Paul Anka, koji je za film napisao i naslovnu glazbenu temu.<\/p>\n<p>To po tematskom zna\u010denju, ali i umjetni\u010dkom dostignu\u0107u veliko filmsko ostvarenje osvojilo je, rekosmo, dva Oscara (fotografija i specijalni efekti) od pet za koje je bilo nominirano (scenografija, monta\u017ea, najbolji film), ali i nagradu <em>Eddie<\/em> Ameri\u010dkog udru\u017eenja monta\u017eera kao najbolje montirani dugometra\u017eni film, talijansku <em>David Di Donatello<\/em> u kategoriji najboljeg stranog filma te Zlatni globus za najbolju filmsku fotografiju.<\/p>\n<p><strong>Goran \u010celig<\/strong><\/p>\n","protected":false},"excerpt":{"rendered":"<p>Trojica redatelja, petorica scenarista te vrlo anga\u017eirani producent bili su potrebni kako bi se na ekran vjerno prenijela prijelomna bitka Drugog svjetskog rata.<\/p>\n","protected":false},"author":1,"featured_media":7723,"comment_status":"open","ping_status":"open","sticky":false,"template":"","format":"standard","meta":{"ngg_post_thumbnail":0,"ocean_post_layout":"","ocean_both_sidebars_style":"","ocean_both_sidebars_content_width":0,"ocean_both_sidebars_sidebars_width":0,"ocean_sidebar":"0","ocean_second_sidebar":"0","ocean_disable_margins":"enable","ocean_add_body_class":"","ocean_shortcode_before_top_bar":"","ocean_shortcode_after_top_bar":"","ocean_shortcode_before_header":"","ocean_shortcode_after_header":"","ocean_has_shortcode":"","ocean_shortcode_after_title":"","ocean_shortcode_before_footer_widgets":"","ocean_shortcode_after_footer_widgets":"","ocean_shortcode_before_footer_bottom":"","ocean_shortcode_after_footer_bottom":"","ocean_display_top_bar":"default","ocean_display_header":"default","ocean_header_style":"","ocean_center_header_left_menu":"0","ocean_custom_header_template":"0","ocean_custom_logo":0,"ocean_custom_retina_logo":0,"ocean_custom_logo_max_width":0,"ocean_custom_logo_tablet_max_width":0,"ocean_custom_logo_mobile_max_width":0,"ocean_custom_logo_max_height":0,"ocean_custom_logo_tablet_max_height":0,"ocean_custom_logo_mobile_max_height":0,"ocean_header_custom_menu":"0","ocean_menu_typo_font_family":"0","ocean_menu_typo_font_subset":"","ocean_menu_typo_font_size":0,"ocean_menu_typo_font_size_tablet":0,"ocean_menu_typo_font_size_mobile":0,"ocean_menu_typo_font_size_unit":"px","ocean_menu_typo_font_weight":"","ocean_menu_typo_font_weight_tablet":"","ocean_menu_typo_font_weight_mobile":"","ocean_menu_typo_transform":"","ocean_menu_typo_transform_tablet":"","ocean_menu_typo_transform_mobile":"","ocean_menu_typo_line_height":0,"ocean_menu_typo_line_height_tablet":0,"ocean_menu_typo_line_height_mobile":0,"ocean_menu_typo_line_height_unit":"","ocean_menu_typo_spacing":0,"ocean_menu_typo_spacing_tablet":0,"ocean_menu_typo_spacing_mobile":0,"ocean_menu_typo_spacing_unit":"","ocean_menu_link_color":"","ocean_menu_link_color_hover":"","ocean_menu_link_color_active":"","ocean_menu_link_background":"","ocean_menu_link_hover_background":"","ocean_menu_link_active_background":"","ocean_menu_social_links_bg":"","ocean_menu_social_hover_links_bg":"","ocean_menu_social_links_color":"","ocean_menu_social_hover_links_color":"","ocean_disable_title":"default","ocean_disable_heading":"default","ocean_post_title":"","ocean_post_subheading":"","ocean_post_title_style":"","ocean_post_title_background_color":"","ocean_post_title_background":0,"ocean_post_title_bg_image_position":"","ocean_post_title_bg_image_attachment":"","ocean_post_title_bg_image_repeat":"","ocean_post_title_bg_image_size":"","ocean_post_title_height":0,"ocean_post_title_bg_overlay":0.5,"ocean_post_title_bg_overlay_color":"","ocean_disable_breadcrumbs":"default","ocean_breadcrumbs_color":"","ocean_breadcrumbs_separator_color":"","ocean_breadcrumbs_links_color":"","ocean_breadcrumbs_links_hover_color":"","ocean_display_footer_widgets":"default","ocean_display_footer_bottom":"default","ocean_custom_footer_template":"0","ocean_post_oembed":"","ocean_post_self_hosted_media":"","ocean_post_video_embed":"","ocean_link_format":"","ocean_link_format_target":"self","ocean_quote_format":"","ocean_quote_format_link":"post","ocean_gallery_link_images":"on","ocean_gallery_id":[],"footnotes":""},"categories":[53,227],"tags":[7707,7708,7722,6736,7714,7723,7720,7646,7721,7715,4373,7706,7709,7719,7725,7713,2360,7712,6045,7710,984,7724,7718,1953,7711,7716,7717],"class_list":["post-7721","post","type-post","status-publish","format-standard","has-post-thumbnail","hentry","category-film","category-umjetnost","tag-andrew-marton","tag-bernhard-wicki","tag-bourvil","tag-curd-jurgens","tag-eddie-albert","tag-george-segal","tag-gert-frobe","tag-henry-fonda","tag-irina-demick","tag-jeffrey-hunter","tag-john-wayne","tag-ken-annakin","tag-kenneth-more","tag-leo-genn","tag-paul-anka","tag-peter-lawford","tag-ratni-film","tag-red-buttons","tag-richard-burton","tag-richard-todd","tag-robert-mitchum","tag-robert-wagner","tag-rod-steiger","tag-sean-connery","tag-steve-forrest","tag-stuart-whitman","tag-tom-tryon","entry","has-media"],"yoast_head":"<!-- This site is optimized with the Yoast SEO plugin v24.9 - https:\/\/yoast.com\/wordpress\/plugins\/seo\/ -->\n<title>Godi\u0161njica pretpremijere ratnoga spaktakla Najdu\u017ei dan - KCM<\/title>\n<meta name=\"description\" content=\"Trojica redatelja, petorica scenarista te vrlo anga\u017eirani producent bili su potrebni kako bi se na ekran vjerno prenijela prijelomna bitka...\" \/>\n<meta name=\"robots\" content=\"index, follow, max-snippet:-1, max-image-preview:large, max-video-preview:-1\" \/>\n<link rel=\"canonical\" href=\"https:\/\/portfolio.glazboteka.com\/kcm\/godisnjica-pretpremijere-ratnoga-spaktakla-najduzi-dan\/\" \/>\n<meta property=\"og:locale\" content=\"en_US\" \/>\n<meta property=\"og:type\" content=\"article\" \/>\n<meta property=\"og:title\" content=\"Godi\u0161njica pretpremijere ratnoga spaktakla Najdu\u017ei dan - KCM\" \/>\n<meta property=\"og:description\" content=\"Trojica redatelja, petorica scenarista te vrlo anga\u017eirani producent bili su potrebni kako bi se na ekran vjerno prenijela prijelomna bitka...\" \/>\n<meta property=\"og:url\" content=\"https:\/\/portfolio.glazboteka.com\/kcm\/godisnjica-pretpremijere-ratnoga-spaktakla-najduzi-dan\/\" \/>\n<meta property=\"og:site_name\" content=\"KCM\" \/>\n<meta property=\"article:publisher\" content=\"https:\/\/www.facebook.com\/KCMedija\/\" \/>\n<meta property=\"article:published_time\" content=\"2023-09-25T15:17:39+00:00\" \/>\n<meta property=\"article:modified_time\" content=\"2023-09-27T17:30:52+00:00\" \/>\n<meta property=\"og:image\" content=\"https:\/\/portfolio.glazboteka.com\/kcm\/wp-content\/uploads\/2023\/09\/The-Longest-Day.jpg\" \/>\n\t<meta property=\"og:image:width\" content=\"711\" \/>\n\t<meta property=\"og:image:height\" content=\"1000\" \/>\n\t<meta property=\"og:image:type\" content=\"image\/jpeg\" \/>\n<meta name=\"author\" content=\"admin\" \/>\n<meta name=\"twitter:card\" content=\"summary_large_image\" \/>\n<meta name=\"twitter:label1\" content=\"Written by\" \/>\n\t<meta name=\"twitter:data1\" content=\"admin\" \/>\n\t<meta name=\"twitter:label2\" content=\"Est. reading time\" \/>\n\t<meta name=\"twitter:data2\" content=\"3 minutes\" \/>\n<script type=\"application\/ld+json\" class=\"yoast-schema-graph\">{\"@context\":\"https:\/\/schema.org\",\"@graph\":[{\"@type\":\"Article\",\"@id\":\"https:\/\/portfolio.glazboteka.com\/kcm\/godisnjica-pretpremijere-ratnoga-spaktakla-najduzi-dan\/#article\",\"isPartOf\":{\"@id\":\"https:\/\/portfolio.glazboteka.com\/kcm\/godisnjica-pretpremijere-ratnoga-spaktakla-najduzi-dan\/\"},\"author\":{\"name\":\"admin\",\"@id\":\"https:\/\/portfolio.glazboteka.com\/kcm\/#\/schema\/person\/cc28eab64249ba0ee0cd57119ad6cfb1\"},\"headline\":\"Godi\u0161njica pretpremijere ratnoga spaktakla Najdu\u017ei dan\",\"datePublished\":\"2023-09-25T15:17:39+00:00\",\"dateModified\":\"2023-09-27T17:30:52+00:00\",\"mainEntityOfPage\":{\"@id\":\"https:\/\/portfolio.glazboteka.com\/kcm\/godisnjica-pretpremijere-ratnoga-spaktakla-najduzi-dan\/\"},\"wordCount\":559,\"commentCount\":0,\"publisher\":{\"@id\":\"https:\/\/portfolio.glazboteka.com\/kcm\/#organization\"},\"image\":{\"@id\":\"https:\/\/portfolio.glazboteka.com\/kcm\/godisnjica-pretpremijere-ratnoga-spaktakla-najduzi-dan\/#primaryimage\"},\"thumbnailUrl\":\"https:\/\/portfolio.glazboteka.com\/kcm\/wp-content\/uploads\/2023\/09\/The-Longest-Day.jpg\",\"keywords\":[\"Andrew Marton\",\"Bernhard Wicki\",\"Bourvil\",\"Curd J\u00fcrgens\",\"Eddie Albert\",\"George Segal\",\"Gert Fr\u00f6be\",\"Henry Fonda\",\"Irina Demick\",\"Jeffrey Hunter\",\"John Wayne\",\"Ken Annakin\",\"Kenneth More\",\"Leo Genn\",\"Paul Anka\",\"Peter Lawford\",\"ratni film\",\"Red Buttons\",\"Richard Burton\",\"Richard Todd\",\"Robert Mitchum\",\"Robert Wagner\",\"Rod Steiger\",\"Sean Connery\",\"Steve Forrest\",\"Stuart Whitman\",\"Tom Tryon\"],\"articleSection\":[\"Film\",\"Umjetnost\"],\"inLanguage\":\"en-US\",\"potentialAction\":[{\"@type\":\"CommentAction\",\"name\":\"Comment\",\"target\":[\"https:\/\/portfolio.glazboteka.com\/kcm\/godisnjica-pretpremijere-ratnoga-spaktakla-najduzi-dan\/#respond\"]}]},{\"@type\":\"WebPage\",\"@id\":\"https:\/\/portfolio.glazboteka.com\/kcm\/godisnjica-pretpremijere-ratnoga-spaktakla-najduzi-dan\/\",\"url\":\"https:\/\/portfolio.glazboteka.com\/kcm\/godisnjica-pretpremijere-ratnoga-spaktakla-najduzi-dan\/\",\"name\":\"Godi\u0161njica pretpremijere ratnoga spaktakla Najdu\u017ei dan - KCM\",\"isPartOf\":{\"@id\":\"https:\/\/portfolio.glazboteka.com\/kcm\/#website\"},\"primaryImageOfPage\":{\"@id\":\"https:\/\/portfolio.glazboteka.com\/kcm\/godisnjica-pretpremijere-ratnoga-spaktakla-najduzi-dan\/#primaryimage\"},\"image\":{\"@id\":\"https:\/\/portfolio.glazboteka.com\/kcm\/godisnjica-pretpremijere-ratnoga-spaktakla-najduzi-dan\/#primaryimage\"},\"thumbnailUrl\":\"https:\/\/portfolio.glazboteka.com\/kcm\/wp-content\/uploads\/2023\/09\/The-Longest-Day.jpg\",\"datePublished\":\"2023-09-25T15:17:39+00:00\",\"dateModified\":\"2023-09-27T17:30:52+00:00\",\"description\":\"Trojica redatelja, petorica scenarista te vrlo anga\u017eirani producent bili su potrebni kako bi se na ekran vjerno prenijela prijelomna bitka...\",\"inLanguage\":\"en-US\",\"potentialAction\":[{\"@type\":\"ReadAction\",\"target\":[\"https:\/\/portfolio.glazboteka.com\/kcm\/godisnjica-pretpremijere-ratnoga-spaktakla-najduzi-dan\/\"]}]},{\"@type\":\"ImageObject\",\"inLanguage\":\"en-US\",\"@id\":\"https:\/\/portfolio.glazboteka.com\/kcm\/godisnjica-pretpremijere-ratnoga-spaktakla-najduzi-dan\/#primaryimage\",\"url\":\"https:\/\/portfolio.glazboteka.com\/kcm\/wp-content\/uploads\/2023\/09\/The-Longest-Day.jpg\",\"contentUrl\":\"https:\/\/portfolio.glazboteka.com\/kcm\/wp-content\/uploads\/2023\/09\/The-Longest-Day.jpg\",\"width\":711,\"height\":1000},{\"@type\":\"WebSite\",\"@id\":\"https:\/\/portfolio.glazboteka.com\/kcm\/#website\",\"url\":\"https:\/\/portfolio.glazboteka.com\/kcm\/\",\"name\":\"KCM\",\"description\":\"Kulturni centar Multimedija\",\"publisher\":{\"@id\":\"https:\/\/portfolio.glazboteka.com\/kcm\/#organization\"},\"potentialAction\":[{\"@type\":\"SearchAction\",\"target\":{\"@type\":\"EntryPoint\",\"urlTemplate\":\"https:\/\/portfolio.glazboteka.com\/kcm\/?s={search_term_string}\"},\"query-input\":{\"@type\":\"PropertyValueSpecification\",\"valueRequired\":true,\"valueName\":\"search_term_string\"}}],\"inLanguage\":\"en-US\"},{\"@type\":\"Organization\",\"@id\":\"https:\/\/portfolio.glazboteka.com\/kcm\/#organization\",\"name\":\"KCM\",\"url\":\"https:\/\/portfolio.glazboteka.com\/kcm\/\",\"logo\":{\"@type\":\"ImageObject\",\"inLanguage\":\"en-US\",\"@id\":\"https:\/\/portfolio.glazboteka.com\/kcm\/#\/schema\/logo\/image\/\",\"url\":\"https:\/\/portfolio.glazboteka.com\/kcm\/wp-content\/uploads\/2022\/10\/KCM.jpg\",\"contentUrl\":\"https:\/\/portfolio.glazboteka.com\/kcm\/wp-content\/uploads\/2022\/10\/KCM.jpg\",\"width\":476,\"height\":419,\"caption\":\"KCM\"},\"image\":{\"@id\":\"https:\/\/portfolio.glazboteka.com\/kcm\/#\/schema\/logo\/image\/\"},\"sameAs\":[\"https:\/\/www.facebook.com\/KCMedija\/\",\"https:\/\/www.instagram.com\/kulturni_centar_mesnicka\/\"]},{\"@type\":\"Person\",\"@id\":\"https:\/\/portfolio.glazboteka.com\/kcm\/#\/schema\/person\/cc28eab64249ba0ee0cd57119ad6cfb1\",\"name\":\"admin\",\"image\":{\"@type\":\"ImageObject\",\"inLanguage\":\"en-US\",\"@id\":\"https:\/\/portfolio.glazboteka.com\/kcm\/#\/schema\/person\/image\/\",\"url\":\"https:\/\/secure.gravatar.com\/avatar\/adae78b005d32aabac5987ff3384a3c6da92fed0f1d86d3d250df8978a593a3f?s=96&d=mm&r=g\",\"contentUrl\":\"https:\/\/secure.gravatar.com\/avatar\/adae78b005d32aabac5987ff3384a3c6da92fed0f1d86d3d250df8978a593a3f?s=96&d=mm&r=g\",\"caption\":\"admin\"},\"sameAs\":[\"https:\/\/portfolio.glazboteka.com\/kcm\"],\"url\":\"https:\/\/portfolio.glazboteka.com\/kcm\/author\/admin\/\"}]}<\/script>\n<!-- \/ Yoast SEO plugin. -->","yoast_head_json":{"title":"Godi\u0161njica pretpremijere ratnoga spaktakla Najdu\u017ei dan - KCM","description":"Trojica redatelja, petorica scenarista te vrlo anga\u017eirani producent bili su potrebni kako bi se na ekran vjerno prenijela prijelomna bitka...","robots":{"index":"index","follow":"follow","max-snippet":"max-snippet:-1","max-image-preview":"max-image-preview:large","max-video-preview":"max-video-preview:-1"},"canonical":"https:\/\/portfolio.glazboteka.com\/kcm\/godisnjica-pretpremijere-ratnoga-spaktakla-najduzi-dan\/","og_locale":"en_US","og_type":"article","og_title":"Godi\u0161njica pretpremijere ratnoga spaktakla Najdu\u017ei dan - KCM","og_description":"Trojica redatelja, petorica scenarista te vrlo anga\u017eirani producent bili su potrebni kako bi se na ekran vjerno prenijela prijelomna bitka...","og_url":"https:\/\/portfolio.glazboteka.com\/kcm\/godisnjica-pretpremijere-ratnoga-spaktakla-najduzi-dan\/","og_site_name":"KCM","article_publisher":"https:\/\/www.facebook.com\/KCMedija\/","article_published_time":"2023-09-25T15:17:39+00:00","article_modified_time":"2023-09-27T17:30:52+00:00","og_image":[{"width":711,"height":1000,"url":"https:\/\/portfolio.glazboteka.com\/kcm\/wp-content\/uploads\/2023\/09\/The-Longest-Day.jpg","type":"image\/jpeg"}],"author":"admin","twitter_card":"summary_large_image","twitter_misc":{"Written by":"admin","Est. reading time":"3 minutes"},"schema":{"@context":"https:\/\/schema.org","@graph":[{"@type":"Article","@id":"https:\/\/portfolio.glazboteka.com\/kcm\/godisnjica-pretpremijere-ratnoga-spaktakla-najduzi-dan\/#article","isPartOf":{"@id":"https:\/\/portfolio.glazboteka.com\/kcm\/godisnjica-pretpremijere-ratnoga-spaktakla-najduzi-dan\/"},"author":{"name":"admin","@id":"https:\/\/portfolio.glazboteka.com\/kcm\/#\/schema\/person\/cc28eab64249ba0ee0cd57119ad6cfb1"},"headline":"Godi\u0161njica pretpremijere ratnoga spaktakla Najdu\u017ei dan","datePublished":"2023-09-25T15:17:39+00:00","dateModified":"2023-09-27T17:30:52+00:00","mainEntityOfPage":{"@id":"https:\/\/portfolio.glazboteka.com\/kcm\/godisnjica-pretpremijere-ratnoga-spaktakla-najduzi-dan\/"},"wordCount":559,"commentCount":0,"publisher":{"@id":"https:\/\/portfolio.glazboteka.com\/kcm\/#organization"},"image":{"@id":"https:\/\/portfolio.glazboteka.com\/kcm\/godisnjica-pretpremijere-ratnoga-spaktakla-najduzi-dan\/#primaryimage"},"thumbnailUrl":"https:\/\/portfolio.glazboteka.com\/kcm\/wp-content\/uploads\/2023\/09\/The-Longest-Day.jpg","keywords":["Andrew Marton","Bernhard Wicki","Bourvil","Curd J\u00fcrgens","Eddie Albert","George Segal","Gert Fr\u00f6be","Henry Fonda","Irina Demick","Jeffrey Hunter","John Wayne","Ken Annakin","Kenneth More","Leo Genn","Paul Anka","Peter Lawford","ratni film","Red Buttons","Richard Burton","Richard Todd","Robert Mitchum","Robert Wagner","Rod Steiger","Sean Connery","Steve Forrest","Stuart Whitman","Tom Tryon"],"articleSection":["Film","Umjetnost"],"inLanguage":"en-US","potentialAction":[{"@type":"CommentAction","name":"Comment","target":["https:\/\/portfolio.glazboteka.com\/kcm\/godisnjica-pretpremijere-ratnoga-spaktakla-najduzi-dan\/#respond"]}]},{"@type":"WebPage","@id":"https:\/\/portfolio.glazboteka.com\/kcm\/godisnjica-pretpremijere-ratnoga-spaktakla-najduzi-dan\/","url":"https:\/\/portfolio.glazboteka.com\/kcm\/godisnjica-pretpremijere-ratnoga-spaktakla-najduzi-dan\/","name":"Godi\u0161njica pretpremijere ratnoga spaktakla Najdu\u017ei dan - KCM","isPartOf":{"@id":"https:\/\/portfolio.glazboteka.com\/kcm\/#website"},"primaryImageOfPage":{"@id":"https:\/\/portfolio.glazboteka.com\/kcm\/godisnjica-pretpremijere-ratnoga-spaktakla-najduzi-dan\/#primaryimage"},"image":{"@id":"https:\/\/portfolio.glazboteka.com\/kcm\/godisnjica-pretpremijere-ratnoga-spaktakla-najduzi-dan\/#primaryimage"},"thumbnailUrl":"https:\/\/portfolio.glazboteka.com\/kcm\/wp-content\/uploads\/2023\/09\/The-Longest-Day.jpg","datePublished":"2023-09-25T15:17:39+00:00","dateModified":"2023-09-27T17:30:52+00:00","description":"Trojica redatelja, petorica scenarista te vrlo anga\u017eirani producent bili su potrebni kako bi se na ekran vjerno prenijela prijelomna bitka...","inLanguage":"en-US","potentialAction":[{"@type":"ReadAction","target":["https:\/\/portfolio.glazboteka.com\/kcm\/godisnjica-pretpremijere-ratnoga-spaktakla-najduzi-dan\/"]}]},{"@type":"ImageObject","inLanguage":"en-US","@id":"https:\/\/portfolio.glazboteka.com\/kcm\/godisnjica-pretpremijere-ratnoga-spaktakla-najduzi-dan\/#primaryimage","url":"https:\/\/portfolio.glazboteka.com\/kcm\/wp-content\/uploads\/2023\/09\/The-Longest-Day.jpg","contentUrl":"https:\/\/portfolio.glazboteka.com\/kcm\/wp-content\/uploads\/2023\/09\/The-Longest-Day.jpg","width":711,"height":1000},{"@type":"WebSite","@id":"https:\/\/portfolio.glazboteka.com\/kcm\/#website","url":"https:\/\/portfolio.glazboteka.com\/kcm\/","name":"KCM","description":"Kulturni centar Multimedija","publisher":{"@id":"https:\/\/portfolio.glazboteka.com\/kcm\/#organization"},"potentialAction":[{"@type":"SearchAction","target":{"@type":"EntryPoint","urlTemplate":"https:\/\/portfolio.glazboteka.com\/kcm\/?s={search_term_string}"},"query-input":{"@type":"PropertyValueSpecification","valueRequired":true,"valueName":"search_term_string"}}],"inLanguage":"en-US"},{"@type":"Organization","@id":"https:\/\/portfolio.glazboteka.com\/kcm\/#organization","name":"KCM","url":"https:\/\/portfolio.glazboteka.com\/kcm\/","logo":{"@type":"ImageObject","inLanguage":"en-US","@id":"https:\/\/portfolio.glazboteka.com\/kcm\/#\/schema\/logo\/image\/","url":"https:\/\/portfolio.glazboteka.com\/kcm\/wp-content\/uploads\/2022\/10\/KCM.jpg","contentUrl":"https:\/\/portfolio.glazboteka.com\/kcm\/wp-content\/uploads\/2022\/10\/KCM.jpg","width":476,"height":419,"caption":"KCM"},"image":{"@id":"https:\/\/portfolio.glazboteka.com\/kcm\/#\/schema\/logo\/image\/"},"sameAs":["https:\/\/www.facebook.com\/KCMedija\/","https:\/\/www.instagram.com\/kulturni_centar_mesnicka\/"]},{"@type":"Person","@id":"https:\/\/portfolio.glazboteka.com\/kcm\/#\/schema\/person\/cc28eab64249ba0ee0cd57119ad6cfb1","name":"admin","image":{"@type":"ImageObject","inLanguage":"en-US","@id":"https:\/\/portfolio.glazboteka.com\/kcm\/#\/schema\/person\/image\/","url":"https:\/\/secure.gravatar.com\/avatar\/adae78b005d32aabac5987ff3384a3c6da92fed0f1d86d3d250df8978a593a3f?s=96&d=mm&r=g","contentUrl":"https:\/\/secure.gravatar.com\/avatar\/adae78b005d32aabac5987ff3384a3c6da92fed0f1d86d3d250df8978a593a3f?s=96&d=mm&r=g","caption":"admin"},"sameAs":["https:\/\/portfolio.glazboteka.com\/kcm"],"url":"https:\/\/portfolio.glazboteka.com\/kcm\/author\/admin\/"}]}},"_links":{"self":[{"href":"https:\/\/portfolio.glazboteka.com\/kcm\/wp-json\/wp\/v2\/posts\/7721","targetHints":{"allow":["GET"]}}],"collection":[{"href":"https:\/\/portfolio.glazboteka.com\/kcm\/wp-json\/wp\/v2\/posts"}],"about":[{"href":"https:\/\/portfolio.glazboteka.com\/kcm\/wp-json\/wp\/v2\/types\/post"}],"author":[{"embeddable":true,"href":"https:\/\/portfolio.glazboteka.com\/kcm\/wp-json\/wp\/v2\/users\/1"}],"replies":[{"embeddable":true,"href":"https:\/\/portfolio.glazboteka.com\/kcm\/wp-json\/wp\/v2\/comments?post=7721"}],"version-history":[{"count":0,"href":"https:\/\/portfolio.glazboteka.com\/kcm\/wp-json\/wp\/v2\/posts\/7721\/revisions"}],"wp:featuredmedia":[{"embeddable":true,"href":"https:\/\/portfolio.glazboteka.com\/kcm\/wp-json\/wp\/v2\/media\/7723"}],"wp:attachment":[{"href":"https:\/\/portfolio.glazboteka.com\/kcm\/wp-json\/wp\/v2\/media?parent=7721"}],"wp:term":[{"taxonomy":"category","embeddable":true,"href":"https:\/\/portfolio.glazboteka.com\/kcm\/wp-json\/wp\/v2\/categories?post=7721"},{"taxonomy":"post_tag","embeddable":true,"href":"https:\/\/portfolio.glazboteka.com\/kcm\/wp-json\/wp\/v2\/tags?post=7721"}],"curies":[{"name":"wp","href":"https:\/\/api.w.org\/{rel}","templated":true}]}}