{"id":8052,"date":"2023-10-12T16:59:41","date_gmt":"2023-10-12T14:59:41","guid":{"rendered":"https:\/\/portfolio.glazboteka.com\/kcm\/?p=8052"},"modified":"2023-10-12T19:19:39","modified_gmt":"2023-10-12T17:19:39","slug":"godisnjica-objavljivanja-albuma-the-cult-istoimenog-britanskog-benda","status":"publish","type":"post","link":"https:\/\/portfolio.glazboteka.com\/kcm\/godisnjica-objavljivanja-albuma-the-cult-istoimenog-britanskog-benda\/","title":{"rendered":"Godi\u0161njica objavljivanja albuma The Cult istoimenog britanskog benda"},"content":{"rendered":"<p>&#8220;The Cult&#8221; naslov je \u0161estog studijskog albuma engleskog <em>rock<\/em>-sastava The Cult objavljenog na dana\u0161nji dan, 12. listopada 1994. godine za Beggars Banquet Records. Ujedno je i posljednji album benda na ameri\u010dkom tr\u017ei\u0161tu za Sire Records. \u010cesto se naziva &#8220;Black Sheep&#8221;, zbog fotografije crne ovce na naslovnici albuma.<\/p>\n<p>Stilski, bio je pod utjecajem tada popularnoga <em>grungea<\/em>, alternativnog <em>rocka<\/em>, ali i <em>noisea<\/em>, sa zna\u010dajnom upotrebom distorzije, sve skupa sjajno isproduciran. Vokalist Ian Astbury nazvao je plo\u010du &#8220;The Cult&#8221; vrlo osobnom i razotkrivaju\u0107om, na kojoj je donio vrlo intimne pjesme, skice iz svog \u017eivota, s temama koju su se kretale od seksualnog zlostavljanja u dobi od 15 godina do smrti Nigela Prestona (prijatelja i biv\u0161eg bubnjara The Culta), ali i godina lutanja i otkrivanja sebe u Glasgowu kasnih sedamdesetih.<\/p>\n<p>Iako je bila rije\u010d o vrhunskom albumu, jednostavno je ostao nezamije\u0107en. Dosegnuo je samo 69. mjesto u Sjedinjenim Dr\u017eavama i 21. u Velikoj Britaniji te ubrzo pao u zaborav. Singl &#8220;Coming Down (Drug Tongue)&#8221;, objavljen kao podr\u0161ka albumu, uspio je dosegnuti tek 51. mjesto britanske top-liste singlova. Slu\u017ebeno je objavljen jo\u0161 samo jedan singl, pjesma &#8220;Star&#8221; (65. mjesto u V. Britaniji). Ta je pjesma ustvari napisana jo\u0161 1986. godine i zvala se &#8220;Tom Petty&#8221;, ali iz nekog razloga nisu je svirali sve do 1993. godine, kada je na jednoj probi uskrsnula kao &#8220;Starchild&#8221;. Napokon je 1994. snimljena na plo\u010di, jednostavno naslovljena &#8220;Star&#8221;.<\/p>\n<p>Pjesma &#8220;Be Free&#8221; objavljena je kao singl u Kanadi, a u Francuskoj pak druga\u010dije ure\u0111ena verzija &#8220;Coming Down&#8221; (Drug Tongue)&#8221;. &#8220;Sacred Life&#8221; objavljena je samo kao promotivni singl u \u0160panjolskoj i Nizozemskoj, a &#8220;Saints Are Down&#8221; kao promotivni singl u Gr\u010dkoj.<\/p>\n<p>The Cult u sastavu Ian Astbury (vokal), Bill Duffy (gitara), Craig Adams (bas) i Scott Garrett (bubanj) album je snimao u Kanadi, a fantasti\u010dnu produkciju potpisuje Bob Rock.<\/p>\n<p>Popis pjesama: 1. Gone | 2. Coming Down (Frug Tongue) | 3. Real Grrrl | 4. Black Sun | 5. Naturraly High | 6. Joy | 7. Star | 8. Sacred Life | 9. Be Free | 10. Universal You | 11. Emperor&#8217;s New Horse | 12. Saints Are Down.<\/p>\n<p><strong>Goran \u010celig<\/strong><\/p>\n","protected":false},"excerpt":{"rendered":"<p>Iako je bila rije\u010d o vrhunskom albumu, jednostavno je ostao nezamije\u0107en. Dosegnuo je samo 69. mjesto u Sjedinjenim Dr\u017eavama i 21. u Velikoj Britaniji te ubrzo pao u zaborav.<\/p>\n","protected":false},"author":1,"featured_media":8053,"comment_status":"open","ping_status":"open","sticky":false,"template":"","format":"standard","meta":{"ngg_post_thumbnail":0,"ocean_post_layout":"","ocean_both_sidebars_style":"","ocean_both_sidebars_content_width":0,"ocean_both_sidebars_sidebars_width":0,"ocean_sidebar":"0","ocean_second_sidebar":"0","ocean_disable_margins":"enable","ocean_add_body_class":"","ocean_shortcode_before_top_bar":"","ocean_shortcode_after_top_bar":"","ocean_shortcode_before_header":"","ocean_shortcode_after_header":"","ocean_has_shortcode":"","ocean_shortcode_after_title":"","ocean_shortcode_before_footer_widgets":"","ocean_shortcode_after_footer_widgets":"","ocean_shortcode_before_footer_bottom":"","ocean_shortcode_after_footer_bottom":"","ocean_display_top_bar":"default","ocean_display_header":"default","ocean_header_style":"","ocean_center_header_left_menu":"0","ocean_custom_header_template":"0","ocean_custom_logo":0,"ocean_custom_retina_logo":0,"ocean_custom_logo_max_width":0,"ocean_custom_logo_tablet_max_width":0,"ocean_custom_logo_mobile_max_width":0,"ocean_custom_logo_max_height":0,"ocean_custom_logo_tablet_max_height":0,"ocean_custom_logo_mobile_max_height":0,"ocean_header_custom_menu":"0","ocean_menu_typo_font_family":"0","ocean_menu_typo_font_subset":"","ocean_menu_typo_font_size":0,"ocean_menu_typo_font_size_tablet":0,"ocean_menu_typo_font_size_mobile":0,"ocean_menu_typo_font_size_unit":"px","ocean_menu_typo_font_weight":"","ocean_menu_typo_font_weight_tablet":"","ocean_menu_typo_font_weight_mobile":"","ocean_menu_typo_transform":"","ocean_menu_typo_transform_tablet":"","ocean_menu_typo_transform_mobile":"","ocean_menu_typo_line_height":0,"ocean_menu_typo_line_height_tablet":0,"ocean_menu_typo_line_height_mobile":0,"ocean_menu_typo_line_height_unit":"","ocean_menu_typo_spacing":0,"ocean_menu_typo_spacing_tablet":0,"ocean_menu_typo_spacing_mobile":0,"ocean_menu_typo_spacing_unit":"","ocean_menu_link_color":"","ocean_menu_link_color_hover":"","ocean_menu_link_color_active":"","ocean_menu_link_background":"","ocean_menu_link_hover_background":"","ocean_menu_link_active_background":"","ocean_menu_social_links_bg":"","ocean_menu_social_hover_links_bg":"","ocean_menu_social_links_color":"","ocean_menu_social_hover_links_color":"","ocean_disable_title":"default","ocean_disable_heading":"default","ocean_post_title":"","ocean_post_subheading":"","ocean_post_title_style":"","ocean_post_title_background_color":"","ocean_post_title_background":0,"ocean_post_title_bg_image_position":"","ocean_post_title_bg_image_attachment":"","ocean_post_title_bg_image_repeat":"","ocean_post_title_bg_image_size":"","ocean_post_title_height":0,"ocean_post_title_bg_overlay":0.5,"ocean_post_title_bg_overlay_color":"","ocean_disable_breadcrumbs":"default","ocean_breadcrumbs_color":"","ocean_breadcrumbs_separator_color":"","ocean_breadcrumbs_links_color":"","ocean_breadcrumbs_links_hover_color":"","ocean_display_footer_widgets":"default","ocean_display_footer_bottom":"default","ocean_custom_footer_template":"0","ocean_post_oembed":"","ocean_post_self_hosted_media":"","ocean_post_video_embed":"","ocean_link_format":"","ocean_link_format_target":"self","ocean_quote_format":"","ocean_quote_format_link":"post","ocean_gallery_link_images":"on","ocean_gallery_id":[],"footnotes":""},"categories":[4,227],"tags":[1111,4587,7982,7981,2490,1840,809,4586,7983,4579],"class_list":["post-8052","post","type-post","status-publish","format-standard","has-post-thumbnail","hentry","category-glazba","category-umjetnost","tag-alternativni-rock","tag-billy-duffy","tag-black-sheep","tag-bob-rock","tag-craig-adams","tag-grunge","tag-hard-rock","tag-ian-astbury","tag-scott-garrett","tag-the-cult","entry","has-media"],"yoast_head":"<!-- This site is optimized with the Yoast SEO plugin v24.9 - https:\/\/yoast.com\/wordpress\/plugins\/seo\/ -->\n<title>Godi\u0161njica objavljivanja albuma The Cult istoimenog britanskog benda - KCM<\/title>\n<meta name=\"description\" content=\"Iako je bila rije\u010d o vrhunskom albumu, jednostavno je ostao nezamije\u0107en. Dosegnuo je samo 69. mjesto u Sjedinjenim Dr\u017eavama...\" \/>\n<meta name=\"robots\" content=\"index, follow, max-snippet:-1, max-image-preview:large, max-video-preview:-1\" \/>\n<link rel=\"canonical\" href=\"https:\/\/portfolio.glazboteka.com\/kcm\/godisnjica-objavljivanja-albuma-the-cult-istoimenog-britanskog-benda\/\" \/>\n<meta property=\"og:locale\" content=\"en_US\" \/>\n<meta property=\"og:type\" content=\"article\" \/>\n<meta property=\"og:title\" content=\"Godi\u0161njica objavljivanja albuma The Cult istoimenog britanskog benda - KCM\" \/>\n<meta property=\"og:description\" content=\"Iako je bila rije\u010d o vrhunskom albumu, jednostavno je ostao nezamije\u0107en. Dosegnuo je samo 69. mjesto u Sjedinjenim Dr\u017eavama...\" \/>\n<meta property=\"og:url\" content=\"https:\/\/portfolio.glazboteka.com\/kcm\/godisnjica-objavljivanja-albuma-the-cult-istoimenog-britanskog-benda\/\" \/>\n<meta property=\"og:site_name\" content=\"KCM\" \/>\n<meta property=\"article:publisher\" content=\"https:\/\/www.facebook.com\/KCMedija\/\" \/>\n<meta property=\"article:published_time\" content=\"2023-10-12T14:59:41+00:00\" \/>\n<meta property=\"article:modified_time\" content=\"2023-10-12T17:19:39+00:00\" \/>\n<meta property=\"og:image\" content=\"https:\/\/portfolio.glazboteka.com\/kcm\/wp-content\/uploads\/2023\/10\/The-Cult-album.jpg\" \/>\n\t<meta property=\"og:image:width\" content=\"1000\" \/>\n\t<meta property=\"og:image:height\" content=\"1000\" \/>\n\t<meta property=\"og:image:type\" content=\"image\/jpeg\" \/>\n<meta name=\"author\" content=\"admin\" \/>\n<meta name=\"twitter:card\" content=\"summary_large_image\" \/>\n<meta name=\"twitter:label1\" content=\"Written by\" \/>\n\t<meta name=\"twitter:data1\" content=\"admin\" \/>\n\t<meta name=\"twitter:label2\" content=\"Est. reading time\" \/>\n\t<meta name=\"twitter:data2\" content=\"2 minutes\" \/>\n<script type=\"application\/ld+json\" class=\"yoast-schema-graph\">{\"@context\":\"https:\/\/schema.org\",\"@graph\":[{\"@type\":\"Article\",\"@id\":\"https:\/\/portfolio.glazboteka.com\/kcm\/godisnjica-objavljivanja-albuma-the-cult-istoimenog-britanskog-benda\/#article\",\"isPartOf\":{\"@id\":\"https:\/\/portfolio.glazboteka.com\/kcm\/godisnjica-objavljivanja-albuma-the-cult-istoimenog-britanskog-benda\/\"},\"author\":{\"name\":\"admin\",\"@id\":\"https:\/\/portfolio.glazboteka.com\/kcm\/#\/schema\/person\/cc28eab64249ba0ee0cd57119ad6cfb1\"},\"headline\":\"Godi\u0161njica objavljivanja albuma The Cult istoimenog britanskog benda\",\"datePublished\":\"2023-10-12T14:59:41+00:00\",\"dateModified\":\"2023-10-12T17:19:39+00:00\",\"mainEntityOfPage\":{\"@id\":\"https:\/\/portfolio.glazboteka.com\/kcm\/godisnjica-objavljivanja-albuma-the-cult-istoimenog-britanskog-benda\/\"},\"wordCount\":342,\"commentCount\":0,\"publisher\":{\"@id\":\"https:\/\/portfolio.glazboteka.com\/kcm\/#organization\"},\"image\":{\"@id\":\"https:\/\/portfolio.glazboteka.com\/kcm\/godisnjica-objavljivanja-albuma-the-cult-istoimenog-britanskog-benda\/#primaryimage\"},\"thumbnailUrl\":\"https:\/\/portfolio.glazboteka.com\/kcm\/wp-content\/uploads\/2023\/10\/The-Cult-album.jpg\",\"keywords\":[\"alternativni rock\",\"Billy Duffy\",\"Black Sheep\",\"Bob Rock\",\"Craig Adams\",\"grunge\",\"hard-rock\",\"Ian Astbury\",\"Scott Garrett\",\"The Cult\"],\"articleSection\":[\"Glazba\",\"Umjetnost\"],\"inLanguage\":\"en-US\",\"potentialAction\":[{\"@type\":\"CommentAction\",\"name\":\"Comment\",\"target\":[\"https:\/\/portfolio.glazboteka.com\/kcm\/godisnjica-objavljivanja-albuma-the-cult-istoimenog-britanskog-benda\/#respond\"]}]},{\"@type\":\"WebPage\",\"@id\":\"https:\/\/portfolio.glazboteka.com\/kcm\/godisnjica-objavljivanja-albuma-the-cult-istoimenog-britanskog-benda\/\",\"url\":\"https:\/\/portfolio.glazboteka.com\/kcm\/godisnjica-objavljivanja-albuma-the-cult-istoimenog-britanskog-benda\/\",\"name\":\"Godi\u0161njica objavljivanja albuma The Cult istoimenog britanskog benda - KCM\",\"isPartOf\":{\"@id\":\"https:\/\/portfolio.glazboteka.com\/kcm\/#website\"},\"primaryImageOfPage\":{\"@id\":\"https:\/\/portfolio.glazboteka.com\/kcm\/godisnjica-objavljivanja-albuma-the-cult-istoimenog-britanskog-benda\/#primaryimage\"},\"image\":{\"@id\":\"https:\/\/portfolio.glazboteka.com\/kcm\/godisnjica-objavljivanja-albuma-the-cult-istoimenog-britanskog-benda\/#primaryimage\"},\"thumbnailUrl\":\"https:\/\/portfolio.glazboteka.com\/kcm\/wp-content\/uploads\/2023\/10\/The-Cult-album.jpg\",\"datePublished\":\"2023-10-12T14:59:41+00:00\",\"dateModified\":\"2023-10-12T17:19:39+00:00\",\"description\":\"Iako je bila rije\u010d o vrhunskom albumu, jednostavno je ostao nezamije\u0107en. Dosegnuo je samo 69. mjesto u Sjedinjenim Dr\u017eavama...\",\"inLanguage\":\"en-US\",\"potentialAction\":[{\"@type\":\"ReadAction\",\"target\":[\"https:\/\/portfolio.glazboteka.com\/kcm\/godisnjica-objavljivanja-albuma-the-cult-istoimenog-britanskog-benda\/\"]}]},{\"@type\":\"ImageObject\",\"inLanguage\":\"en-US\",\"@id\":\"https:\/\/portfolio.glazboteka.com\/kcm\/godisnjica-objavljivanja-albuma-the-cult-istoimenog-britanskog-benda\/#primaryimage\",\"url\":\"https:\/\/portfolio.glazboteka.com\/kcm\/wp-content\/uploads\/2023\/10\/The-Cult-album.jpg\",\"contentUrl\":\"https:\/\/portfolio.glazboteka.com\/kcm\/wp-content\/uploads\/2023\/10\/The-Cult-album.jpg\",\"width\":1000,\"height\":1000},{\"@type\":\"WebSite\",\"@id\":\"https:\/\/portfolio.glazboteka.com\/kcm\/#website\",\"url\":\"https:\/\/portfolio.glazboteka.com\/kcm\/\",\"name\":\"KCM\",\"description\":\"Kulturni centar Multimedija\",\"publisher\":{\"@id\":\"https:\/\/portfolio.glazboteka.com\/kcm\/#organization\"},\"potentialAction\":[{\"@type\":\"SearchAction\",\"target\":{\"@type\":\"EntryPoint\",\"urlTemplate\":\"https:\/\/portfolio.glazboteka.com\/kcm\/?s={search_term_string}\"},\"query-input\":{\"@type\":\"PropertyValueSpecification\",\"valueRequired\":true,\"valueName\":\"search_term_string\"}}],\"inLanguage\":\"en-US\"},{\"@type\":\"Organization\",\"@id\":\"https:\/\/portfolio.glazboteka.com\/kcm\/#organization\",\"name\":\"KCM\",\"url\":\"https:\/\/portfolio.glazboteka.com\/kcm\/\",\"logo\":{\"@type\":\"ImageObject\",\"inLanguage\":\"en-US\",\"@id\":\"https:\/\/portfolio.glazboteka.com\/kcm\/#\/schema\/logo\/image\/\",\"url\":\"https:\/\/portfolio.glazboteka.com\/kcm\/wp-content\/uploads\/2022\/10\/KCM.jpg\",\"contentUrl\":\"https:\/\/portfolio.glazboteka.com\/kcm\/wp-content\/uploads\/2022\/10\/KCM.jpg\",\"width\":476,\"height\":419,\"caption\":\"KCM\"},\"image\":{\"@id\":\"https:\/\/portfolio.glazboteka.com\/kcm\/#\/schema\/logo\/image\/\"},\"sameAs\":[\"https:\/\/www.facebook.com\/KCMedija\/\",\"https:\/\/www.instagram.com\/kulturni_centar_mesnicka\/\"]},{\"@type\":\"Person\",\"@id\":\"https:\/\/portfolio.glazboteka.com\/kcm\/#\/schema\/person\/cc28eab64249ba0ee0cd57119ad6cfb1\",\"name\":\"admin\",\"image\":{\"@type\":\"ImageObject\",\"inLanguage\":\"en-US\",\"@id\":\"https:\/\/portfolio.glazboteka.com\/kcm\/#\/schema\/person\/image\/\",\"url\":\"https:\/\/secure.gravatar.com\/avatar\/adae78b005d32aabac5987ff3384a3c6da92fed0f1d86d3d250df8978a593a3f?s=96&d=mm&r=g\",\"contentUrl\":\"https:\/\/secure.gravatar.com\/avatar\/adae78b005d32aabac5987ff3384a3c6da92fed0f1d86d3d250df8978a593a3f?s=96&d=mm&r=g\",\"caption\":\"admin\"},\"sameAs\":[\"https:\/\/portfolio.glazboteka.com\/kcm\"],\"url\":\"https:\/\/portfolio.glazboteka.com\/kcm\/author\/admin\/\"}]}<\/script>\n<!-- \/ Yoast SEO plugin. -->","yoast_head_json":{"title":"Godi\u0161njica objavljivanja albuma The Cult istoimenog britanskog benda - KCM","description":"Iako je bila rije\u010d o vrhunskom albumu, jednostavno je ostao nezamije\u0107en. Dosegnuo je samo 69. mjesto u Sjedinjenim Dr\u017eavama...","robots":{"index":"index","follow":"follow","max-snippet":"max-snippet:-1","max-image-preview":"max-image-preview:large","max-video-preview":"max-video-preview:-1"},"canonical":"https:\/\/portfolio.glazboteka.com\/kcm\/godisnjica-objavljivanja-albuma-the-cult-istoimenog-britanskog-benda\/","og_locale":"en_US","og_type":"article","og_title":"Godi\u0161njica objavljivanja albuma The Cult istoimenog britanskog benda - KCM","og_description":"Iako je bila rije\u010d o vrhunskom albumu, jednostavno je ostao nezamije\u0107en. Dosegnuo je samo 69. mjesto u Sjedinjenim Dr\u017eavama...","og_url":"https:\/\/portfolio.glazboteka.com\/kcm\/godisnjica-objavljivanja-albuma-the-cult-istoimenog-britanskog-benda\/","og_site_name":"KCM","article_publisher":"https:\/\/www.facebook.com\/KCMedija\/","article_published_time":"2023-10-12T14:59:41+00:00","article_modified_time":"2023-10-12T17:19:39+00:00","og_image":[{"width":1000,"height":1000,"url":"https:\/\/portfolio.glazboteka.com\/kcm\/wp-content\/uploads\/2023\/10\/The-Cult-album.jpg","type":"image\/jpeg"}],"author":"admin","twitter_card":"summary_large_image","twitter_misc":{"Written by":"admin","Est. reading time":"2 minutes"},"schema":{"@context":"https:\/\/schema.org","@graph":[{"@type":"Article","@id":"https:\/\/portfolio.glazboteka.com\/kcm\/godisnjica-objavljivanja-albuma-the-cult-istoimenog-britanskog-benda\/#article","isPartOf":{"@id":"https:\/\/portfolio.glazboteka.com\/kcm\/godisnjica-objavljivanja-albuma-the-cult-istoimenog-britanskog-benda\/"},"author":{"name":"admin","@id":"https:\/\/portfolio.glazboteka.com\/kcm\/#\/schema\/person\/cc28eab64249ba0ee0cd57119ad6cfb1"},"headline":"Godi\u0161njica objavljivanja albuma The Cult istoimenog britanskog benda","datePublished":"2023-10-12T14:59:41+00:00","dateModified":"2023-10-12T17:19:39+00:00","mainEntityOfPage":{"@id":"https:\/\/portfolio.glazboteka.com\/kcm\/godisnjica-objavljivanja-albuma-the-cult-istoimenog-britanskog-benda\/"},"wordCount":342,"commentCount":0,"publisher":{"@id":"https:\/\/portfolio.glazboteka.com\/kcm\/#organization"},"image":{"@id":"https:\/\/portfolio.glazboteka.com\/kcm\/godisnjica-objavljivanja-albuma-the-cult-istoimenog-britanskog-benda\/#primaryimage"},"thumbnailUrl":"https:\/\/portfolio.glazboteka.com\/kcm\/wp-content\/uploads\/2023\/10\/The-Cult-album.jpg","keywords":["alternativni rock","Billy Duffy","Black Sheep","Bob Rock","Craig Adams","grunge","hard-rock","Ian Astbury","Scott Garrett","The Cult"],"articleSection":["Glazba","Umjetnost"],"inLanguage":"en-US","potentialAction":[{"@type":"CommentAction","name":"Comment","target":["https:\/\/portfolio.glazboteka.com\/kcm\/godisnjica-objavljivanja-albuma-the-cult-istoimenog-britanskog-benda\/#respond"]}]},{"@type":"WebPage","@id":"https:\/\/portfolio.glazboteka.com\/kcm\/godisnjica-objavljivanja-albuma-the-cult-istoimenog-britanskog-benda\/","url":"https:\/\/portfolio.glazboteka.com\/kcm\/godisnjica-objavljivanja-albuma-the-cult-istoimenog-britanskog-benda\/","name":"Godi\u0161njica objavljivanja albuma The Cult istoimenog britanskog benda - KCM","isPartOf":{"@id":"https:\/\/portfolio.glazboteka.com\/kcm\/#website"},"primaryImageOfPage":{"@id":"https:\/\/portfolio.glazboteka.com\/kcm\/godisnjica-objavljivanja-albuma-the-cult-istoimenog-britanskog-benda\/#primaryimage"},"image":{"@id":"https:\/\/portfolio.glazboteka.com\/kcm\/godisnjica-objavljivanja-albuma-the-cult-istoimenog-britanskog-benda\/#primaryimage"},"thumbnailUrl":"https:\/\/portfolio.glazboteka.com\/kcm\/wp-content\/uploads\/2023\/10\/The-Cult-album.jpg","datePublished":"2023-10-12T14:59:41+00:00","dateModified":"2023-10-12T17:19:39+00:00","description":"Iako je bila rije\u010d o vrhunskom albumu, jednostavno je ostao nezamije\u0107en. Dosegnuo je samo 69. mjesto u Sjedinjenim Dr\u017eavama...","inLanguage":"en-US","potentialAction":[{"@type":"ReadAction","target":["https:\/\/portfolio.glazboteka.com\/kcm\/godisnjica-objavljivanja-albuma-the-cult-istoimenog-britanskog-benda\/"]}]},{"@type":"ImageObject","inLanguage":"en-US","@id":"https:\/\/portfolio.glazboteka.com\/kcm\/godisnjica-objavljivanja-albuma-the-cult-istoimenog-britanskog-benda\/#primaryimage","url":"https:\/\/portfolio.glazboteka.com\/kcm\/wp-content\/uploads\/2023\/10\/The-Cult-album.jpg","contentUrl":"https:\/\/portfolio.glazboteka.com\/kcm\/wp-content\/uploads\/2023\/10\/The-Cult-album.jpg","width":1000,"height":1000},{"@type":"WebSite","@id":"https:\/\/portfolio.glazboteka.com\/kcm\/#website","url":"https:\/\/portfolio.glazboteka.com\/kcm\/","name":"KCM","description":"Kulturni centar Multimedija","publisher":{"@id":"https:\/\/portfolio.glazboteka.com\/kcm\/#organization"},"potentialAction":[{"@type":"SearchAction","target":{"@type":"EntryPoint","urlTemplate":"https:\/\/portfolio.glazboteka.com\/kcm\/?s={search_term_string}"},"query-input":{"@type":"PropertyValueSpecification","valueRequired":true,"valueName":"search_term_string"}}],"inLanguage":"en-US"},{"@type":"Organization","@id":"https:\/\/portfolio.glazboteka.com\/kcm\/#organization","name":"KCM","url":"https:\/\/portfolio.glazboteka.com\/kcm\/","logo":{"@type":"ImageObject","inLanguage":"en-US","@id":"https:\/\/portfolio.glazboteka.com\/kcm\/#\/schema\/logo\/image\/","url":"https:\/\/portfolio.glazboteka.com\/kcm\/wp-content\/uploads\/2022\/10\/KCM.jpg","contentUrl":"https:\/\/portfolio.glazboteka.com\/kcm\/wp-content\/uploads\/2022\/10\/KCM.jpg","width":476,"height":419,"caption":"KCM"},"image":{"@id":"https:\/\/portfolio.glazboteka.com\/kcm\/#\/schema\/logo\/image\/"},"sameAs":["https:\/\/www.facebook.com\/KCMedija\/","https:\/\/www.instagram.com\/kulturni_centar_mesnicka\/"]},{"@type":"Person","@id":"https:\/\/portfolio.glazboteka.com\/kcm\/#\/schema\/person\/cc28eab64249ba0ee0cd57119ad6cfb1","name":"admin","image":{"@type":"ImageObject","inLanguage":"en-US","@id":"https:\/\/portfolio.glazboteka.com\/kcm\/#\/schema\/person\/image\/","url":"https:\/\/secure.gravatar.com\/avatar\/adae78b005d32aabac5987ff3384a3c6da92fed0f1d86d3d250df8978a593a3f?s=96&d=mm&r=g","contentUrl":"https:\/\/secure.gravatar.com\/avatar\/adae78b005d32aabac5987ff3384a3c6da92fed0f1d86d3d250df8978a593a3f?s=96&d=mm&r=g","caption":"admin"},"sameAs":["https:\/\/portfolio.glazboteka.com\/kcm"],"url":"https:\/\/portfolio.glazboteka.com\/kcm\/author\/admin\/"}]}},"_links":{"self":[{"href":"https:\/\/portfolio.glazboteka.com\/kcm\/wp-json\/wp\/v2\/posts\/8052","targetHints":{"allow":["GET"]}}],"collection":[{"href":"https:\/\/portfolio.glazboteka.com\/kcm\/wp-json\/wp\/v2\/posts"}],"about":[{"href":"https:\/\/portfolio.glazboteka.com\/kcm\/wp-json\/wp\/v2\/types\/post"}],"author":[{"embeddable":true,"href":"https:\/\/portfolio.glazboteka.com\/kcm\/wp-json\/wp\/v2\/users\/1"}],"replies":[{"embeddable":true,"href":"https:\/\/portfolio.glazboteka.com\/kcm\/wp-json\/wp\/v2\/comments?post=8052"}],"version-history":[{"count":0,"href":"https:\/\/portfolio.glazboteka.com\/kcm\/wp-json\/wp\/v2\/posts\/8052\/revisions"}],"wp:featuredmedia":[{"embeddable":true,"href":"https:\/\/portfolio.glazboteka.com\/kcm\/wp-json\/wp\/v2\/media\/8053"}],"wp:attachment":[{"href":"https:\/\/portfolio.glazboteka.com\/kcm\/wp-json\/wp\/v2\/media?parent=8052"}],"wp:term":[{"taxonomy":"category","embeddable":true,"href":"https:\/\/portfolio.glazboteka.com\/kcm\/wp-json\/wp\/v2\/categories?post=8052"},{"taxonomy":"post_tag","embeddable":true,"href":"https:\/\/portfolio.glazboteka.com\/kcm\/wp-json\/wp\/v2\/tags?post=8052"}],"curies":[{"name":"wp","href":"https:\/\/api.w.org\/{rel}","templated":true}]}}