{"id":8132,"date":"2023-10-17T17:09:20","date_gmt":"2023-10-17T15:09:20","guid":{"rendered":"https:\/\/portfolio.glazboteka.com\/kcm\/?p=8132"},"modified":"2023-10-17T23:30:59","modified_gmt":"2023-10-17T21:30:59","slug":"godisnjica-kinopremijere-filma-bullitt-redatelja-petera-yatesa","status":"publish","type":"post","link":"https:\/\/portfolio.glazboteka.com\/kcm\/godisnjica-kinopremijere-filma-bullitt-redatelja-petera-yatesa\/","title":{"rendered":"Godi\u0161njica kinopremijere filma Bullitt redatelja Petera Yatesa"},"content":{"rendered":"<p>Na dana\u0161nji dan, 17. listopada 1968. godine u sjevernoameri\u010dka kina pu\u0161ten je \u010duveni &#8220;Bullitt&#8221;, koji je maestralno re\u017eirao Peter Yates. Gluma\u010dku ekipu predvodi slavni Steve McQueen, a uz njega su Robert Vaughn, Jacqueline Bisset, Don Gordon, Robert Duvall, Simon Oakland i Norman Fell.<\/p>\n<p>Kad mu njegov nadre\u0111eni, kapetan Sam Bennett (S. Oakland), povjeri za\u0161titu Johnnyja Rossa (P. Renella), mafija\u0161kog dou\u0161nika koji je svojim \u0161efovima ukrao dva milijuna dolara i odlu\u010dio svjedo\u010diti protiv njih, iskusni detektiv Frank Bullitt (S. McQueen) zaklju\u010di da je pred njim jednostavan posao. Frank je grub, \u0161utljiv i potpuno predan svom poslu, zbog \u010dega pomalo pati njegova veza s Cathy (J. Bisset). Doznav\u0161i da je Ross iznajmio sobu u tro\u0161nom hotelu, Frank ga posjeti u dru\u0161tvu partnera Delgettija (D. Gordon), koji kao Johnnyjeva za\u0161titara anga\u017eira detektiva Stantona (C. Reindel). Ve\u0107 sljede\u0107eg jutra u sobu iznenada upadnu dvojica, ustrijele Rossa i te\u0161ko rane Stantona. Od ranjenoga kolege dozna da je Ross otvorio vrata svojim ubojicama i shvati da je suo\u010den sa slu\u010dajem u kojem ni\u0161ta nije onakvo kakvim se \u010dini i koji ambiciozni politi\u010dar Walter Chalmers (R. Vaughn) \u017eeli iskoristiti za osobnu promociju. Izgleda da iza svega stoji opasni mafija\u0161 Albert Edward Renick (F. Orlandi), a u lovu njega Franku \u0107e pomo\u0107i susretljivi taksist Weissberg (R. Duvall)&#8230;<\/p>\n<p>Nezaboravni glumac Steve McQueen (Sedmorica veli\u010danstvenih, Veliki bijeg), nominiran za Oscara 1967. za glavnu ulogu u filmu &#8220;The Sand Pebbles&#8221;, preko no\u0107i je postao zvijezda i jo\u0161 za \u017eivota u\u0161ao u legendu. Ro\u0111en 1930. godine u Missouriju, McQueen je odrastao u siroti\u0161tu nakon \u0161to ga je napustio otac, mornari\u010dki pilot. Premda je i sam stupio u mornaricu, neukrotivi duh i strogi vojni propisi nagnali su ga da se predomisli. U New Yorku je poha\u0111ao razne gluma\u010dke \u0161kole, a pred teatarsku publiku prvi je put stao 1955. Godinu poslije uslijedio je i filmski debi u drami &#8220;Tamo gore netko me voli&#8221; Roberta Wisea, u kojoj je ipak ostao u sjeni Paula Newmana. Dobio je priliku nastupiti u filmu &#8220;Operacija Burma&#8221; redatelja Johna Sturgesa, a godinu potom Sturges \u0107e ga anga\u017eirati u &#8220;Sedmorici veli\u010danstvenih&#8221;&#8230;<\/p>\n<p>U ovoj dinami\u010dnoj i realisti\u010dnoj akcijskoj krimi-drami &#8220;Bullitt&#8221; cijenjenog Petera Yatesa (Osumnji\u010deni, Ku\u0107a u ulici Carroll) McQueen izuzetno efektno utjelovljuje grubog i razmjerno asocijalnog <em>murjaka<\/em>. &#8220;Bullitt&#8221; je ostvarenje koje je na svojevrstan na\u010din nazna\u010dilo zavr\u0161etak ludih \u0161ezdesetih godina anticipirav\u0161i lik Prljavoga Harryja, istjeriva\u010da pravde koji \u0107e obilje\u017eiti sljede\u0107e desetlje\u0107e.<\/p>\n<p>Uz karizmati\u010dnog McQueena nastupaju, rekosmo, Robert Vaughn (Pakleni toranj, Superman III) te Jacqueline Bisset (Cul-de-sac, \u017divot i doba suca Roya Beana), \u010detiri puta nominirana za Zlatni globus. U zapa\u017eenoj epizodi se pojavljuje danas glasoviti oskarovac Robert Duvall (Kum, Apokalipsa danas), filmsku fotografiju potpisuje \u0161est puta za Oscara nominirani William A. Fraker (Rosemaryna beba, Luda invazija na Kaliforniju), a dojmljivu glazbu slavni Lalo Schifrin (Prljavi Harry, U zmajevom gnijezdu), \u0161est puta nominiran za Oscara.<\/p>\n<p><strong>Goran \u010celig<\/strong><\/p>\n","protected":false},"excerpt":{"rendered":"<p>U dinami\u010dnoj i realisti\u010dnoj akcijskoj krimi-drami McQueen izuzetno efektno utjelovljuje grubog i razmjerno asocijalnog murjaka.<\/p>\n","protected":false},"author":1,"featured_media":8135,"comment_status":"open","ping_status":"open","sticky":false,"template":"","format":"standard","meta":{"ngg_post_thumbnail":0,"ocean_post_layout":"","ocean_both_sidebars_style":"","ocean_both_sidebars_content_width":0,"ocean_both_sidebars_sidebars_width":0,"ocean_sidebar":"0","ocean_second_sidebar":"0","ocean_disable_margins":"enable","ocean_add_body_class":"","ocean_shortcode_before_top_bar":"","ocean_shortcode_after_top_bar":"","ocean_shortcode_before_header":"","ocean_shortcode_after_header":"","ocean_has_shortcode":"","ocean_shortcode_after_title":"","ocean_shortcode_before_footer_widgets":"","ocean_shortcode_after_footer_widgets":"","ocean_shortcode_before_footer_bottom":"","ocean_shortcode_after_footer_bottom":"","ocean_display_top_bar":"default","ocean_display_header":"default","ocean_header_style":"","ocean_center_header_left_menu":"0","ocean_custom_header_template":"0","ocean_custom_logo":0,"ocean_custom_retina_logo":0,"ocean_custom_logo_max_width":0,"ocean_custom_logo_tablet_max_width":0,"ocean_custom_logo_mobile_max_width":0,"ocean_custom_logo_max_height":0,"ocean_custom_logo_tablet_max_height":0,"ocean_custom_logo_mobile_max_height":0,"ocean_header_custom_menu":"0","ocean_menu_typo_font_family":"0","ocean_menu_typo_font_subset":"","ocean_menu_typo_font_size":0,"ocean_menu_typo_font_size_tablet":0,"ocean_menu_typo_font_size_mobile":0,"ocean_menu_typo_font_size_unit":"px","ocean_menu_typo_font_weight":"","ocean_menu_typo_font_weight_tablet":"","ocean_menu_typo_font_weight_mobile":"","ocean_menu_typo_transform":"","ocean_menu_typo_transform_tablet":"","ocean_menu_typo_transform_mobile":"","ocean_menu_typo_line_height":0,"ocean_menu_typo_line_height_tablet":0,"ocean_menu_typo_line_height_mobile":0,"ocean_menu_typo_line_height_unit":"","ocean_menu_typo_spacing":0,"ocean_menu_typo_spacing_tablet":0,"ocean_menu_typo_spacing_mobile":0,"ocean_menu_typo_spacing_unit":"","ocean_menu_link_color":"","ocean_menu_link_color_hover":"","ocean_menu_link_color_active":"","ocean_menu_link_background":"","ocean_menu_link_hover_background":"","ocean_menu_link_active_background":"","ocean_menu_social_links_bg":"","ocean_menu_social_hover_links_bg":"","ocean_menu_social_links_color":"","ocean_menu_social_hover_links_color":"","ocean_disable_title":"default","ocean_disable_heading":"default","ocean_post_title":"","ocean_post_subheading":"","ocean_post_title_style":"","ocean_post_title_background_color":"","ocean_post_title_background":0,"ocean_post_title_bg_image_position":"","ocean_post_title_bg_image_attachment":"","ocean_post_title_bg_image_repeat":"","ocean_post_title_bg_image_size":"","ocean_post_title_height":0,"ocean_post_title_bg_overlay":0.5,"ocean_post_title_bg_overlay_color":"","ocean_disable_breadcrumbs":"default","ocean_breadcrumbs_color":"","ocean_breadcrumbs_separator_color":"","ocean_breadcrumbs_links_color":"","ocean_breadcrumbs_links_hover_color":"","ocean_display_footer_widgets":"default","ocean_display_footer_bottom":"default","ocean_custom_footer_template":"0","ocean_post_oembed":"","ocean_post_self_hosted_media":"","ocean_post_video_embed":"","ocean_link_format":"","ocean_link_format_target":"self","ocean_quote_format":"","ocean_quote_format_link":"post","ocean_gallery_link_images":"on","ocean_gallery_id":[],"footnotes":""},"categories":[53,227],"tags":[2492,8050,8051,2469,999,8053,8054,1058,1981,8052,1979],"class_list":["post-8132","post","type-post","status-publish","format-standard","has-post-thumbnail","hentry","category-film","category-umjetnost","tag-akcijska-drama","tag-bullitt","tag-don-gordon","tag-jacqueline-bisset","tag-kriminalisticka-drama","tag-norman-fell","tag-peter-yates","tag-robert-duvall","tag-robert-vaughn","tag-simon-oakland","tag-steve-mcqueen","entry","has-media"],"yoast_head":"<!-- This site is optimized with the Yoast SEO plugin v24.9 - https:\/\/yoast.com\/wordpress\/plugins\/seo\/ -->\n<title>Godi\u0161njica kinopremijere filma Bullitt redatelja Petera Yatesa - KCM<\/title>\n<meta name=\"description\" content=\"U dinami\u010dnoj i realisti\u010dnoj akcijskoj krimi-drami McQueen izuzetno efektno utjelovljuje grubog i razmjerno asocijalnog murjaka.\" \/>\n<meta name=\"robots\" content=\"index, follow, max-snippet:-1, max-image-preview:large, max-video-preview:-1\" \/>\n<link rel=\"canonical\" href=\"https:\/\/portfolio.glazboteka.com\/kcm\/godisnjica-kinopremijere-filma-bullitt-redatelja-petera-yatesa\/\" \/>\n<meta property=\"og:locale\" content=\"en_US\" \/>\n<meta property=\"og:type\" content=\"article\" \/>\n<meta property=\"og:title\" content=\"Godi\u0161njica kinopremijere filma Bullitt redatelja Petera Yatesa - KCM\" \/>\n<meta property=\"og:description\" content=\"U dinami\u010dnoj i realisti\u010dnoj akcijskoj krimi-drami McQueen izuzetno efektno utjelovljuje grubog i razmjerno asocijalnog murjaka.\" \/>\n<meta property=\"og:url\" content=\"https:\/\/portfolio.glazboteka.com\/kcm\/godisnjica-kinopremijere-filma-bullitt-redatelja-petera-yatesa\/\" \/>\n<meta property=\"og:site_name\" content=\"KCM\" \/>\n<meta property=\"article:publisher\" content=\"https:\/\/www.facebook.com\/KCMedija\/\" \/>\n<meta property=\"article:published_time\" content=\"2023-10-17T15:09:20+00:00\" \/>\n<meta property=\"article:modified_time\" content=\"2023-10-17T21:30:59+00:00\" \/>\n<meta property=\"og:image\" content=\"https:\/\/portfolio.glazboteka.com\/kcm\/wp-content\/uploads\/2023\/10\/Bullitt.jpg\" \/>\n\t<meta property=\"og:image:width\" content=\"1060\" \/>\n\t<meta property=\"og:image:height\" content=\"1500\" \/>\n\t<meta property=\"og:image:type\" content=\"image\/jpeg\" \/>\n<meta name=\"author\" content=\"admin\" \/>\n<meta name=\"twitter:card\" content=\"summary_large_image\" \/>\n<meta name=\"twitter:label1\" content=\"Written by\" \/>\n\t<meta name=\"twitter:data1\" content=\"admin\" \/>\n\t<meta name=\"twitter:label2\" content=\"Est. reading time\" \/>\n\t<meta name=\"twitter:data2\" content=\"3 minutes\" \/>\n<script type=\"application\/ld+json\" class=\"yoast-schema-graph\">{\"@context\":\"https:\/\/schema.org\",\"@graph\":[{\"@type\":\"Article\",\"@id\":\"https:\/\/portfolio.glazboteka.com\/kcm\/godisnjica-kinopremijere-filma-bullitt-redatelja-petera-yatesa\/#article\",\"isPartOf\":{\"@id\":\"https:\/\/portfolio.glazboteka.com\/kcm\/godisnjica-kinopremijere-filma-bullitt-redatelja-petera-yatesa\/\"},\"author\":{\"name\":\"admin\",\"@id\":\"https:\/\/portfolio.glazboteka.com\/kcm\/#\/schema\/person\/cc28eab64249ba0ee0cd57119ad6cfb1\"},\"headline\":\"Godi\u0161njica kinopremijere filma Bullitt redatelja Petera Yatesa\",\"datePublished\":\"2023-10-17T15:09:20+00:00\",\"dateModified\":\"2023-10-17T21:30:59+00:00\",\"mainEntityOfPage\":{\"@id\":\"https:\/\/portfolio.glazboteka.com\/kcm\/godisnjica-kinopremijere-filma-bullitt-redatelja-petera-yatesa\/\"},\"wordCount\":516,\"commentCount\":0,\"publisher\":{\"@id\":\"https:\/\/portfolio.glazboteka.com\/kcm\/#organization\"},\"image\":{\"@id\":\"https:\/\/portfolio.glazboteka.com\/kcm\/godisnjica-kinopremijere-filma-bullitt-redatelja-petera-yatesa\/#primaryimage\"},\"thumbnailUrl\":\"https:\/\/portfolio.glazboteka.com\/kcm\/wp-content\/uploads\/2023\/10\/Bullitt.jpg\",\"keywords\":[\"akcijska drama\",\"Bullitt\",\"Don Gordon\",\"Jacqueline Bisset\",\"kriminalisti\u010dka drama\",\"Norman Fell\",\"Peter Yates\",\"Robert Duvall\",\"Robert Vaughn\",\"Simon Oakland\",\"Steve McQueen\"],\"articleSection\":[\"Film\",\"Umjetnost\"],\"inLanguage\":\"en-US\",\"potentialAction\":[{\"@type\":\"CommentAction\",\"name\":\"Comment\",\"target\":[\"https:\/\/portfolio.glazboteka.com\/kcm\/godisnjica-kinopremijere-filma-bullitt-redatelja-petera-yatesa\/#respond\"]}]},{\"@type\":\"WebPage\",\"@id\":\"https:\/\/portfolio.glazboteka.com\/kcm\/godisnjica-kinopremijere-filma-bullitt-redatelja-petera-yatesa\/\",\"url\":\"https:\/\/portfolio.glazboteka.com\/kcm\/godisnjica-kinopremijere-filma-bullitt-redatelja-petera-yatesa\/\",\"name\":\"Godi\u0161njica kinopremijere filma Bullitt redatelja Petera Yatesa - KCM\",\"isPartOf\":{\"@id\":\"https:\/\/portfolio.glazboteka.com\/kcm\/#website\"},\"primaryImageOfPage\":{\"@id\":\"https:\/\/portfolio.glazboteka.com\/kcm\/godisnjica-kinopremijere-filma-bullitt-redatelja-petera-yatesa\/#primaryimage\"},\"image\":{\"@id\":\"https:\/\/portfolio.glazboteka.com\/kcm\/godisnjica-kinopremijere-filma-bullitt-redatelja-petera-yatesa\/#primaryimage\"},\"thumbnailUrl\":\"https:\/\/portfolio.glazboteka.com\/kcm\/wp-content\/uploads\/2023\/10\/Bullitt.jpg\",\"datePublished\":\"2023-10-17T15:09:20+00:00\",\"dateModified\":\"2023-10-17T21:30:59+00:00\",\"description\":\"U dinami\u010dnoj i realisti\u010dnoj akcijskoj krimi-drami McQueen izuzetno efektno utjelovljuje grubog i razmjerno asocijalnog murjaka.\",\"inLanguage\":\"en-US\",\"potentialAction\":[{\"@type\":\"ReadAction\",\"target\":[\"https:\/\/portfolio.glazboteka.com\/kcm\/godisnjica-kinopremijere-filma-bullitt-redatelja-petera-yatesa\/\"]}]},{\"@type\":\"ImageObject\",\"inLanguage\":\"en-US\",\"@id\":\"https:\/\/portfolio.glazboteka.com\/kcm\/godisnjica-kinopremijere-filma-bullitt-redatelja-petera-yatesa\/#primaryimage\",\"url\":\"https:\/\/portfolio.glazboteka.com\/kcm\/wp-content\/uploads\/2023\/10\/Bullitt.jpg\",\"contentUrl\":\"https:\/\/portfolio.glazboteka.com\/kcm\/wp-content\/uploads\/2023\/10\/Bullitt.jpg\",\"width\":1060,\"height\":1500},{\"@type\":\"WebSite\",\"@id\":\"https:\/\/portfolio.glazboteka.com\/kcm\/#website\",\"url\":\"https:\/\/portfolio.glazboteka.com\/kcm\/\",\"name\":\"KCM\",\"description\":\"Kulturni centar Multimedija\",\"publisher\":{\"@id\":\"https:\/\/portfolio.glazboteka.com\/kcm\/#organization\"},\"potentialAction\":[{\"@type\":\"SearchAction\",\"target\":{\"@type\":\"EntryPoint\",\"urlTemplate\":\"https:\/\/portfolio.glazboteka.com\/kcm\/?s={search_term_string}\"},\"query-input\":{\"@type\":\"PropertyValueSpecification\",\"valueRequired\":true,\"valueName\":\"search_term_string\"}}],\"inLanguage\":\"en-US\"},{\"@type\":\"Organization\",\"@id\":\"https:\/\/portfolio.glazboteka.com\/kcm\/#organization\",\"name\":\"KCM\",\"url\":\"https:\/\/portfolio.glazboteka.com\/kcm\/\",\"logo\":{\"@type\":\"ImageObject\",\"inLanguage\":\"en-US\",\"@id\":\"https:\/\/portfolio.glazboteka.com\/kcm\/#\/schema\/logo\/image\/\",\"url\":\"https:\/\/portfolio.glazboteka.com\/kcm\/wp-content\/uploads\/2022\/10\/KCM.jpg\",\"contentUrl\":\"https:\/\/portfolio.glazboteka.com\/kcm\/wp-content\/uploads\/2022\/10\/KCM.jpg\",\"width\":476,\"height\":419,\"caption\":\"KCM\"},\"image\":{\"@id\":\"https:\/\/portfolio.glazboteka.com\/kcm\/#\/schema\/logo\/image\/\"},\"sameAs\":[\"https:\/\/www.facebook.com\/KCMedija\/\",\"https:\/\/www.instagram.com\/kulturni_centar_mesnicka\/\"]},{\"@type\":\"Person\",\"@id\":\"https:\/\/portfolio.glazboteka.com\/kcm\/#\/schema\/person\/cc28eab64249ba0ee0cd57119ad6cfb1\",\"name\":\"admin\",\"image\":{\"@type\":\"ImageObject\",\"inLanguage\":\"en-US\",\"@id\":\"https:\/\/portfolio.glazboteka.com\/kcm\/#\/schema\/person\/image\/\",\"url\":\"https:\/\/secure.gravatar.com\/avatar\/adae78b005d32aabac5987ff3384a3c6da92fed0f1d86d3d250df8978a593a3f?s=96&d=mm&r=g\",\"contentUrl\":\"https:\/\/secure.gravatar.com\/avatar\/adae78b005d32aabac5987ff3384a3c6da92fed0f1d86d3d250df8978a593a3f?s=96&d=mm&r=g\",\"caption\":\"admin\"},\"sameAs\":[\"https:\/\/portfolio.glazboteka.com\/kcm\"],\"url\":\"https:\/\/portfolio.glazboteka.com\/kcm\/author\/admin\/\"}]}<\/script>\n<!-- \/ Yoast SEO plugin. -->","yoast_head_json":{"title":"Godi\u0161njica kinopremijere filma Bullitt redatelja Petera Yatesa - KCM","description":"U dinami\u010dnoj i realisti\u010dnoj akcijskoj krimi-drami McQueen izuzetno efektno utjelovljuje grubog i razmjerno asocijalnog murjaka.","robots":{"index":"index","follow":"follow","max-snippet":"max-snippet:-1","max-image-preview":"max-image-preview:large","max-video-preview":"max-video-preview:-1"},"canonical":"https:\/\/portfolio.glazboteka.com\/kcm\/godisnjica-kinopremijere-filma-bullitt-redatelja-petera-yatesa\/","og_locale":"en_US","og_type":"article","og_title":"Godi\u0161njica kinopremijere filma Bullitt redatelja Petera Yatesa - KCM","og_description":"U dinami\u010dnoj i realisti\u010dnoj akcijskoj krimi-drami McQueen izuzetno efektno utjelovljuje grubog i razmjerno asocijalnog murjaka.","og_url":"https:\/\/portfolio.glazboteka.com\/kcm\/godisnjica-kinopremijere-filma-bullitt-redatelja-petera-yatesa\/","og_site_name":"KCM","article_publisher":"https:\/\/www.facebook.com\/KCMedija\/","article_published_time":"2023-10-17T15:09:20+00:00","article_modified_time":"2023-10-17T21:30:59+00:00","og_image":[{"width":1060,"height":1500,"url":"https:\/\/portfolio.glazboteka.com\/kcm\/wp-content\/uploads\/2023\/10\/Bullitt.jpg","type":"image\/jpeg"}],"author":"admin","twitter_card":"summary_large_image","twitter_misc":{"Written by":"admin","Est. reading time":"3 minutes"},"schema":{"@context":"https:\/\/schema.org","@graph":[{"@type":"Article","@id":"https:\/\/portfolio.glazboteka.com\/kcm\/godisnjica-kinopremijere-filma-bullitt-redatelja-petera-yatesa\/#article","isPartOf":{"@id":"https:\/\/portfolio.glazboteka.com\/kcm\/godisnjica-kinopremijere-filma-bullitt-redatelja-petera-yatesa\/"},"author":{"name":"admin","@id":"https:\/\/portfolio.glazboteka.com\/kcm\/#\/schema\/person\/cc28eab64249ba0ee0cd57119ad6cfb1"},"headline":"Godi\u0161njica kinopremijere filma Bullitt redatelja Petera Yatesa","datePublished":"2023-10-17T15:09:20+00:00","dateModified":"2023-10-17T21:30:59+00:00","mainEntityOfPage":{"@id":"https:\/\/portfolio.glazboteka.com\/kcm\/godisnjica-kinopremijere-filma-bullitt-redatelja-petera-yatesa\/"},"wordCount":516,"commentCount":0,"publisher":{"@id":"https:\/\/portfolio.glazboteka.com\/kcm\/#organization"},"image":{"@id":"https:\/\/portfolio.glazboteka.com\/kcm\/godisnjica-kinopremijere-filma-bullitt-redatelja-petera-yatesa\/#primaryimage"},"thumbnailUrl":"https:\/\/portfolio.glazboteka.com\/kcm\/wp-content\/uploads\/2023\/10\/Bullitt.jpg","keywords":["akcijska drama","Bullitt","Don Gordon","Jacqueline Bisset","kriminalisti\u010dka drama","Norman Fell","Peter Yates","Robert Duvall","Robert Vaughn","Simon Oakland","Steve McQueen"],"articleSection":["Film","Umjetnost"],"inLanguage":"en-US","potentialAction":[{"@type":"CommentAction","name":"Comment","target":["https:\/\/portfolio.glazboteka.com\/kcm\/godisnjica-kinopremijere-filma-bullitt-redatelja-petera-yatesa\/#respond"]}]},{"@type":"WebPage","@id":"https:\/\/portfolio.glazboteka.com\/kcm\/godisnjica-kinopremijere-filma-bullitt-redatelja-petera-yatesa\/","url":"https:\/\/portfolio.glazboteka.com\/kcm\/godisnjica-kinopremijere-filma-bullitt-redatelja-petera-yatesa\/","name":"Godi\u0161njica kinopremijere filma Bullitt redatelja Petera Yatesa - KCM","isPartOf":{"@id":"https:\/\/portfolio.glazboteka.com\/kcm\/#website"},"primaryImageOfPage":{"@id":"https:\/\/portfolio.glazboteka.com\/kcm\/godisnjica-kinopremijere-filma-bullitt-redatelja-petera-yatesa\/#primaryimage"},"image":{"@id":"https:\/\/portfolio.glazboteka.com\/kcm\/godisnjica-kinopremijere-filma-bullitt-redatelja-petera-yatesa\/#primaryimage"},"thumbnailUrl":"https:\/\/portfolio.glazboteka.com\/kcm\/wp-content\/uploads\/2023\/10\/Bullitt.jpg","datePublished":"2023-10-17T15:09:20+00:00","dateModified":"2023-10-17T21:30:59+00:00","description":"U dinami\u010dnoj i realisti\u010dnoj akcijskoj krimi-drami McQueen izuzetno efektno utjelovljuje grubog i razmjerno asocijalnog murjaka.","inLanguage":"en-US","potentialAction":[{"@type":"ReadAction","target":["https:\/\/portfolio.glazboteka.com\/kcm\/godisnjica-kinopremijere-filma-bullitt-redatelja-petera-yatesa\/"]}]},{"@type":"ImageObject","inLanguage":"en-US","@id":"https:\/\/portfolio.glazboteka.com\/kcm\/godisnjica-kinopremijere-filma-bullitt-redatelja-petera-yatesa\/#primaryimage","url":"https:\/\/portfolio.glazboteka.com\/kcm\/wp-content\/uploads\/2023\/10\/Bullitt.jpg","contentUrl":"https:\/\/portfolio.glazboteka.com\/kcm\/wp-content\/uploads\/2023\/10\/Bullitt.jpg","width":1060,"height":1500},{"@type":"WebSite","@id":"https:\/\/portfolio.glazboteka.com\/kcm\/#website","url":"https:\/\/portfolio.glazboteka.com\/kcm\/","name":"KCM","description":"Kulturni centar Multimedija","publisher":{"@id":"https:\/\/portfolio.glazboteka.com\/kcm\/#organization"},"potentialAction":[{"@type":"SearchAction","target":{"@type":"EntryPoint","urlTemplate":"https:\/\/portfolio.glazboteka.com\/kcm\/?s={search_term_string}"},"query-input":{"@type":"PropertyValueSpecification","valueRequired":true,"valueName":"search_term_string"}}],"inLanguage":"en-US"},{"@type":"Organization","@id":"https:\/\/portfolio.glazboteka.com\/kcm\/#organization","name":"KCM","url":"https:\/\/portfolio.glazboteka.com\/kcm\/","logo":{"@type":"ImageObject","inLanguage":"en-US","@id":"https:\/\/portfolio.glazboteka.com\/kcm\/#\/schema\/logo\/image\/","url":"https:\/\/portfolio.glazboteka.com\/kcm\/wp-content\/uploads\/2022\/10\/KCM.jpg","contentUrl":"https:\/\/portfolio.glazboteka.com\/kcm\/wp-content\/uploads\/2022\/10\/KCM.jpg","width":476,"height":419,"caption":"KCM"},"image":{"@id":"https:\/\/portfolio.glazboteka.com\/kcm\/#\/schema\/logo\/image\/"},"sameAs":["https:\/\/www.facebook.com\/KCMedija\/","https:\/\/www.instagram.com\/kulturni_centar_mesnicka\/"]},{"@type":"Person","@id":"https:\/\/portfolio.glazboteka.com\/kcm\/#\/schema\/person\/cc28eab64249ba0ee0cd57119ad6cfb1","name":"admin","image":{"@type":"ImageObject","inLanguage":"en-US","@id":"https:\/\/portfolio.glazboteka.com\/kcm\/#\/schema\/person\/image\/","url":"https:\/\/secure.gravatar.com\/avatar\/adae78b005d32aabac5987ff3384a3c6da92fed0f1d86d3d250df8978a593a3f?s=96&d=mm&r=g","contentUrl":"https:\/\/secure.gravatar.com\/avatar\/adae78b005d32aabac5987ff3384a3c6da92fed0f1d86d3d250df8978a593a3f?s=96&d=mm&r=g","caption":"admin"},"sameAs":["https:\/\/portfolio.glazboteka.com\/kcm"],"url":"https:\/\/portfolio.glazboteka.com\/kcm\/author\/admin\/"}]}},"_links":{"self":[{"href":"https:\/\/portfolio.glazboteka.com\/kcm\/wp-json\/wp\/v2\/posts\/8132","targetHints":{"allow":["GET"]}}],"collection":[{"href":"https:\/\/portfolio.glazboteka.com\/kcm\/wp-json\/wp\/v2\/posts"}],"about":[{"href":"https:\/\/portfolio.glazboteka.com\/kcm\/wp-json\/wp\/v2\/types\/post"}],"author":[{"embeddable":true,"href":"https:\/\/portfolio.glazboteka.com\/kcm\/wp-json\/wp\/v2\/users\/1"}],"replies":[{"embeddable":true,"href":"https:\/\/portfolio.glazboteka.com\/kcm\/wp-json\/wp\/v2\/comments?post=8132"}],"version-history":[{"count":0,"href":"https:\/\/portfolio.glazboteka.com\/kcm\/wp-json\/wp\/v2\/posts\/8132\/revisions"}],"wp:featuredmedia":[{"embeddable":true,"href":"https:\/\/portfolio.glazboteka.com\/kcm\/wp-json\/wp\/v2\/media\/8135"}],"wp:attachment":[{"href":"https:\/\/portfolio.glazboteka.com\/kcm\/wp-json\/wp\/v2\/media?parent=8132"}],"wp:term":[{"taxonomy":"category","embeddable":true,"href":"https:\/\/portfolio.glazboteka.com\/kcm\/wp-json\/wp\/v2\/categories?post=8132"},{"taxonomy":"post_tag","embeddable":true,"href":"https:\/\/portfolio.glazboteka.com\/kcm\/wp-json\/wp\/v2\/tags?post=8132"}],"curies":[{"name":"wp","href":"https:\/\/api.w.org\/{rel}","templated":true}]}}