{"id":8757,"date":"2023-11-16T18:56:00","date_gmt":"2023-11-16T17:56:00","guid":{"rendered":"https:\/\/portfolio.glazboteka.com\/kcm\/?p=8757"},"modified":"2023-11-17T03:31:37","modified_gmt":"2023-11-17T02:31:37","slug":"godisnjica-objavljivanja-albuma-infarkt-grupe-atomsko-skloniste","status":"publish","type":"post","link":"https:\/\/portfolio.glazboteka.com\/kcm\/godisnjica-objavljivanja-albuma-infarkt-grupe-atomsko-skloniste\/","title":{"rendered":"Godi\u0161njica objavljivanja albuma Infarkt grupe Atomsko skloni\u0161te"},"content":{"rendered":"<p>Na dana\u0161nji dan, 16. studenog 1978. godine RTV Ljubljana objavila je &#8220;Infarkt&#8221;, drugi studijski album pulske <em>hard-rock<\/em> grupe Atomsko skloni\u0161te. Taj album Skloni\u0161te je u\u010dinio jednom od najzna\u010dajnijih <em>rock<\/em>-grupa i koncertnom atrakcijom u biv\u0161oj Jugoslaviji.<\/p>\n<p>Zvuk na &#8220;Infarktu&#8221; jo\u0161 je \u010dvr\u0161\u0107i i sna\u017eniji, a ritam br\u017ei nego na debiju &#8220;Ne cvikaj generacijo&#8221;. Upe\u010datljive solo-dionice, jaka ritam-sekcija i vrhunska produkcija neki su od detalja koji pridonose kvaliteti, a Sergio Bla\u017ei\u0107 i novi klavijaturist Paul Biland\u017ei\u0107 (Eduard Kancelar napustio je bend zbog fakultetskih obveza) svemu tome dodali su svoj doprinos.<\/p>\n<p>Tekstovi su za nijansu manje potresni i bolni nego na prvijencu, ali i dalje jednako o\u0161tri. Album otvara recitacija &#8220;Na proplanku \u010deka cvijet&#8221;, kao i na sva tri prva izdanja, a ta dojmljiva interpretacija zasluga je Bo\u0161ka Obradovi\u0107a. Nakon toga ni\u017eu se pjesme koje \u0107e postati veliki hitovi: &#8220;Pakleni voza\u010di&#8221;, &#8220;Djevojka broj 8&#8221;, &#8220;Oni \u0161to dolaze za nama&#8221;, &#8220;Bez kaputa&#8221; (koja je ujedno i jedina pjesama sporijeg ritma) itd.<\/p>\n<p> &#8220;Infarkt&#8221; su otpjevali i odsvirali Sergio Bla\u017ei\u0107 \u0110oser (vokal), Bruno Langer (bas, vokal), Dragan Gu\u017evan (gitara), Paul Biland\u017ei\u0107 (klavijature, vokal) i Sa\u0161a Dadi\u0107 (bubnjevi).<\/p>\n<p>Popis pjesama: 1. Na proplanku \u010deka cvijet | 2. Na kraju stolje\u0107a | 3. Infarkt | 4. Ra\u0111aju se nova djeca | 5. Bez kaputa | 6. Djevojka broj 8 | 7. Pakleni voza\u010di | 8. Zvao sam i miliciju | 9. Periferni vremeplov | 10. Oni \u0161to dolaze za nama.<\/p>\n<p><strong>Goran \u010celig<\/strong><\/p>\n","protected":false},"excerpt":{"rendered":"<p>Tekstovi su za nijansu manje potresni i bolni nego na debiju, ali i dalje jednako o\u0161tri. Album otvara recitacija &#8220;Na proplanku \u010deka cvijet&#8221;, kao i na sva tri prva izdanja&#8230;<\/p>\n","protected":false},"author":1,"featured_media":8758,"comment_status":"open","ping_status":"open","sticky":false,"template":"","format":"standard","meta":{"ngg_post_thumbnail":0,"ocean_post_layout":"","ocean_both_sidebars_style":"","ocean_both_sidebars_content_width":0,"ocean_both_sidebars_sidebars_width":0,"ocean_sidebar":"0","ocean_second_sidebar":"0","ocean_disable_margins":"enable","ocean_add_body_class":"","ocean_shortcode_before_top_bar":"","ocean_shortcode_after_top_bar":"","ocean_shortcode_before_header":"","ocean_shortcode_after_header":"","ocean_has_shortcode":"","ocean_shortcode_after_title":"","ocean_shortcode_before_footer_widgets":"","ocean_shortcode_after_footer_widgets":"","ocean_shortcode_before_footer_bottom":"","ocean_shortcode_after_footer_bottom":"","ocean_display_top_bar":"default","ocean_display_header":"default","ocean_header_style":"","ocean_center_header_left_menu":"0","ocean_custom_header_template":"0","ocean_custom_logo":0,"ocean_custom_retina_logo":0,"ocean_custom_logo_max_width":0,"ocean_custom_logo_tablet_max_width":0,"ocean_custom_logo_mobile_max_width":0,"ocean_custom_logo_max_height":0,"ocean_custom_logo_tablet_max_height":0,"ocean_custom_logo_mobile_max_height":0,"ocean_header_custom_menu":"0","ocean_menu_typo_font_family":"0","ocean_menu_typo_font_subset":"","ocean_menu_typo_font_size":0,"ocean_menu_typo_font_size_tablet":0,"ocean_menu_typo_font_size_mobile":0,"ocean_menu_typo_font_size_unit":"px","ocean_menu_typo_font_weight":"","ocean_menu_typo_font_weight_tablet":"","ocean_menu_typo_font_weight_mobile":"","ocean_menu_typo_transform":"","ocean_menu_typo_transform_tablet":"","ocean_menu_typo_transform_mobile":"","ocean_menu_typo_line_height":0,"ocean_menu_typo_line_height_tablet":0,"ocean_menu_typo_line_height_mobile":0,"ocean_menu_typo_line_height_unit":"","ocean_menu_typo_spacing":0,"ocean_menu_typo_spacing_tablet":0,"ocean_menu_typo_spacing_mobile":0,"ocean_menu_typo_spacing_unit":"","ocean_menu_link_color":"","ocean_menu_link_color_hover":"","ocean_menu_link_color_active":"","ocean_menu_link_background":"","ocean_menu_link_hover_background":"","ocean_menu_link_active_background":"","ocean_menu_social_links_bg":"","ocean_menu_social_hover_links_bg":"","ocean_menu_social_links_color":"","ocean_menu_social_hover_links_color":"","ocean_disable_title":"default","ocean_disable_heading":"default","ocean_post_title":"","ocean_post_subheading":"","ocean_post_title_style":"","ocean_post_title_background_color":"","ocean_post_title_background":0,"ocean_post_title_bg_image_position":"","ocean_post_title_bg_image_attachment":"","ocean_post_title_bg_image_repeat":"","ocean_post_title_bg_image_size":"","ocean_post_title_height":0,"ocean_post_title_bg_overlay":0.5,"ocean_post_title_bg_overlay_color":"","ocean_disable_breadcrumbs":"default","ocean_breadcrumbs_color":"","ocean_breadcrumbs_separator_color":"","ocean_breadcrumbs_links_color":"","ocean_breadcrumbs_links_hover_color":"","ocean_display_footer_widgets":"default","ocean_display_footer_bottom":"default","ocean_custom_footer_template":"0","ocean_post_oembed":"","ocean_post_self_hosted_media":"","ocean_post_video_embed":"","ocean_link_format":"","ocean_link_format_target":"self","ocean_quote_format":"","ocean_quote_format_link":"post","ocean_gallery_link_images":"on","ocean_gallery_id":[],"footnotes":""},"categories":[4,227],"tags":[4389,4395,4392,4391,809,8542,8543,4393,4390],"class_list":["post-8757","post","type-post","status-publish","format-standard","has-post-thumbnail","hentry","category-glazba","category-umjetnost","tag-atomsko-skloniste","tag-bosko-obradovic","tag-bruno-langer","tag-dragan-guzvan","tag-hard-rock","tag-infarkt","tag-paul-bilandzic","tag-sasa-dadic","tag-sergio-blazic","entry","has-media"],"yoast_head":"<!-- This site is optimized with the Yoast SEO plugin v24.9 - https:\/\/yoast.com\/wordpress\/plugins\/seo\/ -->\n<title>Godi\u0161njica objavljivanja albuma Infarkt grupe Atomsko skloni\u0161te - KCM<\/title>\n<meta name=\"description\" content=\"Tekstovi su za nijansu manje potresni i bolni nego na debiju, ali i dalje jednako o\u0161tri. Album otvara recitacija &quot;Na proplanku \u010deka cvijet&quot;...\" \/>\n<meta name=\"robots\" content=\"index, follow, max-snippet:-1, max-image-preview:large, max-video-preview:-1\" \/>\n<link rel=\"canonical\" href=\"https:\/\/portfolio.glazboteka.com\/kcm\/godisnjica-objavljivanja-albuma-infarkt-grupe-atomsko-skloniste\/\" \/>\n<meta property=\"og:locale\" content=\"en_US\" \/>\n<meta property=\"og:type\" content=\"article\" \/>\n<meta property=\"og:title\" content=\"Godi\u0161njica objavljivanja albuma Infarkt grupe Atomsko skloni\u0161te - KCM\" \/>\n<meta property=\"og:description\" content=\"Tekstovi su za nijansu manje potresni i bolni nego na debiju, ali i dalje jednako o\u0161tri. Album otvara recitacija &quot;Na proplanku \u010deka cvijet&quot;...\" \/>\n<meta property=\"og:url\" content=\"https:\/\/portfolio.glazboteka.com\/kcm\/godisnjica-objavljivanja-albuma-infarkt-grupe-atomsko-skloniste\/\" \/>\n<meta property=\"og:site_name\" content=\"KCM\" \/>\n<meta property=\"article:publisher\" content=\"https:\/\/www.facebook.com\/KCMedija\/\" \/>\n<meta property=\"article:published_time\" content=\"2023-11-16T17:56:00+00:00\" \/>\n<meta property=\"article:modified_time\" content=\"2023-11-17T02:31:37+00:00\" \/>\n<meta property=\"og:image\" content=\"https:\/\/portfolio.glazboteka.com\/kcm\/wp-content\/uploads\/2023\/11\/Infarkt.jpg\" \/>\n\t<meta property=\"og:image:width\" content=\"1429\" \/>\n\t<meta property=\"og:image:height\" content=\"1429\" \/>\n\t<meta property=\"og:image:type\" content=\"image\/jpeg\" \/>\n<meta name=\"author\" content=\"admin\" \/>\n<meta name=\"twitter:card\" content=\"summary_large_image\" \/>\n<meta name=\"twitter:label1\" content=\"Written by\" \/>\n\t<meta name=\"twitter:data1\" content=\"admin\" \/>\n\t<meta name=\"twitter:label2\" content=\"Est. reading time\" \/>\n\t<meta name=\"twitter:data2\" content=\"1 minute\" \/>\n<script type=\"application\/ld+json\" class=\"yoast-schema-graph\">{\"@context\":\"https:\/\/schema.org\",\"@graph\":[{\"@type\":\"Article\",\"@id\":\"https:\/\/portfolio.glazboteka.com\/kcm\/godisnjica-objavljivanja-albuma-infarkt-grupe-atomsko-skloniste\/#article\",\"isPartOf\":{\"@id\":\"https:\/\/portfolio.glazboteka.com\/kcm\/godisnjica-objavljivanja-albuma-infarkt-grupe-atomsko-skloniste\/\"},\"author\":{\"name\":\"admin\",\"@id\":\"https:\/\/portfolio.glazboteka.com\/kcm\/#\/schema\/person\/cc28eab64249ba0ee0cd57119ad6cfb1\"},\"headline\":\"Godi\u0161njica objavljivanja albuma Infarkt grupe Atomsko skloni\u0161te\",\"datePublished\":\"2023-11-16T17:56:00+00:00\",\"dateModified\":\"2023-11-17T02:31:37+00:00\",\"mainEntityOfPage\":{\"@id\":\"https:\/\/portfolio.glazboteka.com\/kcm\/godisnjica-objavljivanja-albuma-infarkt-grupe-atomsko-skloniste\/\"},\"wordCount\":244,\"commentCount\":0,\"publisher\":{\"@id\":\"https:\/\/portfolio.glazboteka.com\/kcm\/#organization\"},\"image\":{\"@id\":\"https:\/\/portfolio.glazboteka.com\/kcm\/godisnjica-objavljivanja-albuma-infarkt-grupe-atomsko-skloniste\/#primaryimage\"},\"thumbnailUrl\":\"https:\/\/portfolio.glazboteka.com\/kcm\/wp-content\/uploads\/2023\/11\/Infarkt.jpg\",\"keywords\":[\"Atomsko skloni\u0161te\",\"Bo\u0161ko Obradovi\u0107\",\"Bruno Langer\",\"Dragan Gu\u017evan\",\"hard-rock\",\"Infarkt\",\"Paul Biland\u017ei\u0107\",\"Sa\u0161a Dadi\u0107\",\"Sergio Bla\u017ei\u0107\"],\"articleSection\":[\"Glazba\",\"Umjetnost\"],\"inLanguage\":\"en-US\",\"potentialAction\":[{\"@type\":\"CommentAction\",\"name\":\"Comment\",\"target\":[\"https:\/\/portfolio.glazboteka.com\/kcm\/godisnjica-objavljivanja-albuma-infarkt-grupe-atomsko-skloniste\/#respond\"]}]},{\"@type\":\"WebPage\",\"@id\":\"https:\/\/portfolio.glazboteka.com\/kcm\/godisnjica-objavljivanja-albuma-infarkt-grupe-atomsko-skloniste\/\",\"url\":\"https:\/\/portfolio.glazboteka.com\/kcm\/godisnjica-objavljivanja-albuma-infarkt-grupe-atomsko-skloniste\/\",\"name\":\"Godi\u0161njica objavljivanja albuma Infarkt grupe Atomsko skloni\u0161te - KCM\",\"isPartOf\":{\"@id\":\"https:\/\/portfolio.glazboteka.com\/kcm\/#website\"},\"primaryImageOfPage\":{\"@id\":\"https:\/\/portfolio.glazboteka.com\/kcm\/godisnjica-objavljivanja-albuma-infarkt-grupe-atomsko-skloniste\/#primaryimage\"},\"image\":{\"@id\":\"https:\/\/portfolio.glazboteka.com\/kcm\/godisnjica-objavljivanja-albuma-infarkt-grupe-atomsko-skloniste\/#primaryimage\"},\"thumbnailUrl\":\"https:\/\/portfolio.glazboteka.com\/kcm\/wp-content\/uploads\/2023\/11\/Infarkt.jpg\",\"datePublished\":\"2023-11-16T17:56:00+00:00\",\"dateModified\":\"2023-11-17T02:31:37+00:00\",\"description\":\"Tekstovi su za nijansu manje potresni i bolni nego na debiju, ali i dalje jednako o\u0161tri. Album otvara recitacija \\\"Na proplanku \u010deka cvijet\\\"...\",\"inLanguage\":\"en-US\",\"potentialAction\":[{\"@type\":\"ReadAction\",\"target\":[\"https:\/\/portfolio.glazboteka.com\/kcm\/godisnjica-objavljivanja-albuma-infarkt-grupe-atomsko-skloniste\/\"]}]},{\"@type\":\"ImageObject\",\"inLanguage\":\"en-US\",\"@id\":\"https:\/\/portfolio.glazboteka.com\/kcm\/godisnjica-objavljivanja-albuma-infarkt-grupe-atomsko-skloniste\/#primaryimage\",\"url\":\"https:\/\/portfolio.glazboteka.com\/kcm\/wp-content\/uploads\/2023\/11\/Infarkt.jpg\",\"contentUrl\":\"https:\/\/portfolio.glazboteka.com\/kcm\/wp-content\/uploads\/2023\/11\/Infarkt.jpg\",\"width\":1429,\"height\":1429},{\"@type\":\"WebSite\",\"@id\":\"https:\/\/portfolio.glazboteka.com\/kcm\/#website\",\"url\":\"https:\/\/portfolio.glazboteka.com\/kcm\/\",\"name\":\"KCM\",\"description\":\"Kulturni centar Multimedija\",\"publisher\":{\"@id\":\"https:\/\/portfolio.glazboteka.com\/kcm\/#organization\"},\"potentialAction\":[{\"@type\":\"SearchAction\",\"target\":{\"@type\":\"EntryPoint\",\"urlTemplate\":\"https:\/\/portfolio.glazboteka.com\/kcm\/?s={search_term_string}\"},\"query-input\":{\"@type\":\"PropertyValueSpecification\",\"valueRequired\":true,\"valueName\":\"search_term_string\"}}],\"inLanguage\":\"en-US\"},{\"@type\":\"Organization\",\"@id\":\"https:\/\/portfolio.glazboteka.com\/kcm\/#organization\",\"name\":\"KCM\",\"url\":\"https:\/\/portfolio.glazboteka.com\/kcm\/\",\"logo\":{\"@type\":\"ImageObject\",\"inLanguage\":\"en-US\",\"@id\":\"https:\/\/portfolio.glazboteka.com\/kcm\/#\/schema\/logo\/image\/\",\"url\":\"https:\/\/portfolio.glazboteka.com\/kcm\/wp-content\/uploads\/2022\/10\/KCM.jpg\",\"contentUrl\":\"https:\/\/portfolio.glazboteka.com\/kcm\/wp-content\/uploads\/2022\/10\/KCM.jpg\",\"width\":476,\"height\":419,\"caption\":\"KCM\"},\"image\":{\"@id\":\"https:\/\/portfolio.glazboteka.com\/kcm\/#\/schema\/logo\/image\/\"},\"sameAs\":[\"https:\/\/www.facebook.com\/KCMedija\/\",\"https:\/\/www.instagram.com\/kulturni_centar_mesnicka\/\"]},{\"@type\":\"Person\",\"@id\":\"https:\/\/portfolio.glazboteka.com\/kcm\/#\/schema\/person\/cc28eab64249ba0ee0cd57119ad6cfb1\",\"name\":\"admin\",\"image\":{\"@type\":\"ImageObject\",\"inLanguage\":\"en-US\",\"@id\":\"https:\/\/portfolio.glazboteka.com\/kcm\/#\/schema\/person\/image\/\",\"url\":\"https:\/\/secure.gravatar.com\/avatar\/adae78b005d32aabac5987ff3384a3c6da92fed0f1d86d3d250df8978a593a3f?s=96&d=mm&r=g\",\"contentUrl\":\"https:\/\/secure.gravatar.com\/avatar\/adae78b005d32aabac5987ff3384a3c6da92fed0f1d86d3d250df8978a593a3f?s=96&d=mm&r=g\",\"caption\":\"admin\"},\"sameAs\":[\"https:\/\/portfolio.glazboteka.com\/kcm\"],\"url\":\"https:\/\/portfolio.glazboteka.com\/kcm\/author\/admin\/\"}]}<\/script>\n<!-- \/ Yoast SEO plugin. -->","yoast_head_json":{"title":"Godi\u0161njica objavljivanja albuma Infarkt grupe Atomsko skloni\u0161te - KCM","description":"Tekstovi su za nijansu manje potresni i bolni nego na debiju, ali i dalje jednako o\u0161tri. Album otvara recitacija \"Na proplanku \u010deka cvijet\"...","robots":{"index":"index","follow":"follow","max-snippet":"max-snippet:-1","max-image-preview":"max-image-preview:large","max-video-preview":"max-video-preview:-1"},"canonical":"https:\/\/portfolio.glazboteka.com\/kcm\/godisnjica-objavljivanja-albuma-infarkt-grupe-atomsko-skloniste\/","og_locale":"en_US","og_type":"article","og_title":"Godi\u0161njica objavljivanja albuma Infarkt grupe Atomsko skloni\u0161te - KCM","og_description":"Tekstovi su za nijansu manje potresni i bolni nego na debiju, ali i dalje jednako o\u0161tri. Album otvara recitacija \"Na proplanku \u010deka cvijet\"...","og_url":"https:\/\/portfolio.glazboteka.com\/kcm\/godisnjica-objavljivanja-albuma-infarkt-grupe-atomsko-skloniste\/","og_site_name":"KCM","article_publisher":"https:\/\/www.facebook.com\/KCMedija\/","article_published_time":"2023-11-16T17:56:00+00:00","article_modified_time":"2023-11-17T02:31:37+00:00","og_image":[{"width":1429,"height":1429,"url":"https:\/\/portfolio.glazboteka.com\/kcm\/wp-content\/uploads\/2023\/11\/Infarkt.jpg","type":"image\/jpeg"}],"author":"admin","twitter_card":"summary_large_image","twitter_misc":{"Written by":"admin","Est. reading time":"1 minute"},"schema":{"@context":"https:\/\/schema.org","@graph":[{"@type":"Article","@id":"https:\/\/portfolio.glazboteka.com\/kcm\/godisnjica-objavljivanja-albuma-infarkt-grupe-atomsko-skloniste\/#article","isPartOf":{"@id":"https:\/\/portfolio.glazboteka.com\/kcm\/godisnjica-objavljivanja-albuma-infarkt-grupe-atomsko-skloniste\/"},"author":{"name":"admin","@id":"https:\/\/portfolio.glazboteka.com\/kcm\/#\/schema\/person\/cc28eab64249ba0ee0cd57119ad6cfb1"},"headline":"Godi\u0161njica objavljivanja albuma Infarkt grupe Atomsko skloni\u0161te","datePublished":"2023-11-16T17:56:00+00:00","dateModified":"2023-11-17T02:31:37+00:00","mainEntityOfPage":{"@id":"https:\/\/portfolio.glazboteka.com\/kcm\/godisnjica-objavljivanja-albuma-infarkt-grupe-atomsko-skloniste\/"},"wordCount":244,"commentCount":0,"publisher":{"@id":"https:\/\/portfolio.glazboteka.com\/kcm\/#organization"},"image":{"@id":"https:\/\/portfolio.glazboteka.com\/kcm\/godisnjica-objavljivanja-albuma-infarkt-grupe-atomsko-skloniste\/#primaryimage"},"thumbnailUrl":"https:\/\/portfolio.glazboteka.com\/kcm\/wp-content\/uploads\/2023\/11\/Infarkt.jpg","keywords":["Atomsko skloni\u0161te","Bo\u0161ko Obradovi\u0107","Bruno Langer","Dragan Gu\u017evan","hard-rock","Infarkt","Paul Biland\u017ei\u0107","Sa\u0161a Dadi\u0107","Sergio Bla\u017ei\u0107"],"articleSection":["Glazba","Umjetnost"],"inLanguage":"en-US","potentialAction":[{"@type":"CommentAction","name":"Comment","target":["https:\/\/portfolio.glazboteka.com\/kcm\/godisnjica-objavljivanja-albuma-infarkt-grupe-atomsko-skloniste\/#respond"]}]},{"@type":"WebPage","@id":"https:\/\/portfolio.glazboteka.com\/kcm\/godisnjica-objavljivanja-albuma-infarkt-grupe-atomsko-skloniste\/","url":"https:\/\/portfolio.glazboteka.com\/kcm\/godisnjica-objavljivanja-albuma-infarkt-grupe-atomsko-skloniste\/","name":"Godi\u0161njica objavljivanja albuma Infarkt grupe Atomsko skloni\u0161te - KCM","isPartOf":{"@id":"https:\/\/portfolio.glazboteka.com\/kcm\/#website"},"primaryImageOfPage":{"@id":"https:\/\/portfolio.glazboteka.com\/kcm\/godisnjica-objavljivanja-albuma-infarkt-grupe-atomsko-skloniste\/#primaryimage"},"image":{"@id":"https:\/\/portfolio.glazboteka.com\/kcm\/godisnjica-objavljivanja-albuma-infarkt-grupe-atomsko-skloniste\/#primaryimage"},"thumbnailUrl":"https:\/\/portfolio.glazboteka.com\/kcm\/wp-content\/uploads\/2023\/11\/Infarkt.jpg","datePublished":"2023-11-16T17:56:00+00:00","dateModified":"2023-11-17T02:31:37+00:00","description":"Tekstovi su za nijansu manje potresni i bolni nego na debiju, ali i dalje jednako o\u0161tri. Album otvara recitacija \"Na proplanku \u010deka cvijet\"...","inLanguage":"en-US","potentialAction":[{"@type":"ReadAction","target":["https:\/\/portfolio.glazboteka.com\/kcm\/godisnjica-objavljivanja-albuma-infarkt-grupe-atomsko-skloniste\/"]}]},{"@type":"ImageObject","inLanguage":"en-US","@id":"https:\/\/portfolio.glazboteka.com\/kcm\/godisnjica-objavljivanja-albuma-infarkt-grupe-atomsko-skloniste\/#primaryimage","url":"https:\/\/portfolio.glazboteka.com\/kcm\/wp-content\/uploads\/2023\/11\/Infarkt.jpg","contentUrl":"https:\/\/portfolio.glazboteka.com\/kcm\/wp-content\/uploads\/2023\/11\/Infarkt.jpg","width":1429,"height":1429},{"@type":"WebSite","@id":"https:\/\/portfolio.glazboteka.com\/kcm\/#website","url":"https:\/\/portfolio.glazboteka.com\/kcm\/","name":"KCM","description":"Kulturni centar Multimedija","publisher":{"@id":"https:\/\/portfolio.glazboteka.com\/kcm\/#organization"},"potentialAction":[{"@type":"SearchAction","target":{"@type":"EntryPoint","urlTemplate":"https:\/\/portfolio.glazboteka.com\/kcm\/?s={search_term_string}"},"query-input":{"@type":"PropertyValueSpecification","valueRequired":true,"valueName":"search_term_string"}}],"inLanguage":"en-US"},{"@type":"Organization","@id":"https:\/\/portfolio.glazboteka.com\/kcm\/#organization","name":"KCM","url":"https:\/\/portfolio.glazboteka.com\/kcm\/","logo":{"@type":"ImageObject","inLanguage":"en-US","@id":"https:\/\/portfolio.glazboteka.com\/kcm\/#\/schema\/logo\/image\/","url":"https:\/\/portfolio.glazboteka.com\/kcm\/wp-content\/uploads\/2022\/10\/KCM.jpg","contentUrl":"https:\/\/portfolio.glazboteka.com\/kcm\/wp-content\/uploads\/2022\/10\/KCM.jpg","width":476,"height":419,"caption":"KCM"},"image":{"@id":"https:\/\/portfolio.glazboteka.com\/kcm\/#\/schema\/logo\/image\/"},"sameAs":["https:\/\/www.facebook.com\/KCMedija\/","https:\/\/www.instagram.com\/kulturni_centar_mesnicka\/"]},{"@type":"Person","@id":"https:\/\/portfolio.glazboteka.com\/kcm\/#\/schema\/person\/cc28eab64249ba0ee0cd57119ad6cfb1","name":"admin","image":{"@type":"ImageObject","inLanguage":"en-US","@id":"https:\/\/portfolio.glazboteka.com\/kcm\/#\/schema\/person\/image\/","url":"https:\/\/secure.gravatar.com\/avatar\/adae78b005d32aabac5987ff3384a3c6da92fed0f1d86d3d250df8978a593a3f?s=96&d=mm&r=g","contentUrl":"https:\/\/secure.gravatar.com\/avatar\/adae78b005d32aabac5987ff3384a3c6da92fed0f1d86d3d250df8978a593a3f?s=96&d=mm&r=g","caption":"admin"},"sameAs":["https:\/\/portfolio.glazboteka.com\/kcm"],"url":"https:\/\/portfolio.glazboteka.com\/kcm\/author\/admin\/"}]}},"_links":{"self":[{"href":"https:\/\/portfolio.glazboteka.com\/kcm\/wp-json\/wp\/v2\/posts\/8757","targetHints":{"allow":["GET"]}}],"collection":[{"href":"https:\/\/portfolio.glazboteka.com\/kcm\/wp-json\/wp\/v2\/posts"}],"about":[{"href":"https:\/\/portfolio.glazboteka.com\/kcm\/wp-json\/wp\/v2\/types\/post"}],"author":[{"embeddable":true,"href":"https:\/\/portfolio.glazboteka.com\/kcm\/wp-json\/wp\/v2\/users\/1"}],"replies":[{"embeddable":true,"href":"https:\/\/portfolio.glazboteka.com\/kcm\/wp-json\/wp\/v2\/comments?post=8757"}],"version-history":[{"count":0,"href":"https:\/\/portfolio.glazboteka.com\/kcm\/wp-json\/wp\/v2\/posts\/8757\/revisions"}],"wp:featuredmedia":[{"embeddable":true,"href":"https:\/\/portfolio.glazboteka.com\/kcm\/wp-json\/wp\/v2\/media\/8758"}],"wp:attachment":[{"href":"https:\/\/portfolio.glazboteka.com\/kcm\/wp-json\/wp\/v2\/media?parent=8757"}],"wp:term":[{"taxonomy":"category","embeddable":true,"href":"https:\/\/portfolio.glazboteka.com\/kcm\/wp-json\/wp\/v2\/categories?post=8757"},{"taxonomy":"post_tag","embeddable":true,"href":"https:\/\/portfolio.glazboteka.com\/kcm\/wp-json\/wp\/v2\/tags?post=8757"}],"curies":[{"name":"wp","href":"https:\/\/api.w.org\/{rel}","templated":true}]}}