{"id":9270,"date":"2023-12-09T18:17:15","date_gmt":"2023-12-09T17:17:15","guid":{"rendered":"https:\/\/portfolio.glazboteka.com\/kcm\/?p=9270"},"modified":"2023-12-10T11:18:13","modified_gmt":"2023-12-10T10:18:13","slug":"godisnjica-premijere-legendarnog-omnibusa-cetiri-sobe","status":"publish","type":"post","link":"https:\/\/portfolio.glazboteka.com\/kcm\/godisnjica-premijere-legendarnog-omnibusa-cetiri-sobe\/","title":{"rendered":"Godi\u0161njica premijere legendarnog omnibusa \u010cetiri sobe"},"content":{"rendered":"<p>Radnja filma &#8220;\u010cetiri sobe&#8221; (<em>Four Rooms<\/em>) smje\u0161tena je u hotel Mon Signor, instituciju koja je \u010detrdesetih i pedesetih godina pro\u0161loga stolje\u0107a bila omiljeno svrati\u0161te holivudske elite, a sada su do\u0161la te\u0161ka vremena. Ted (Tim Roth) na Staru godinu ondje se zapo\u0161ljava kao hotelski potr\u010dko i ve\u0107 prvog dana do\u017eivljava \u010detiri bizarne dogodov\u0161tine (od kojih je svaku napisao i re\u017eirao drugi redatelj). Film se u kinima diljem svijeta pojavio na dana\u0161nji dan, 9. prosinca 1995. godine.<\/p>\n<p>Redateljica Allison Anders Teda \u0107e u svojoj pri\u010di &#8220;The Missing Ingredient&#8221; sukobiti s gomilom vje\u0161tica (Sammi Davis, Valeria Golino, Madonna, Lili Taylor, Alicia Witt), kojima \u0107e on postati neophodan sastojak za slo\u017eeni magijski ritual.<\/p>\n<p>Alexandre Rockwell u pri\u010di &#8220;The Wrong Man&#8221; pogre\u0161kom \u0107e ga uvesti u hiperbizarne sadomazohisti\u010dke seanse neobi\u010dnog bra\u010dnog para (Jennifer Beals i David Proval).<\/p>\n<p>Robert Rodriguez u &#8220;The Misbehavers&#8221; povjerio mu je \u010duvanje dvoje nesta\u0161ne djece meksi\u010dkoga gangstera (Antonio Banderas), a Quentin Tarantino u svojoj pri\u010di &#8220;The Man From Hollywood&#8221; naposljetku mu je demonstrirao poznavanje filmofilskih trivija, ustvari kopiraju\u0107i jednu epizodu kultne serije &#8220;Alfred Hitchcock predstavlja vam&#8230;&#8221;.<\/p>\n<p><strong>Goran \u010celig<\/strong><\/p>\n","protected":false},"excerpt":{"rendered":"<p>Ted (Tim Roth) na Staru godinu zapo\u0161ljava se kao hotelski potr\u010dko i ve\u0107 prvog dana do\u017eivljava \u010detiri bizarne dogodov\u0161tine&#8230;<\/p>\n","protected":false},"author":1,"featured_media":9271,"comment_status":"open","ping_status":"open","sticky":false,"template":"","format":"standard","meta":{"ngg_post_thumbnail":0,"ocean_post_layout":"","ocean_both_sidebars_style":"","ocean_both_sidebars_content_width":0,"ocean_both_sidebars_sidebars_width":0,"ocean_sidebar":"0","ocean_second_sidebar":"0","ocean_disable_margins":"enable","ocean_add_body_class":"","ocean_shortcode_before_top_bar":"","ocean_shortcode_after_top_bar":"","ocean_shortcode_before_header":"","ocean_shortcode_after_header":"","ocean_has_shortcode":"","ocean_shortcode_after_title":"","ocean_shortcode_before_footer_widgets":"","ocean_shortcode_after_footer_widgets":"","ocean_shortcode_before_footer_bottom":"","ocean_shortcode_after_footer_bottom":"","ocean_display_top_bar":"default","ocean_display_header":"default","ocean_header_style":"","ocean_center_header_left_menu":"0","ocean_custom_header_template":"0","ocean_custom_logo":0,"ocean_custom_retina_logo":0,"ocean_custom_logo_max_width":0,"ocean_custom_logo_tablet_max_width":0,"ocean_custom_logo_mobile_max_width":0,"ocean_custom_logo_max_height":0,"ocean_custom_logo_tablet_max_height":0,"ocean_custom_logo_mobile_max_height":0,"ocean_header_custom_menu":"0","ocean_menu_typo_font_family":"0","ocean_menu_typo_font_subset":"","ocean_menu_typo_font_size":0,"ocean_menu_typo_font_size_tablet":0,"ocean_menu_typo_font_size_mobile":0,"ocean_menu_typo_font_size_unit":"px","ocean_menu_typo_font_weight":"","ocean_menu_typo_font_weight_tablet":"","ocean_menu_typo_font_weight_mobile":"","ocean_menu_typo_transform":"","ocean_menu_typo_transform_tablet":"","ocean_menu_typo_transform_mobile":"","ocean_menu_typo_line_height":0,"ocean_menu_typo_line_height_tablet":0,"ocean_menu_typo_line_height_mobile":0,"ocean_menu_typo_line_height_unit":"","ocean_menu_typo_spacing":0,"ocean_menu_typo_spacing_tablet":0,"ocean_menu_typo_spacing_mobile":0,"ocean_menu_typo_spacing_unit":"","ocean_menu_link_color":"","ocean_menu_link_color_hover":"","ocean_menu_link_color_active":"","ocean_menu_link_background":"","ocean_menu_link_hover_background":"","ocean_menu_link_active_background":"","ocean_menu_social_links_bg":"","ocean_menu_social_hover_links_bg":"","ocean_menu_social_links_color":"","ocean_menu_social_hover_links_color":"","ocean_disable_title":"default","ocean_disable_heading":"default","ocean_post_title":"","ocean_post_subheading":"","ocean_post_title_style":"","ocean_post_title_background_color":"","ocean_post_title_background":0,"ocean_post_title_bg_image_position":"","ocean_post_title_bg_image_attachment":"","ocean_post_title_bg_image_repeat":"","ocean_post_title_bg_image_size":"","ocean_post_title_height":0,"ocean_post_title_bg_overlay":0.5,"ocean_post_title_bg_overlay_color":"","ocean_disable_breadcrumbs":"default","ocean_breadcrumbs_color":"","ocean_breadcrumbs_separator_color":"","ocean_breadcrumbs_links_color":"","ocean_breadcrumbs_links_hover_color":"","ocean_display_footer_widgets":"default","ocean_display_footer_bottom":"default","ocean_custom_footer_template":"0","ocean_post_oembed":"","ocean_post_self_hosted_media":"","ocean_post_video_embed":"","ocean_link_format":"","ocean_link_format_target":"self","ocean_quote_format":"","ocean_quote_format_link":"post","ocean_gallery_link_images":"on","ocean_gallery_id":[],"footnotes":""},"categories":[53,227],"tags":[8966,8965,6769,8964,1499,7845,8967,8971,7607,7411,8970,5021,4211,8968,1831,7370,8969,8972,1716,2632],"class_list":["post-9270","post","type-post","status-publish","format-standard","has-post-thumbnail","hentry","category-film","category-umjetnost","tag-alexandre-rockwell","tag-allison-anders","tag-antonio-banderas","tag-cetiri-sobe","tag-crna-komedija","tag-david-proval","tag-four-rooms","tag-ione-skye","tag-jennifer-beals","tag-lili-taylor","tag-madonna","tag-marisa-tomei","tag-omnibus","tag-paul-calderon","tag-quentin-tarantino","tag-robert-rodriguez","tag-sammi-davis","tag-tamlyn-tomita","tag-tim-roth","tag-valeria-golino","entry","has-media"],"yoast_head":"<!-- This site is optimized with the Yoast SEO plugin v24.9 - https:\/\/yoast.com\/wordpress\/plugins\/seo\/ -->\n<title>Godi\u0161njica premijere legendarnog omnibusa \u010cetiri sobe - KCM<\/title>\n<meta name=\"description\" content=\"Ted (Tim Roth) na Staru godinu zapo\u0161ljava se kao hotelski potr\u010dko i ve\u0107 prvog dana do\u017eivljava \u010detiri bizarne dogodov\u0161tine...\" \/>\n<meta name=\"robots\" content=\"index, follow, max-snippet:-1, max-image-preview:large, max-video-preview:-1\" \/>\n<link rel=\"canonical\" href=\"https:\/\/portfolio.glazboteka.com\/kcm\/godisnjica-premijere-legendarnog-omnibusa-cetiri-sobe\/\" \/>\n<meta property=\"og:locale\" content=\"en_US\" \/>\n<meta property=\"og:type\" content=\"article\" \/>\n<meta property=\"og:title\" content=\"Godi\u0161njica premijere legendarnog omnibusa \u010cetiri sobe - KCM\" \/>\n<meta property=\"og:description\" content=\"Ted (Tim Roth) na Staru godinu zapo\u0161ljava se kao hotelski potr\u010dko i ve\u0107 prvog dana do\u017eivljava \u010detiri bizarne dogodov\u0161tine...\" \/>\n<meta property=\"og:url\" content=\"https:\/\/portfolio.glazboteka.com\/kcm\/godisnjica-premijere-legendarnog-omnibusa-cetiri-sobe\/\" \/>\n<meta property=\"og:site_name\" content=\"KCM\" \/>\n<meta property=\"article:publisher\" content=\"https:\/\/www.facebook.com\/KCMedija\/\" \/>\n<meta property=\"article:published_time\" content=\"2023-12-09T17:17:15+00:00\" \/>\n<meta property=\"article:modified_time\" content=\"2023-12-10T10:18:13+00:00\" \/>\n<meta property=\"og:image\" content=\"https:\/\/portfolio.glazboteka.com\/kcm\/wp-content\/uploads\/2023\/12\/Four-Rooms.jpg\" \/>\n\t<meta property=\"og:image:width\" content=\"673\" \/>\n\t<meta property=\"og:image:height\" content=\"1000\" \/>\n\t<meta property=\"og:image:type\" content=\"image\/jpeg\" \/>\n<meta name=\"author\" content=\"admin\" \/>\n<meta name=\"twitter:card\" content=\"summary_large_image\" \/>\n<meta name=\"twitter:label1\" content=\"Written by\" \/>\n\t<meta name=\"twitter:data1\" content=\"admin\" \/>\n\t<meta name=\"twitter:label2\" content=\"Est. reading time\" \/>\n\t<meta name=\"twitter:data2\" content=\"1 minute\" \/>\n<script type=\"application\/ld+json\" class=\"yoast-schema-graph\">{\"@context\":\"https:\/\/schema.org\",\"@graph\":[{\"@type\":\"Article\",\"@id\":\"https:\/\/portfolio.glazboteka.com\/kcm\/godisnjica-premijere-legendarnog-omnibusa-cetiri-sobe\/#article\",\"isPartOf\":{\"@id\":\"https:\/\/portfolio.glazboteka.com\/kcm\/godisnjica-premijere-legendarnog-omnibusa-cetiri-sobe\/\"},\"author\":{\"name\":\"admin\",\"@id\":\"https:\/\/portfolio.glazboteka.com\/kcm\/#\/schema\/person\/cc28eab64249ba0ee0cd57119ad6cfb1\"},\"headline\":\"Godi\u0161njica premijere legendarnog omnibusa \u010cetiri sobe\",\"datePublished\":\"2023-12-09T17:17:15+00:00\",\"dateModified\":\"2023-12-10T10:18:13+00:00\",\"mainEntityOfPage\":{\"@id\":\"https:\/\/portfolio.glazboteka.com\/kcm\/godisnjica-premijere-legendarnog-omnibusa-cetiri-sobe\/\"},\"wordCount\":206,\"commentCount\":0,\"publisher\":{\"@id\":\"https:\/\/portfolio.glazboteka.com\/kcm\/#organization\"},\"image\":{\"@id\":\"https:\/\/portfolio.glazboteka.com\/kcm\/godisnjica-premijere-legendarnog-omnibusa-cetiri-sobe\/#primaryimage\"},\"thumbnailUrl\":\"https:\/\/portfolio.glazboteka.com\/kcm\/wp-content\/uploads\/2023\/12\/Four-Rooms.jpg\",\"keywords\":[\"Alexandre Rockwell\",\"Allison Anders\",\"Antonio Banderas\",\"\u010cetiri sobe\",\"crna komedija\",\"David Proval\",\"Four Rooms\",\"Ione Skye\",\"Jennifer Beals\",\"Lili Taylor\",\"Madonna\",\"Marisa Tomei\",\"omnibus\",\"Paul Calderon\",\"Quentin Tarantino\",\"Robert Rodriguez\",\"Sammi Davis\",\"Tamlyn Tomita\",\"Tim Roth\",\"Valeria Golino\"],\"articleSection\":[\"Film\",\"Umjetnost\"],\"inLanguage\":\"en-US\",\"potentialAction\":[{\"@type\":\"CommentAction\",\"name\":\"Comment\",\"target\":[\"https:\/\/portfolio.glazboteka.com\/kcm\/godisnjica-premijere-legendarnog-omnibusa-cetiri-sobe\/#respond\"]}]},{\"@type\":\"WebPage\",\"@id\":\"https:\/\/portfolio.glazboteka.com\/kcm\/godisnjica-premijere-legendarnog-omnibusa-cetiri-sobe\/\",\"url\":\"https:\/\/portfolio.glazboteka.com\/kcm\/godisnjica-premijere-legendarnog-omnibusa-cetiri-sobe\/\",\"name\":\"Godi\u0161njica premijere legendarnog omnibusa \u010cetiri sobe - KCM\",\"isPartOf\":{\"@id\":\"https:\/\/portfolio.glazboteka.com\/kcm\/#website\"},\"primaryImageOfPage\":{\"@id\":\"https:\/\/portfolio.glazboteka.com\/kcm\/godisnjica-premijere-legendarnog-omnibusa-cetiri-sobe\/#primaryimage\"},\"image\":{\"@id\":\"https:\/\/portfolio.glazboteka.com\/kcm\/godisnjica-premijere-legendarnog-omnibusa-cetiri-sobe\/#primaryimage\"},\"thumbnailUrl\":\"https:\/\/portfolio.glazboteka.com\/kcm\/wp-content\/uploads\/2023\/12\/Four-Rooms.jpg\",\"datePublished\":\"2023-12-09T17:17:15+00:00\",\"dateModified\":\"2023-12-10T10:18:13+00:00\",\"description\":\"Ted (Tim Roth) na Staru godinu zapo\u0161ljava se kao hotelski potr\u010dko i ve\u0107 prvog dana do\u017eivljava \u010detiri bizarne dogodov\u0161tine...\",\"inLanguage\":\"en-US\",\"potentialAction\":[{\"@type\":\"ReadAction\",\"target\":[\"https:\/\/portfolio.glazboteka.com\/kcm\/godisnjica-premijere-legendarnog-omnibusa-cetiri-sobe\/\"]}]},{\"@type\":\"ImageObject\",\"inLanguage\":\"en-US\",\"@id\":\"https:\/\/portfolio.glazboteka.com\/kcm\/godisnjica-premijere-legendarnog-omnibusa-cetiri-sobe\/#primaryimage\",\"url\":\"https:\/\/portfolio.glazboteka.com\/kcm\/wp-content\/uploads\/2023\/12\/Four-Rooms.jpg\",\"contentUrl\":\"https:\/\/portfolio.glazboteka.com\/kcm\/wp-content\/uploads\/2023\/12\/Four-Rooms.jpg\",\"width\":673,\"height\":1000},{\"@type\":\"WebSite\",\"@id\":\"https:\/\/portfolio.glazboteka.com\/kcm\/#website\",\"url\":\"https:\/\/portfolio.glazboteka.com\/kcm\/\",\"name\":\"KCM\",\"description\":\"Kulturni centar Multimedija\",\"publisher\":{\"@id\":\"https:\/\/portfolio.glazboteka.com\/kcm\/#organization\"},\"potentialAction\":[{\"@type\":\"SearchAction\",\"target\":{\"@type\":\"EntryPoint\",\"urlTemplate\":\"https:\/\/portfolio.glazboteka.com\/kcm\/?s={search_term_string}\"},\"query-input\":{\"@type\":\"PropertyValueSpecification\",\"valueRequired\":true,\"valueName\":\"search_term_string\"}}],\"inLanguage\":\"en-US\"},{\"@type\":\"Organization\",\"@id\":\"https:\/\/portfolio.glazboteka.com\/kcm\/#organization\",\"name\":\"KCM\",\"url\":\"https:\/\/portfolio.glazboteka.com\/kcm\/\",\"logo\":{\"@type\":\"ImageObject\",\"inLanguage\":\"en-US\",\"@id\":\"https:\/\/portfolio.glazboteka.com\/kcm\/#\/schema\/logo\/image\/\",\"url\":\"https:\/\/portfolio.glazboteka.com\/kcm\/wp-content\/uploads\/2022\/10\/KCM.jpg\",\"contentUrl\":\"https:\/\/portfolio.glazboteka.com\/kcm\/wp-content\/uploads\/2022\/10\/KCM.jpg\",\"width\":476,\"height\":419,\"caption\":\"KCM\"},\"image\":{\"@id\":\"https:\/\/portfolio.glazboteka.com\/kcm\/#\/schema\/logo\/image\/\"},\"sameAs\":[\"https:\/\/www.facebook.com\/KCMedija\/\",\"https:\/\/www.instagram.com\/kulturni_centar_mesnicka\/\"]},{\"@type\":\"Person\",\"@id\":\"https:\/\/portfolio.glazboteka.com\/kcm\/#\/schema\/person\/cc28eab64249ba0ee0cd57119ad6cfb1\",\"name\":\"admin\",\"image\":{\"@type\":\"ImageObject\",\"inLanguage\":\"en-US\",\"@id\":\"https:\/\/portfolio.glazboteka.com\/kcm\/#\/schema\/person\/image\/\",\"url\":\"https:\/\/secure.gravatar.com\/avatar\/adae78b005d32aabac5987ff3384a3c6da92fed0f1d86d3d250df8978a593a3f?s=96&d=mm&r=g\",\"contentUrl\":\"https:\/\/secure.gravatar.com\/avatar\/adae78b005d32aabac5987ff3384a3c6da92fed0f1d86d3d250df8978a593a3f?s=96&d=mm&r=g\",\"caption\":\"admin\"},\"sameAs\":[\"https:\/\/portfolio.glazboteka.com\/kcm\"],\"url\":\"https:\/\/portfolio.glazboteka.com\/kcm\/author\/admin\/\"}]}<\/script>\n<!-- \/ Yoast SEO plugin. -->","yoast_head_json":{"title":"Godi\u0161njica premijere legendarnog omnibusa \u010cetiri sobe - KCM","description":"Ted (Tim Roth) na Staru godinu zapo\u0161ljava se kao hotelski potr\u010dko i ve\u0107 prvog dana do\u017eivljava \u010detiri bizarne dogodov\u0161tine...","robots":{"index":"index","follow":"follow","max-snippet":"max-snippet:-1","max-image-preview":"max-image-preview:large","max-video-preview":"max-video-preview:-1"},"canonical":"https:\/\/portfolio.glazboteka.com\/kcm\/godisnjica-premijere-legendarnog-omnibusa-cetiri-sobe\/","og_locale":"en_US","og_type":"article","og_title":"Godi\u0161njica premijere legendarnog omnibusa \u010cetiri sobe - KCM","og_description":"Ted (Tim Roth) na Staru godinu zapo\u0161ljava se kao hotelski potr\u010dko i ve\u0107 prvog dana do\u017eivljava \u010detiri bizarne dogodov\u0161tine...","og_url":"https:\/\/portfolio.glazboteka.com\/kcm\/godisnjica-premijere-legendarnog-omnibusa-cetiri-sobe\/","og_site_name":"KCM","article_publisher":"https:\/\/www.facebook.com\/KCMedija\/","article_published_time":"2023-12-09T17:17:15+00:00","article_modified_time":"2023-12-10T10:18:13+00:00","og_image":[{"width":673,"height":1000,"url":"https:\/\/portfolio.glazboteka.com\/kcm\/wp-content\/uploads\/2023\/12\/Four-Rooms.jpg","type":"image\/jpeg"}],"author":"admin","twitter_card":"summary_large_image","twitter_misc":{"Written by":"admin","Est. reading time":"1 minute"},"schema":{"@context":"https:\/\/schema.org","@graph":[{"@type":"Article","@id":"https:\/\/portfolio.glazboteka.com\/kcm\/godisnjica-premijere-legendarnog-omnibusa-cetiri-sobe\/#article","isPartOf":{"@id":"https:\/\/portfolio.glazboteka.com\/kcm\/godisnjica-premijere-legendarnog-omnibusa-cetiri-sobe\/"},"author":{"name":"admin","@id":"https:\/\/portfolio.glazboteka.com\/kcm\/#\/schema\/person\/cc28eab64249ba0ee0cd57119ad6cfb1"},"headline":"Godi\u0161njica premijere legendarnog omnibusa \u010cetiri sobe","datePublished":"2023-12-09T17:17:15+00:00","dateModified":"2023-12-10T10:18:13+00:00","mainEntityOfPage":{"@id":"https:\/\/portfolio.glazboteka.com\/kcm\/godisnjica-premijere-legendarnog-omnibusa-cetiri-sobe\/"},"wordCount":206,"commentCount":0,"publisher":{"@id":"https:\/\/portfolio.glazboteka.com\/kcm\/#organization"},"image":{"@id":"https:\/\/portfolio.glazboteka.com\/kcm\/godisnjica-premijere-legendarnog-omnibusa-cetiri-sobe\/#primaryimage"},"thumbnailUrl":"https:\/\/portfolio.glazboteka.com\/kcm\/wp-content\/uploads\/2023\/12\/Four-Rooms.jpg","keywords":["Alexandre Rockwell","Allison Anders","Antonio Banderas","\u010cetiri sobe","crna komedija","David Proval","Four Rooms","Ione Skye","Jennifer Beals","Lili Taylor","Madonna","Marisa Tomei","omnibus","Paul Calderon","Quentin Tarantino","Robert Rodriguez","Sammi Davis","Tamlyn Tomita","Tim Roth","Valeria Golino"],"articleSection":["Film","Umjetnost"],"inLanguage":"en-US","potentialAction":[{"@type":"CommentAction","name":"Comment","target":["https:\/\/portfolio.glazboteka.com\/kcm\/godisnjica-premijere-legendarnog-omnibusa-cetiri-sobe\/#respond"]}]},{"@type":"WebPage","@id":"https:\/\/portfolio.glazboteka.com\/kcm\/godisnjica-premijere-legendarnog-omnibusa-cetiri-sobe\/","url":"https:\/\/portfolio.glazboteka.com\/kcm\/godisnjica-premijere-legendarnog-omnibusa-cetiri-sobe\/","name":"Godi\u0161njica premijere legendarnog omnibusa \u010cetiri sobe - KCM","isPartOf":{"@id":"https:\/\/portfolio.glazboteka.com\/kcm\/#website"},"primaryImageOfPage":{"@id":"https:\/\/portfolio.glazboteka.com\/kcm\/godisnjica-premijere-legendarnog-omnibusa-cetiri-sobe\/#primaryimage"},"image":{"@id":"https:\/\/portfolio.glazboteka.com\/kcm\/godisnjica-premijere-legendarnog-omnibusa-cetiri-sobe\/#primaryimage"},"thumbnailUrl":"https:\/\/portfolio.glazboteka.com\/kcm\/wp-content\/uploads\/2023\/12\/Four-Rooms.jpg","datePublished":"2023-12-09T17:17:15+00:00","dateModified":"2023-12-10T10:18:13+00:00","description":"Ted (Tim Roth) na Staru godinu zapo\u0161ljava se kao hotelski potr\u010dko i ve\u0107 prvog dana do\u017eivljava \u010detiri bizarne dogodov\u0161tine...","inLanguage":"en-US","potentialAction":[{"@type":"ReadAction","target":["https:\/\/portfolio.glazboteka.com\/kcm\/godisnjica-premijere-legendarnog-omnibusa-cetiri-sobe\/"]}]},{"@type":"ImageObject","inLanguage":"en-US","@id":"https:\/\/portfolio.glazboteka.com\/kcm\/godisnjica-premijere-legendarnog-omnibusa-cetiri-sobe\/#primaryimage","url":"https:\/\/portfolio.glazboteka.com\/kcm\/wp-content\/uploads\/2023\/12\/Four-Rooms.jpg","contentUrl":"https:\/\/portfolio.glazboteka.com\/kcm\/wp-content\/uploads\/2023\/12\/Four-Rooms.jpg","width":673,"height":1000},{"@type":"WebSite","@id":"https:\/\/portfolio.glazboteka.com\/kcm\/#website","url":"https:\/\/portfolio.glazboteka.com\/kcm\/","name":"KCM","description":"Kulturni centar Multimedija","publisher":{"@id":"https:\/\/portfolio.glazboteka.com\/kcm\/#organization"},"potentialAction":[{"@type":"SearchAction","target":{"@type":"EntryPoint","urlTemplate":"https:\/\/portfolio.glazboteka.com\/kcm\/?s={search_term_string}"},"query-input":{"@type":"PropertyValueSpecification","valueRequired":true,"valueName":"search_term_string"}}],"inLanguage":"en-US"},{"@type":"Organization","@id":"https:\/\/portfolio.glazboteka.com\/kcm\/#organization","name":"KCM","url":"https:\/\/portfolio.glazboteka.com\/kcm\/","logo":{"@type":"ImageObject","inLanguage":"en-US","@id":"https:\/\/portfolio.glazboteka.com\/kcm\/#\/schema\/logo\/image\/","url":"https:\/\/portfolio.glazboteka.com\/kcm\/wp-content\/uploads\/2022\/10\/KCM.jpg","contentUrl":"https:\/\/portfolio.glazboteka.com\/kcm\/wp-content\/uploads\/2022\/10\/KCM.jpg","width":476,"height":419,"caption":"KCM"},"image":{"@id":"https:\/\/portfolio.glazboteka.com\/kcm\/#\/schema\/logo\/image\/"},"sameAs":["https:\/\/www.facebook.com\/KCMedija\/","https:\/\/www.instagram.com\/kulturni_centar_mesnicka\/"]},{"@type":"Person","@id":"https:\/\/portfolio.glazboteka.com\/kcm\/#\/schema\/person\/cc28eab64249ba0ee0cd57119ad6cfb1","name":"admin","image":{"@type":"ImageObject","inLanguage":"en-US","@id":"https:\/\/portfolio.glazboteka.com\/kcm\/#\/schema\/person\/image\/","url":"https:\/\/secure.gravatar.com\/avatar\/adae78b005d32aabac5987ff3384a3c6da92fed0f1d86d3d250df8978a593a3f?s=96&d=mm&r=g","contentUrl":"https:\/\/secure.gravatar.com\/avatar\/adae78b005d32aabac5987ff3384a3c6da92fed0f1d86d3d250df8978a593a3f?s=96&d=mm&r=g","caption":"admin"},"sameAs":["https:\/\/portfolio.glazboteka.com\/kcm"],"url":"https:\/\/portfolio.glazboteka.com\/kcm\/author\/admin\/"}]}},"_links":{"self":[{"href":"https:\/\/portfolio.glazboteka.com\/kcm\/wp-json\/wp\/v2\/posts\/9270","targetHints":{"allow":["GET"]}}],"collection":[{"href":"https:\/\/portfolio.glazboteka.com\/kcm\/wp-json\/wp\/v2\/posts"}],"about":[{"href":"https:\/\/portfolio.glazboteka.com\/kcm\/wp-json\/wp\/v2\/types\/post"}],"author":[{"embeddable":true,"href":"https:\/\/portfolio.glazboteka.com\/kcm\/wp-json\/wp\/v2\/users\/1"}],"replies":[{"embeddable":true,"href":"https:\/\/portfolio.glazboteka.com\/kcm\/wp-json\/wp\/v2\/comments?post=9270"}],"version-history":[{"count":0,"href":"https:\/\/portfolio.glazboteka.com\/kcm\/wp-json\/wp\/v2\/posts\/9270\/revisions"}],"wp:featuredmedia":[{"embeddable":true,"href":"https:\/\/portfolio.glazboteka.com\/kcm\/wp-json\/wp\/v2\/media\/9271"}],"wp:attachment":[{"href":"https:\/\/portfolio.glazboteka.com\/kcm\/wp-json\/wp\/v2\/media?parent=9270"}],"wp:term":[{"taxonomy":"category","embeddable":true,"href":"https:\/\/portfolio.glazboteka.com\/kcm\/wp-json\/wp\/v2\/categories?post=9270"},{"taxonomy":"post_tag","embeddable":true,"href":"https:\/\/portfolio.glazboteka.com\/kcm\/wp-json\/wp\/v2\/tags?post=9270"}],"curies":[{"name":"wp","href":"https:\/\/api.w.org\/{rel}","templated":true}]}}