{"id":9421,"date":"2023-12-15T17:12:08","date_gmt":"2023-12-15T16:12:08","guid":{"rendered":"https:\/\/portfolio.glazboteka.com\/kcm\/?p=9421"},"modified":"2023-12-15T17:50:50","modified_gmt":"2023-12-15T16:50:50","slug":"godisnjica-kinopremijere-komedije-mladi-frankenstein-redatelja-mela-brooksa","status":"publish","type":"post","link":"https:\/\/portfolio.glazboteka.com\/kcm\/godisnjica-kinopremijere-komedije-mladi-frankenstein-redatelja-mela-brooksa\/","title":{"rendered":"Godi\u0161njica kinopremijere komedije Mladi Frankenstein redatelja Mela Brooksa"},"content":{"rendered":"<p>Na dana\u0161nji dan, 15. prosinca 1974. godine u sjevernoameri\u010dka kina pu\u0161tena je jedna od najzabavnijih i najstra\u0161nijih komedija svih vremena, &#8220;Mladi Frankenstein&#8221; (<em>Young Frankenstein<\/em>). Ako ste mislili da znate sve o dr. Frankensteinu, varate se jer Mel Brooks, kralj filmske parodije, zna bolje, vi\u0161e i smje\u0161nije&#8230;<\/p>\n<p>Mladi neurokirurg dr. Frankenstein (Gene Wilder) naslijedio je dvorac od djeda, poznatog i slavnog dr. Victora von Frankensteina. Legenda o poznatom pretku prati ga odmalena i on se svoga prezimena srami. Odlazi u djedov dvorac, gdje nalazi smije\u0161noga grbavca po imenu Igor (Marty Feldman), lijepu asistenticu u labaratoriju Ingu (Teri Garr) i staru \u010dangrizavu doma\u0107icu, frau Blucher (Cloris Leachman). Mladi Frankenstein smatra da je istra\u017eiva\u010dki rad njegova djeda obi\u010dna besmislica, ali kada na\u0111e knjigu koju je ostavio ludi lije\u010dnik i u kojoj je potanko opisan eksperiment o\u017eivljavanja mrtvih, mijenja mi\u0161ljenje. Sve izmi\u010de kontroli kada u \u010dudovi\u0161te usadi mozak lu\u0111aka&#8230;<\/p>\n<p>Ve\u0107inu novomilenijskih parodija filmska kritika doslovno je pokopala smatraju\u0107i ih uvredom za dobar ukus. No nije uvijek bilo tako. Sedamdesetih godina pro\u0161log stolje\u0107a Mel Brooks popularizirao je \u017eanr parodije i nanizao nekoliko doista zabavnih naslova. &#8220;Vru\u0107a sedla&#8221; (1974.), &#8220;Mladi Frankenstein&#8221; (1974.) i &#8220;Visoka napetost&#8221; (1977.) pametno su parodirali razne \u017eanrove i ujedno pokazivali po\u0161tovanje prema njima.<\/p>\n<p>Brooks ismijava sve \u0161to stigne &#8211; bijele rasiste, zle kauboje, politi\u010dare, priglupe selja\u010dine, sve\u0107enike, crnce, revolvera\u0161e, krvnike, naciste, Ku-Klux-Klan, Hollywood, mjuzikle itd., a na\u010dini na koji ih ismijava toliko su raznovrsni da gledatelju ni u kom slu\u010daju ne mo\u017ee biti dosadno. Film &#8220;Mladi Frankestein&#8221; sniman je u crno-bijeloj tehnici kako bi parodija na stare filmove strave i u\u017easa bila \u0161to uvjerljivija.<\/p>\n<p><strong>Goran \u010celig<\/strong><\/p>\n","protected":false},"excerpt":{"rendered":"<p>Sedamdesetih godina pro\u0161log stolje\u0107a Mel Brooks popularizirao je \u017eanr parodije i nanizao nekoliko doista zabavnih naslova.<\/p>\n","protected":false},"author":1,"featured_media":9422,"comment_status":"open","ping_status":"open","sticky":false,"template":"","format":"standard","meta":{"ngg_post_thumbnail":0,"ocean_post_layout":"","ocean_both_sidebars_style":"","ocean_both_sidebars_content_width":0,"ocean_both_sidebars_sidebars_width":0,"ocean_sidebar":"0","ocean_second_sidebar":"0","ocean_disable_margins":"enable","ocean_add_body_class":"","ocean_shortcode_before_top_bar":"","ocean_shortcode_after_top_bar":"","ocean_shortcode_before_header":"","ocean_shortcode_after_header":"","ocean_has_shortcode":"","ocean_shortcode_after_title":"","ocean_shortcode_before_footer_widgets":"","ocean_shortcode_after_footer_widgets":"","ocean_shortcode_before_footer_bottom":"","ocean_shortcode_after_footer_bottom":"","ocean_display_top_bar":"default","ocean_display_header":"default","ocean_header_style":"","ocean_center_header_left_menu":"0","ocean_custom_header_template":"0","ocean_custom_logo":0,"ocean_custom_retina_logo":0,"ocean_custom_logo_max_width":0,"ocean_custom_logo_tablet_max_width":0,"ocean_custom_logo_mobile_max_width":0,"ocean_custom_logo_max_height":0,"ocean_custom_logo_tablet_max_height":0,"ocean_custom_logo_mobile_max_height":0,"ocean_header_custom_menu":"0","ocean_menu_typo_font_family":"0","ocean_menu_typo_font_subset":"","ocean_menu_typo_font_size":0,"ocean_menu_typo_font_size_tablet":0,"ocean_menu_typo_font_size_mobile":0,"ocean_menu_typo_font_size_unit":"px","ocean_menu_typo_font_weight":"","ocean_menu_typo_font_weight_tablet":"","ocean_menu_typo_font_weight_mobile":"","ocean_menu_typo_transform":"","ocean_menu_typo_transform_tablet":"","ocean_menu_typo_transform_mobile":"","ocean_menu_typo_line_height":0,"ocean_menu_typo_line_height_tablet":0,"ocean_menu_typo_line_height_mobile":0,"ocean_menu_typo_line_height_unit":"","ocean_menu_typo_spacing":0,"ocean_menu_typo_spacing_tablet":0,"ocean_menu_typo_spacing_mobile":0,"ocean_menu_typo_spacing_unit":"","ocean_menu_link_color":"","ocean_menu_link_color_hover":"","ocean_menu_link_color_active":"","ocean_menu_link_background":"","ocean_menu_link_hover_background":"","ocean_menu_link_active_background":"","ocean_menu_social_links_bg":"","ocean_menu_social_hover_links_bg":"","ocean_menu_social_links_color":"","ocean_menu_social_hover_links_color":"","ocean_disable_title":"default","ocean_disable_heading":"default","ocean_post_title":"","ocean_post_subheading":"","ocean_post_title_style":"","ocean_post_title_background_color":"","ocean_post_title_background":0,"ocean_post_title_bg_image_position":"","ocean_post_title_bg_image_attachment":"","ocean_post_title_bg_image_repeat":"","ocean_post_title_bg_image_size":"","ocean_post_title_height":0,"ocean_post_title_bg_overlay":0.5,"ocean_post_title_bg_overlay_color":"","ocean_disable_breadcrumbs":"default","ocean_breadcrumbs_color":"","ocean_breadcrumbs_separator_color":"","ocean_breadcrumbs_links_color":"","ocean_breadcrumbs_links_hover_color":"","ocean_display_footer_widgets":"default","ocean_display_footer_bottom":"default","ocean_custom_footer_template":"0","ocean_post_oembed":"","ocean_post_self_hosted_media":"","ocean_post_video_embed":"","ocean_link_format":"","ocean_link_format_target":"self","ocean_quote_format":"","ocean_quote_format_link":"post","ocean_gallery_link_images":"on","ocean_gallery_id":[],"footnotes":""},"categories":[53,227],"tags":[9109,8343,9107,9110,1910,9111,9108,8342,9106,9105,5550,6186,2547,9104],"class_list":["post-9421","post","type-post","status-publish","format-standard","has-post-thumbnail","hentry","category-film","category-umjetnost","tag-cloris-leachman","tag-frankenstein","tag-gene-wilder","tag-kenneth-mars","tag-komedija","tag-madeline-kahn","tag-marty-feldman","tag-mary-shelley","tag-mel-brooks","tag-mladi-frankenstein","tag-parodija","tag-peter-boyle","tag-teri-garr","tag-young-frankenstein","entry","has-media"],"yoast_head":"<!-- This site is optimized with the Yoast SEO plugin v24.9 - https:\/\/yoast.com\/wordpress\/plugins\/seo\/ -->\n<title>Godi\u0161njica kinopremijere komedije Mladi Frankenstein redatelja Mela Brooksa - KCM<\/title>\n<meta name=\"description\" content=\"Sedamdesetih godina pro\u0161log stolje\u0107a Mel Brooks popularizirao je \u017eanr parodije i nanizao nekoliko doista zabavnih naslova.\" \/>\n<meta name=\"robots\" content=\"index, follow, max-snippet:-1, max-image-preview:large, max-video-preview:-1\" \/>\n<link rel=\"canonical\" href=\"https:\/\/portfolio.glazboteka.com\/kcm\/godisnjica-kinopremijere-komedije-mladi-frankenstein-redatelja-mela-brooksa\/\" \/>\n<meta property=\"og:locale\" content=\"en_US\" \/>\n<meta property=\"og:type\" content=\"article\" \/>\n<meta property=\"og:title\" content=\"Godi\u0161njica kinopremijere komedije Mladi Frankenstein redatelja Mela Brooksa - KCM\" \/>\n<meta property=\"og:description\" content=\"Sedamdesetih godina pro\u0161log stolje\u0107a Mel Brooks popularizirao je \u017eanr parodije i nanizao nekoliko doista zabavnih naslova.\" \/>\n<meta property=\"og:url\" content=\"https:\/\/portfolio.glazboteka.com\/kcm\/godisnjica-kinopremijere-komedije-mladi-frankenstein-redatelja-mela-brooksa\/\" \/>\n<meta property=\"og:site_name\" content=\"KCM\" \/>\n<meta property=\"article:publisher\" content=\"https:\/\/www.facebook.com\/KCMedija\/\" \/>\n<meta property=\"article:published_time\" content=\"2023-12-15T16:12:08+00:00\" \/>\n<meta property=\"article:modified_time\" content=\"2023-12-15T16:50:50+00:00\" \/>\n<meta property=\"og:image\" content=\"https:\/\/portfolio.glazboteka.com\/kcm\/wp-content\/uploads\/2023\/12\/Young-Frankenstein.jpg\" \/>\n\t<meta property=\"og:image:width\" content=\"655\" \/>\n\t<meta property=\"og:image:height\" content=\"1000\" \/>\n\t<meta property=\"og:image:type\" content=\"image\/jpeg\" \/>\n<meta name=\"author\" content=\"admin\" \/>\n<meta name=\"twitter:card\" content=\"summary_large_image\" \/>\n<meta name=\"twitter:label1\" content=\"Written by\" \/>\n\t<meta name=\"twitter:data1\" content=\"admin\" \/>\n\t<meta name=\"twitter:label2\" content=\"Est. reading time\" \/>\n\t<meta name=\"twitter:data2\" content=\"1 minute\" \/>\n<script type=\"application\/ld+json\" class=\"yoast-schema-graph\">{\"@context\":\"https:\/\/schema.org\",\"@graph\":[{\"@type\":\"Article\",\"@id\":\"https:\/\/portfolio.glazboteka.com\/kcm\/godisnjica-kinopremijere-komedije-mladi-frankenstein-redatelja-mela-brooksa\/#article\",\"isPartOf\":{\"@id\":\"https:\/\/portfolio.glazboteka.com\/kcm\/godisnjica-kinopremijere-komedije-mladi-frankenstein-redatelja-mela-brooksa\/\"},\"author\":{\"name\":\"admin\",\"@id\":\"https:\/\/portfolio.glazboteka.com\/kcm\/#\/schema\/person\/cc28eab64249ba0ee0cd57119ad6cfb1\"},\"headline\":\"Godi\u0161njica kinopremijere komedije Mladi Frankenstein redatelja Mela Brooksa\",\"datePublished\":\"2023-12-15T16:12:08+00:00\",\"dateModified\":\"2023-12-15T16:50:50+00:00\",\"mainEntityOfPage\":{\"@id\":\"https:\/\/portfolio.glazboteka.com\/kcm\/godisnjica-kinopremijere-komedije-mladi-frankenstein-redatelja-mela-brooksa\/\"},\"wordCount\":300,\"commentCount\":0,\"publisher\":{\"@id\":\"https:\/\/portfolio.glazboteka.com\/kcm\/#organization\"},\"image\":{\"@id\":\"https:\/\/portfolio.glazboteka.com\/kcm\/godisnjica-kinopremijere-komedije-mladi-frankenstein-redatelja-mela-brooksa\/#primaryimage\"},\"thumbnailUrl\":\"https:\/\/portfolio.glazboteka.com\/kcm\/wp-content\/uploads\/2023\/12\/Young-Frankenstein.jpg\",\"keywords\":[\"Cloris Leachman\",\"Frankenstein\",\"Gene Wilder\",\"Kenneth Mars\",\"komedija\",\"Madeline Kahn\",\"Marty Feldman\",\"Mary Shelley\",\"Mel Brooks\",\"Mladi Frankenstein\",\"parodija\",\"Peter Boyle\",\"Teri Garr\",\"Young Frankenstein\"],\"articleSection\":[\"Film\",\"Umjetnost\"],\"inLanguage\":\"en-US\",\"potentialAction\":[{\"@type\":\"CommentAction\",\"name\":\"Comment\",\"target\":[\"https:\/\/portfolio.glazboteka.com\/kcm\/godisnjica-kinopremijere-komedije-mladi-frankenstein-redatelja-mela-brooksa\/#respond\"]}]},{\"@type\":\"WebPage\",\"@id\":\"https:\/\/portfolio.glazboteka.com\/kcm\/godisnjica-kinopremijere-komedije-mladi-frankenstein-redatelja-mela-brooksa\/\",\"url\":\"https:\/\/portfolio.glazboteka.com\/kcm\/godisnjica-kinopremijere-komedije-mladi-frankenstein-redatelja-mela-brooksa\/\",\"name\":\"Godi\u0161njica kinopremijere komedije Mladi Frankenstein redatelja Mela Brooksa - KCM\",\"isPartOf\":{\"@id\":\"https:\/\/portfolio.glazboteka.com\/kcm\/#website\"},\"primaryImageOfPage\":{\"@id\":\"https:\/\/portfolio.glazboteka.com\/kcm\/godisnjica-kinopremijere-komedije-mladi-frankenstein-redatelja-mela-brooksa\/#primaryimage\"},\"image\":{\"@id\":\"https:\/\/portfolio.glazboteka.com\/kcm\/godisnjica-kinopremijere-komedije-mladi-frankenstein-redatelja-mela-brooksa\/#primaryimage\"},\"thumbnailUrl\":\"https:\/\/portfolio.glazboteka.com\/kcm\/wp-content\/uploads\/2023\/12\/Young-Frankenstein.jpg\",\"datePublished\":\"2023-12-15T16:12:08+00:00\",\"dateModified\":\"2023-12-15T16:50:50+00:00\",\"description\":\"Sedamdesetih godina pro\u0161log stolje\u0107a Mel Brooks popularizirao je \u017eanr parodije i nanizao nekoliko doista zabavnih naslova.\",\"inLanguage\":\"en-US\",\"potentialAction\":[{\"@type\":\"ReadAction\",\"target\":[\"https:\/\/portfolio.glazboteka.com\/kcm\/godisnjica-kinopremijere-komedije-mladi-frankenstein-redatelja-mela-brooksa\/\"]}]},{\"@type\":\"ImageObject\",\"inLanguage\":\"en-US\",\"@id\":\"https:\/\/portfolio.glazboteka.com\/kcm\/godisnjica-kinopremijere-komedije-mladi-frankenstein-redatelja-mela-brooksa\/#primaryimage\",\"url\":\"https:\/\/portfolio.glazboteka.com\/kcm\/wp-content\/uploads\/2023\/12\/Young-Frankenstein.jpg\",\"contentUrl\":\"https:\/\/portfolio.glazboteka.com\/kcm\/wp-content\/uploads\/2023\/12\/Young-Frankenstein.jpg\",\"width\":655,\"height\":1000},{\"@type\":\"WebSite\",\"@id\":\"https:\/\/portfolio.glazboteka.com\/kcm\/#website\",\"url\":\"https:\/\/portfolio.glazboteka.com\/kcm\/\",\"name\":\"KCM\",\"description\":\"Kulturni centar Multimedija\",\"publisher\":{\"@id\":\"https:\/\/portfolio.glazboteka.com\/kcm\/#organization\"},\"potentialAction\":[{\"@type\":\"SearchAction\",\"target\":{\"@type\":\"EntryPoint\",\"urlTemplate\":\"https:\/\/portfolio.glazboteka.com\/kcm\/?s={search_term_string}\"},\"query-input\":{\"@type\":\"PropertyValueSpecification\",\"valueRequired\":true,\"valueName\":\"search_term_string\"}}],\"inLanguage\":\"en-US\"},{\"@type\":\"Organization\",\"@id\":\"https:\/\/portfolio.glazboteka.com\/kcm\/#organization\",\"name\":\"KCM\",\"url\":\"https:\/\/portfolio.glazboteka.com\/kcm\/\",\"logo\":{\"@type\":\"ImageObject\",\"inLanguage\":\"en-US\",\"@id\":\"https:\/\/portfolio.glazboteka.com\/kcm\/#\/schema\/logo\/image\/\",\"url\":\"https:\/\/portfolio.glazboteka.com\/kcm\/wp-content\/uploads\/2022\/10\/KCM.jpg\",\"contentUrl\":\"https:\/\/portfolio.glazboteka.com\/kcm\/wp-content\/uploads\/2022\/10\/KCM.jpg\",\"width\":476,\"height\":419,\"caption\":\"KCM\"},\"image\":{\"@id\":\"https:\/\/portfolio.glazboteka.com\/kcm\/#\/schema\/logo\/image\/\"},\"sameAs\":[\"https:\/\/www.facebook.com\/KCMedija\/\",\"https:\/\/www.instagram.com\/kulturni_centar_mesnicka\/\"]},{\"@type\":\"Person\",\"@id\":\"https:\/\/portfolio.glazboteka.com\/kcm\/#\/schema\/person\/cc28eab64249ba0ee0cd57119ad6cfb1\",\"name\":\"admin\",\"image\":{\"@type\":\"ImageObject\",\"inLanguage\":\"en-US\",\"@id\":\"https:\/\/portfolio.glazboteka.com\/kcm\/#\/schema\/person\/image\/\",\"url\":\"https:\/\/secure.gravatar.com\/avatar\/adae78b005d32aabac5987ff3384a3c6da92fed0f1d86d3d250df8978a593a3f?s=96&d=mm&r=g\",\"contentUrl\":\"https:\/\/secure.gravatar.com\/avatar\/adae78b005d32aabac5987ff3384a3c6da92fed0f1d86d3d250df8978a593a3f?s=96&d=mm&r=g\",\"caption\":\"admin\"},\"sameAs\":[\"https:\/\/portfolio.glazboteka.com\/kcm\"],\"url\":\"https:\/\/portfolio.glazboteka.com\/kcm\/author\/admin\/\"}]}<\/script>\n<!-- \/ Yoast SEO plugin. -->","yoast_head_json":{"title":"Godi\u0161njica kinopremijere komedije Mladi Frankenstein redatelja Mela Brooksa - KCM","description":"Sedamdesetih godina pro\u0161log stolje\u0107a Mel Brooks popularizirao je \u017eanr parodije i nanizao nekoliko doista zabavnih naslova.","robots":{"index":"index","follow":"follow","max-snippet":"max-snippet:-1","max-image-preview":"max-image-preview:large","max-video-preview":"max-video-preview:-1"},"canonical":"https:\/\/portfolio.glazboteka.com\/kcm\/godisnjica-kinopremijere-komedije-mladi-frankenstein-redatelja-mela-brooksa\/","og_locale":"en_US","og_type":"article","og_title":"Godi\u0161njica kinopremijere komedije Mladi Frankenstein redatelja Mela Brooksa - KCM","og_description":"Sedamdesetih godina pro\u0161log stolje\u0107a Mel Brooks popularizirao je \u017eanr parodije i nanizao nekoliko doista zabavnih naslova.","og_url":"https:\/\/portfolio.glazboteka.com\/kcm\/godisnjica-kinopremijere-komedije-mladi-frankenstein-redatelja-mela-brooksa\/","og_site_name":"KCM","article_publisher":"https:\/\/www.facebook.com\/KCMedija\/","article_published_time":"2023-12-15T16:12:08+00:00","article_modified_time":"2023-12-15T16:50:50+00:00","og_image":[{"width":655,"height":1000,"url":"https:\/\/portfolio.glazboteka.com\/kcm\/wp-content\/uploads\/2023\/12\/Young-Frankenstein.jpg","type":"image\/jpeg"}],"author":"admin","twitter_card":"summary_large_image","twitter_misc":{"Written by":"admin","Est. reading time":"1 minute"},"schema":{"@context":"https:\/\/schema.org","@graph":[{"@type":"Article","@id":"https:\/\/portfolio.glazboteka.com\/kcm\/godisnjica-kinopremijere-komedije-mladi-frankenstein-redatelja-mela-brooksa\/#article","isPartOf":{"@id":"https:\/\/portfolio.glazboteka.com\/kcm\/godisnjica-kinopremijere-komedije-mladi-frankenstein-redatelja-mela-brooksa\/"},"author":{"name":"admin","@id":"https:\/\/portfolio.glazboteka.com\/kcm\/#\/schema\/person\/cc28eab64249ba0ee0cd57119ad6cfb1"},"headline":"Godi\u0161njica kinopremijere komedije Mladi Frankenstein redatelja Mela Brooksa","datePublished":"2023-12-15T16:12:08+00:00","dateModified":"2023-12-15T16:50:50+00:00","mainEntityOfPage":{"@id":"https:\/\/portfolio.glazboteka.com\/kcm\/godisnjica-kinopremijere-komedije-mladi-frankenstein-redatelja-mela-brooksa\/"},"wordCount":300,"commentCount":0,"publisher":{"@id":"https:\/\/portfolio.glazboteka.com\/kcm\/#organization"},"image":{"@id":"https:\/\/portfolio.glazboteka.com\/kcm\/godisnjica-kinopremijere-komedije-mladi-frankenstein-redatelja-mela-brooksa\/#primaryimage"},"thumbnailUrl":"https:\/\/portfolio.glazboteka.com\/kcm\/wp-content\/uploads\/2023\/12\/Young-Frankenstein.jpg","keywords":["Cloris Leachman","Frankenstein","Gene Wilder","Kenneth Mars","komedija","Madeline Kahn","Marty Feldman","Mary Shelley","Mel Brooks","Mladi Frankenstein","parodija","Peter Boyle","Teri Garr","Young Frankenstein"],"articleSection":["Film","Umjetnost"],"inLanguage":"en-US","potentialAction":[{"@type":"CommentAction","name":"Comment","target":["https:\/\/portfolio.glazboteka.com\/kcm\/godisnjica-kinopremijere-komedije-mladi-frankenstein-redatelja-mela-brooksa\/#respond"]}]},{"@type":"WebPage","@id":"https:\/\/portfolio.glazboteka.com\/kcm\/godisnjica-kinopremijere-komedije-mladi-frankenstein-redatelja-mela-brooksa\/","url":"https:\/\/portfolio.glazboteka.com\/kcm\/godisnjica-kinopremijere-komedije-mladi-frankenstein-redatelja-mela-brooksa\/","name":"Godi\u0161njica kinopremijere komedije Mladi Frankenstein redatelja Mela Brooksa - KCM","isPartOf":{"@id":"https:\/\/portfolio.glazboteka.com\/kcm\/#website"},"primaryImageOfPage":{"@id":"https:\/\/portfolio.glazboteka.com\/kcm\/godisnjica-kinopremijere-komedije-mladi-frankenstein-redatelja-mela-brooksa\/#primaryimage"},"image":{"@id":"https:\/\/portfolio.glazboteka.com\/kcm\/godisnjica-kinopremijere-komedije-mladi-frankenstein-redatelja-mela-brooksa\/#primaryimage"},"thumbnailUrl":"https:\/\/portfolio.glazboteka.com\/kcm\/wp-content\/uploads\/2023\/12\/Young-Frankenstein.jpg","datePublished":"2023-12-15T16:12:08+00:00","dateModified":"2023-12-15T16:50:50+00:00","description":"Sedamdesetih godina pro\u0161log stolje\u0107a Mel Brooks popularizirao je \u017eanr parodije i nanizao nekoliko doista zabavnih naslova.","inLanguage":"en-US","potentialAction":[{"@type":"ReadAction","target":["https:\/\/portfolio.glazboteka.com\/kcm\/godisnjica-kinopremijere-komedije-mladi-frankenstein-redatelja-mela-brooksa\/"]}]},{"@type":"ImageObject","inLanguage":"en-US","@id":"https:\/\/portfolio.glazboteka.com\/kcm\/godisnjica-kinopremijere-komedije-mladi-frankenstein-redatelja-mela-brooksa\/#primaryimage","url":"https:\/\/portfolio.glazboteka.com\/kcm\/wp-content\/uploads\/2023\/12\/Young-Frankenstein.jpg","contentUrl":"https:\/\/portfolio.glazboteka.com\/kcm\/wp-content\/uploads\/2023\/12\/Young-Frankenstein.jpg","width":655,"height":1000},{"@type":"WebSite","@id":"https:\/\/portfolio.glazboteka.com\/kcm\/#website","url":"https:\/\/portfolio.glazboteka.com\/kcm\/","name":"KCM","description":"Kulturni centar Multimedija","publisher":{"@id":"https:\/\/portfolio.glazboteka.com\/kcm\/#organization"},"potentialAction":[{"@type":"SearchAction","target":{"@type":"EntryPoint","urlTemplate":"https:\/\/portfolio.glazboteka.com\/kcm\/?s={search_term_string}"},"query-input":{"@type":"PropertyValueSpecification","valueRequired":true,"valueName":"search_term_string"}}],"inLanguage":"en-US"},{"@type":"Organization","@id":"https:\/\/portfolio.glazboteka.com\/kcm\/#organization","name":"KCM","url":"https:\/\/portfolio.glazboteka.com\/kcm\/","logo":{"@type":"ImageObject","inLanguage":"en-US","@id":"https:\/\/portfolio.glazboteka.com\/kcm\/#\/schema\/logo\/image\/","url":"https:\/\/portfolio.glazboteka.com\/kcm\/wp-content\/uploads\/2022\/10\/KCM.jpg","contentUrl":"https:\/\/portfolio.glazboteka.com\/kcm\/wp-content\/uploads\/2022\/10\/KCM.jpg","width":476,"height":419,"caption":"KCM"},"image":{"@id":"https:\/\/portfolio.glazboteka.com\/kcm\/#\/schema\/logo\/image\/"},"sameAs":["https:\/\/www.facebook.com\/KCMedija\/","https:\/\/www.instagram.com\/kulturni_centar_mesnicka\/"]},{"@type":"Person","@id":"https:\/\/portfolio.glazboteka.com\/kcm\/#\/schema\/person\/cc28eab64249ba0ee0cd57119ad6cfb1","name":"admin","image":{"@type":"ImageObject","inLanguage":"en-US","@id":"https:\/\/portfolio.glazboteka.com\/kcm\/#\/schema\/person\/image\/","url":"https:\/\/secure.gravatar.com\/avatar\/adae78b005d32aabac5987ff3384a3c6da92fed0f1d86d3d250df8978a593a3f?s=96&d=mm&r=g","contentUrl":"https:\/\/secure.gravatar.com\/avatar\/adae78b005d32aabac5987ff3384a3c6da92fed0f1d86d3d250df8978a593a3f?s=96&d=mm&r=g","caption":"admin"},"sameAs":["https:\/\/portfolio.glazboteka.com\/kcm"],"url":"https:\/\/portfolio.glazboteka.com\/kcm\/author\/admin\/"}]}},"_links":{"self":[{"href":"https:\/\/portfolio.glazboteka.com\/kcm\/wp-json\/wp\/v2\/posts\/9421","targetHints":{"allow":["GET"]}}],"collection":[{"href":"https:\/\/portfolio.glazboteka.com\/kcm\/wp-json\/wp\/v2\/posts"}],"about":[{"href":"https:\/\/portfolio.glazboteka.com\/kcm\/wp-json\/wp\/v2\/types\/post"}],"author":[{"embeddable":true,"href":"https:\/\/portfolio.glazboteka.com\/kcm\/wp-json\/wp\/v2\/users\/1"}],"replies":[{"embeddable":true,"href":"https:\/\/portfolio.glazboteka.com\/kcm\/wp-json\/wp\/v2\/comments?post=9421"}],"version-history":[{"count":0,"href":"https:\/\/portfolio.glazboteka.com\/kcm\/wp-json\/wp\/v2\/posts\/9421\/revisions"}],"wp:featuredmedia":[{"embeddable":true,"href":"https:\/\/portfolio.glazboteka.com\/kcm\/wp-json\/wp\/v2\/media\/9422"}],"wp:attachment":[{"href":"https:\/\/portfolio.glazboteka.com\/kcm\/wp-json\/wp\/v2\/media?parent=9421"}],"wp:term":[{"taxonomy":"category","embeddable":true,"href":"https:\/\/portfolio.glazboteka.com\/kcm\/wp-json\/wp\/v2\/categories?post=9421"},{"taxonomy":"post_tag","embeddable":true,"href":"https:\/\/portfolio.glazboteka.com\/kcm\/wp-json\/wp\/v2\/tags?post=9421"}],"curies":[{"name":"wp","href":"https:\/\/api.w.org\/{rel}","templated":true}]}}