{"id":9555,"date":"2023-12-21T18:53:16","date_gmt":"2023-12-21T17:53:16","guid":{"rendered":"https:\/\/portfolio.glazboteka.com\/kcm\/?p=9555"},"modified":"2023-12-22T05:55:16","modified_gmt":"2023-12-22T04:55:16","slug":"godisnjica-premijere-filma-prljavi-harry-redatelja-dona-siegela","status":"publish","type":"post","link":"https:\/\/portfolio.glazboteka.com\/kcm\/godisnjica-premijere-filma-prljavi-harry-redatelja-dona-siegela\/","title":{"rendered":"Godi\u0161njica premijere filma Prljavi Harry redatelja Dona Siegela"},"content":{"rendered":"<p>Na dana\u0161nji je dan, 21. prosinca 1971. godine u San Franciscu premijerno prikazan film pod naslovom &#8220;Prljavi Harry&#8221; (<em>Dirty Harry<\/em>), u nas pak preveden kao &#8220;\u0160korpion ubija&#8221;.<\/p>\n<p>Prvi iz iznimno uspje\u0161nog serijala filmova o inspektoru Callahanu, legendarnom Prljavom Harryju, redatelja Dona Siegela bio je prava revolucija u Hollywoodu davne 1971. godine, infuzija svje\u017ee krvi akcijskih B-filmova u pomalo posustalo holivudsko vi\u0111enje policijskih pri\u010da. Nakon \u0161to se proslavio ulogama \u0161utljivih jaha\u010da u filmovima Sergia Leonea, legendarni se Clint Eastwood tim filmom i njegovim nastavcima do kraja zacementirao u svijest i srca svih ljubitelja kinematografije, odakle nije izi\u0161ao ni danas, kada je iza njega Oscarima potvr\u0111ena karijera glumca i redatelja.<\/p>\n<p>Date li mu u zadatak hvatanje okrutnih ubojica, s lanca ste pustili pobje\u0161njelu zvijer. On je legendarni Prljavi Harry Callahan, policajac kojega ne mogu prestra\u0161iti ni najokorjeliji kriminalci, a kamoli birokratski \u0161efovi. Jedini je sposoban obra\u010dunati se na pravi na\u010din s onima koji to zaslu\u017euju&#8230;<\/p>\n<p>San Francisco \u017eivi u strahu, teroriziran nezamislivim zlo\u010dinima i ucjenama ubojice koji sebe naziva Scorpio. Policijsku potragu predvodi beskompromisni Harry Callahan (Clint Eastwood), poznat po nadimku Prljavi Harry, inspektor koji ne po\u0161tuje nikakva pravila, ne nosi pancirku ni propisano oru\u017eje i izgleda kao da u\u017eiva u zagor\u010davanju \u017eivota svojim nadre\u0111enima. No Callahana iznad svega goni \u017eelja za pravdom i ka\u017enjavanjem kriminalaca iako to katkad \u010dini na ekstreman na\u010din. Kada Scorpio kidnapira \u010detrnaestogodi\u0161nju djevoj\u010dicu i zatra\u017ei od grada 200 tisu\u0107a dolara kako bi je vratio, Callahana zadu\u017ee za predaju zatra\u017eenog novca. U akciji je ranjen njegov kolega Chico (Reni Santoni), a Prljavi Harry prije\u0111e sve granice dozvoljenoga policijskog pona\u0161anja kako bi ipak uhitio zlo\u010dinca. Iako je oteta djevoj\u010dica prona\u0111ena mrtva, Scorpio je pu\u0161ten iz zatvora zbog Callahanova nepo\u0161tovanja procedure. No Scorpio ne planira prestati sa zlo\u010dinima&#8230;<\/p>\n<p>Iako su u agresivnom nastupu glavnoga junaka poneki liberalni kriti\u010dari u filmu vidjeli opravdanje nasilnog osvetni\u0161tva, &#8220;Prljavi Harry&#8221; zapravo je film ispunjen moralnim dvojbama ljudi koji moraju prije\u0107i preko svojega morala kako bi drugi mogli sigurno \u017eivjeti. No ako ponekom gledatelju takvi elementi filma i promaknu, ostaje \u010dinjenica da akcijskom vrtuljku jednog od filmova koji se navode kao definicija \u017eanra nitko ne mo\u017ee odoljeti.<\/p>\n<p><strong>Goran \u010celig<\/strong><\/p>\n","protected":false},"excerpt":{"rendered":"<p>&#8220;Prljavi Harry&#8221; zapravo je film ispunjen moralnim dvojbama ljudi koji moraju prije\u0107i preko svojega morala kako bi drugi mogli sigurno \u017eivjeti.<\/p>\n","protected":false},"author":1,"featured_media":9556,"comment_status":"open","ping_status":"open","sticky":false,"template":"","format":"standard","meta":{"ngg_post_thumbnail":0,"ocean_post_layout":"","ocean_both_sidebars_style":"","ocean_both_sidebars_content_width":0,"ocean_both_sidebars_sidebars_width":0,"ocean_sidebar":"0","ocean_second_sidebar":"0","ocean_disable_margins":"enable","ocean_add_body_class":"","ocean_shortcode_before_top_bar":"","ocean_shortcode_after_top_bar":"","ocean_shortcode_before_header":"","ocean_shortcode_after_header":"","ocean_has_shortcode":"","ocean_shortcode_after_title":"","ocean_shortcode_before_footer_widgets":"","ocean_shortcode_after_footer_widgets":"","ocean_shortcode_before_footer_bottom":"","ocean_shortcode_after_footer_bottom":"","ocean_display_top_bar":"default","ocean_display_header":"default","ocean_header_style":"","ocean_center_header_left_menu":"0","ocean_custom_header_template":"0","ocean_custom_logo":0,"ocean_custom_retina_logo":0,"ocean_custom_logo_max_width":0,"ocean_custom_logo_tablet_max_width":0,"ocean_custom_logo_mobile_max_width":0,"ocean_custom_logo_max_height":0,"ocean_custom_logo_tablet_max_height":0,"ocean_custom_logo_mobile_max_height":0,"ocean_header_custom_menu":"0","ocean_menu_typo_font_family":"0","ocean_menu_typo_font_subset":"","ocean_menu_typo_font_size":0,"ocean_menu_typo_font_size_tablet":0,"ocean_menu_typo_font_size_mobile":0,"ocean_menu_typo_font_size_unit":"px","ocean_menu_typo_font_weight":"","ocean_menu_typo_font_weight_tablet":"","ocean_menu_typo_font_weight_mobile":"","ocean_menu_typo_transform":"","ocean_menu_typo_transform_tablet":"","ocean_menu_typo_transform_mobile":"","ocean_menu_typo_line_height":0,"ocean_menu_typo_line_height_tablet":0,"ocean_menu_typo_line_height_mobile":0,"ocean_menu_typo_line_height_unit":"","ocean_menu_typo_spacing":0,"ocean_menu_typo_spacing_tablet":0,"ocean_menu_typo_spacing_mobile":0,"ocean_menu_typo_spacing_unit":"","ocean_menu_link_color":"","ocean_menu_link_color_hover":"","ocean_menu_link_color_active":"","ocean_menu_link_background":"","ocean_menu_link_hover_background":"","ocean_menu_link_active_background":"","ocean_menu_social_links_bg":"","ocean_menu_social_hover_links_bg":"","ocean_menu_social_links_color":"","ocean_menu_social_hover_links_color":"","ocean_disable_title":"default","ocean_disable_heading":"default","ocean_post_title":"","ocean_post_subheading":"","ocean_post_title_style":"","ocean_post_title_background_color":"","ocean_post_title_background":0,"ocean_post_title_bg_image_position":"","ocean_post_title_bg_image_attachment":"","ocean_post_title_bg_image_repeat":"","ocean_post_title_bg_image_size":"","ocean_post_title_height":0,"ocean_post_title_bg_overlay":0.5,"ocean_post_title_bg_overlay_color":"","ocean_disable_breadcrumbs":"default","ocean_breadcrumbs_color":"","ocean_breadcrumbs_separator_color":"","ocean_breadcrumbs_links_color":"","ocean_breadcrumbs_links_hover_color":"","ocean_display_footer_widgets":"default","ocean_display_footer_bottom":"default","ocean_custom_footer_template":"0","ocean_post_oembed":"","ocean_post_self_hosted_media":"","ocean_post_video_embed":"","ocean_link_format":"","ocean_link_format_target":"self","ocean_quote_format":"","ocean_quote_format_link":"post","ocean_gallery_link_images":"on","ocean_gallery_id":[],"footnotes":""},"categories":[53,227],"tags":[2264,9246,9250,952,9245,3926,9247,9249,9244,9248,9251,9243],"class_list":["post-9555","post","type-post","status-publish","format-standard","has-post-thumbnail","hentry","category-film","category-umjetnost","tag-akcijski-triler","tag-andy-robinson","tag-bruce-surtees","tag-clint-eastwood","tag-dirty-harry","tag-don-siegel","tag-harry-guardino","tag-john-vernon","tag-prljavi-harry","tag-reni-santoni","tag-scorpio","tag-skorpion-ubija","entry","has-media"],"yoast_head":"<!-- This site is optimized with the Yoast SEO plugin v24.9 - https:\/\/yoast.com\/wordpress\/plugins\/seo\/ -->\n<title>Godi\u0161njica premijere filma Prljavi Harry redatelja Dona Siegela - KCM<\/title>\n<meta name=\"description\" content=\"&quot;Prljavi Harry&quot; zapravo je film ispunjen moralnim dvojbama ljudi koji moraju prije\u0107i preko svojega morala kako bi drugi mogli sigurno \u017eivjeti.\" \/>\n<meta name=\"robots\" content=\"index, follow, max-snippet:-1, max-image-preview:large, max-video-preview:-1\" \/>\n<link rel=\"canonical\" href=\"https:\/\/portfolio.glazboteka.com\/kcm\/godisnjica-premijere-filma-prljavi-harry-redatelja-dona-siegela\/\" \/>\n<meta property=\"og:locale\" content=\"en_US\" \/>\n<meta property=\"og:type\" content=\"article\" \/>\n<meta property=\"og:title\" content=\"Godi\u0161njica premijere filma Prljavi Harry redatelja Dona Siegela - KCM\" \/>\n<meta property=\"og:description\" content=\"&quot;Prljavi Harry&quot; zapravo je film ispunjen moralnim dvojbama ljudi koji moraju prije\u0107i preko svojega morala kako bi drugi mogli sigurno \u017eivjeti.\" \/>\n<meta property=\"og:url\" content=\"https:\/\/portfolio.glazboteka.com\/kcm\/godisnjica-premijere-filma-prljavi-harry-redatelja-dona-siegela\/\" \/>\n<meta property=\"og:site_name\" content=\"KCM\" \/>\n<meta property=\"article:publisher\" content=\"https:\/\/www.facebook.com\/KCMedija\/\" \/>\n<meta property=\"article:published_time\" content=\"2023-12-21T17:53:16+00:00\" \/>\n<meta property=\"article:modified_time\" content=\"2023-12-22T04:55:16+00:00\" \/>\n<meta property=\"og:image\" content=\"https:\/\/portfolio.glazboteka.com\/kcm\/wp-content\/uploads\/2023\/12\/Prljavi-Harry.jpg\" \/>\n\t<meta property=\"og:image:width\" content=\"702\" \/>\n\t<meta property=\"og:image:height\" content=\"1000\" \/>\n\t<meta property=\"og:image:type\" content=\"image\/jpeg\" \/>\n<meta name=\"author\" content=\"admin\" \/>\n<meta name=\"twitter:card\" content=\"summary_large_image\" \/>\n<meta name=\"twitter:label1\" content=\"Written by\" \/>\n\t<meta name=\"twitter:data1\" content=\"admin\" \/>\n\t<meta name=\"twitter:label2\" content=\"Est. reading time\" \/>\n\t<meta name=\"twitter:data2\" content=\"2 minutes\" \/>\n<script type=\"application\/ld+json\" class=\"yoast-schema-graph\">{\"@context\":\"https:\/\/schema.org\",\"@graph\":[{\"@type\":\"Article\",\"@id\":\"https:\/\/portfolio.glazboteka.com\/kcm\/godisnjica-premijere-filma-prljavi-harry-redatelja-dona-siegela\/#article\",\"isPartOf\":{\"@id\":\"https:\/\/portfolio.glazboteka.com\/kcm\/godisnjica-premijere-filma-prljavi-harry-redatelja-dona-siegela\/\"},\"author\":{\"name\":\"admin\",\"@id\":\"https:\/\/portfolio.glazboteka.com\/kcm\/#\/schema\/person\/cc28eab64249ba0ee0cd57119ad6cfb1\"},\"headline\":\"Godi\u0161njica premijere filma Prljavi Harry redatelja Dona Siegela\",\"datePublished\":\"2023-12-21T17:53:16+00:00\",\"dateModified\":\"2023-12-22T04:55:16+00:00\",\"mainEntityOfPage\":{\"@id\":\"https:\/\/portfolio.glazboteka.com\/kcm\/godisnjica-premijere-filma-prljavi-harry-redatelja-dona-siegela\/\"},\"wordCount\":398,\"commentCount\":0,\"publisher\":{\"@id\":\"https:\/\/portfolio.glazboteka.com\/kcm\/#organization\"},\"image\":{\"@id\":\"https:\/\/portfolio.glazboteka.com\/kcm\/godisnjica-premijere-filma-prljavi-harry-redatelja-dona-siegela\/#primaryimage\"},\"thumbnailUrl\":\"https:\/\/portfolio.glazboteka.com\/kcm\/wp-content\/uploads\/2023\/12\/Prljavi-Harry.jpg\",\"keywords\":[\"akcijski triler\",\"Andy Robinson\",\"Bruce Surtees\",\"Clint Eastwood\",\"Dirty Harry\",\"Don Siegel\",\"Harry Guardino\",\"John Vernon\",\"Prljavi Harry\",\"Reni Santoni\",\"Scorpio\",\"\u0160korpion ubija\"],\"articleSection\":[\"Film\",\"Umjetnost\"],\"inLanguage\":\"en-US\",\"potentialAction\":[{\"@type\":\"CommentAction\",\"name\":\"Comment\",\"target\":[\"https:\/\/portfolio.glazboteka.com\/kcm\/godisnjica-premijere-filma-prljavi-harry-redatelja-dona-siegela\/#respond\"]}]},{\"@type\":\"WebPage\",\"@id\":\"https:\/\/portfolio.glazboteka.com\/kcm\/godisnjica-premijere-filma-prljavi-harry-redatelja-dona-siegela\/\",\"url\":\"https:\/\/portfolio.glazboteka.com\/kcm\/godisnjica-premijere-filma-prljavi-harry-redatelja-dona-siegela\/\",\"name\":\"Godi\u0161njica premijere filma Prljavi Harry redatelja Dona Siegela - KCM\",\"isPartOf\":{\"@id\":\"https:\/\/portfolio.glazboteka.com\/kcm\/#website\"},\"primaryImageOfPage\":{\"@id\":\"https:\/\/portfolio.glazboteka.com\/kcm\/godisnjica-premijere-filma-prljavi-harry-redatelja-dona-siegela\/#primaryimage\"},\"image\":{\"@id\":\"https:\/\/portfolio.glazboteka.com\/kcm\/godisnjica-premijere-filma-prljavi-harry-redatelja-dona-siegela\/#primaryimage\"},\"thumbnailUrl\":\"https:\/\/portfolio.glazboteka.com\/kcm\/wp-content\/uploads\/2023\/12\/Prljavi-Harry.jpg\",\"datePublished\":\"2023-12-21T17:53:16+00:00\",\"dateModified\":\"2023-12-22T04:55:16+00:00\",\"description\":\"\\\"Prljavi Harry\\\" zapravo je film ispunjen moralnim dvojbama ljudi koji moraju prije\u0107i preko svojega morala kako bi drugi mogli sigurno \u017eivjeti.\",\"inLanguage\":\"en-US\",\"potentialAction\":[{\"@type\":\"ReadAction\",\"target\":[\"https:\/\/portfolio.glazboteka.com\/kcm\/godisnjica-premijere-filma-prljavi-harry-redatelja-dona-siegela\/\"]}]},{\"@type\":\"ImageObject\",\"inLanguage\":\"en-US\",\"@id\":\"https:\/\/portfolio.glazboteka.com\/kcm\/godisnjica-premijere-filma-prljavi-harry-redatelja-dona-siegela\/#primaryimage\",\"url\":\"https:\/\/portfolio.glazboteka.com\/kcm\/wp-content\/uploads\/2023\/12\/Prljavi-Harry.jpg\",\"contentUrl\":\"https:\/\/portfolio.glazboteka.com\/kcm\/wp-content\/uploads\/2023\/12\/Prljavi-Harry.jpg\",\"width\":702,\"height\":1000},{\"@type\":\"WebSite\",\"@id\":\"https:\/\/portfolio.glazboteka.com\/kcm\/#website\",\"url\":\"https:\/\/portfolio.glazboteka.com\/kcm\/\",\"name\":\"KCM\",\"description\":\"Kulturni centar Multimedija\",\"publisher\":{\"@id\":\"https:\/\/portfolio.glazboteka.com\/kcm\/#organization\"},\"potentialAction\":[{\"@type\":\"SearchAction\",\"target\":{\"@type\":\"EntryPoint\",\"urlTemplate\":\"https:\/\/portfolio.glazboteka.com\/kcm\/?s={search_term_string}\"},\"query-input\":{\"@type\":\"PropertyValueSpecification\",\"valueRequired\":true,\"valueName\":\"search_term_string\"}}],\"inLanguage\":\"en-US\"},{\"@type\":\"Organization\",\"@id\":\"https:\/\/portfolio.glazboteka.com\/kcm\/#organization\",\"name\":\"KCM\",\"url\":\"https:\/\/portfolio.glazboteka.com\/kcm\/\",\"logo\":{\"@type\":\"ImageObject\",\"inLanguage\":\"en-US\",\"@id\":\"https:\/\/portfolio.glazboteka.com\/kcm\/#\/schema\/logo\/image\/\",\"url\":\"https:\/\/portfolio.glazboteka.com\/kcm\/wp-content\/uploads\/2022\/10\/KCM.jpg\",\"contentUrl\":\"https:\/\/portfolio.glazboteka.com\/kcm\/wp-content\/uploads\/2022\/10\/KCM.jpg\",\"width\":476,\"height\":419,\"caption\":\"KCM\"},\"image\":{\"@id\":\"https:\/\/portfolio.glazboteka.com\/kcm\/#\/schema\/logo\/image\/\"},\"sameAs\":[\"https:\/\/www.facebook.com\/KCMedija\/\",\"https:\/\/www.instagram.com\/kulturni_centar_mesnicka\/\"]},{\"@type\":\"Person\",\"@id\":\"https:\/\/portfolio.glazboteka.com\/kcm\/#\/schema\/person\/cc28eab64249ba0ee0cd57119ad6cfb1\",\"name\":\"admin\",\"image\":{\"@type\":\"ImageObject\",\"inLanguage\":\"en-US\",\"@id\":\"https:\/\/portfolio.glazboteka.com\/kcm\/#\/schema\/person\/image\/\",\"url\":\"https:\/\/secure.gravatar.com\/avatar\/adae78b005d32aabac5987ff3384a3c6da92fed0f1d86d3d250df8978a593a3f?s=96&d=mm&r=g\",\"contentUrl\":\"https:\/\/secure.gravatar.com\/avatar\/adae78b005d32aabac5987ff3384a3c6da92fed0f1d86d3d250df8978a593a3f?s=96&d=mm&r=g\",\"caption\":\"admin\"},\"sameAs\":[\"https:\/\/portfolio.glazboteka.com\/kcm\"],\"url\":\"https:\/\/portfolio.glazboteka.com\/kcm\/author\/admin\/\"}]}<\/script>\n<!-- \/ Yoast SEO plugin. -->","yoast_head_json":{"title":"Godi\u0161njica premijere filma Prljavi Harry redatelja Dona Siegela - KCM","description":"\"Prljavi Harry\" zapravo je film ispunjen moralnim dvojbama ljudi koji moraju prije\u0107i preko svojega morala kako bi drugi mogli sigurno \u017eivjeti.","robots":{"index":"index","follow":"follow","max-snippet":"max-snippet:-1","max-image-preview":"max-image-preview:large","max-video-preview":"max-video-preview:-1"},"canonical":"https:\/\/portfolio.glazboteka.com\/kcm\/godisnjica-premijere-filma-prljavi-harry-redatelja-dona-siegela\/","og_locale":"en_US","og_type":"article","og_title":"Godi\u0161njica premijere filma Prljavi Harry redatelja Dona Siegela - KCM","og_description":"\"Prljavi Harry\" zapravo je film ispunjen moralnim dvojbama ljudi koji moraju prije\u0107i preko svojega morala kako bi drugi mogli sigurno \u017eivjeti.","og_url":"https:\/\/portfolio.glazboteka.com\/kcm\/godisnjica-premijere-filma-prljavi-harry-redatelja-dona-siegela\/","og_site_name":"KCM","article_publisher":"https:\/\/www.facebook.com\/KCMedija\/","article_published_time":"2023-12-21T17:53:16+00:00","article_modified_time":"2023-12-22T04:55:16+00:00","og_image":[{"width":702,"height":1000,"url":"https:\/\/portfolio.glazboteka.com\/kcm\/wp-content\/uploads\/2023\/12\/Prljavi-Harry.jpg","type":"image\/jpeg"}],"author":"admin","twitter_card":"summary_large_image","twitter_misc":{"Written by":"admin","Est. reading time":"2 minutes"},"schema":{"@context":"https:\/\/schema.org","@graph":[{"@type":"Article","@id":"https:\/\/portfolio.glazboteka.com\/kcm\/godisnjica-premijere-filma-prljavi-harry-redatelja-dona-siegela\/#article","isPartOf":{"@id":"https:\/\/portfolio.glazboteka.com\/kcm\/godisnjica-premijere-filma-prljavi-harry-redatelja-dona-siegela\/"},"author":{"name":"admin","@id":"https:\/\/portfolio.glazboteka.com\/kcm\/#\/schema\/person\/cc28eab64249ba0ee0cd57119ad6cfb1"},"headline":"Godi\u0161njica premijere filma Prljavi Harry redatelja Dona Siegela","datePublished":"2023-12-21T17:53:16+00:00","dateModified":"2023-12-22T04:55:16+00:00","mainEntityOfPage":{"@id":"https:\/\/portfolio.glazboteka.com\/kcm\/godisnjica-premijere-filma-prljavi-harry-redatelja-dona-siegela\/"},"wordCount":398,"commentCount":0,"publisher":{"@id":"https:\/\/portfolio.glazboteka.com\/kcm\/#organization"},"image":{"@id":"https:\/\/portfolio.glazboteka.com\/kcm\/godisnjica-premijere-filma-prljavi-harry-redatelja-dona-siegela\/#primaryimage"},"thumbnailUrl":"https:\/\/portfolio.glazboteka.com\/kcm\/wp-content\/uploads\/2023\/12\/Prljavi-Harry.jpg","keywords":["akcijski triler","Andy Robinson","Bruce Surtees","Clint Eastwood","Dirty Harry","Don Siegel","Harry Guardino","John Vernon","Prljavi Harry","Reni Santoni","Scorpio","\u0160korpion ubija"],"articleSection":["Film","Umjetnost"],"inLanguage":"en-US","potentialAction":[{"@type":"CommentAction","name":"Comment","target":["https:\/\/portfolio.glazboteka.com\/kcm\/godisnjica-premijere-filma-prljavi-harry-redatelja-dona-siegela\/#respond"]}]},{"@type":"WebPage","@id":"https:\/\/portfolio.glazboteka.com\/kcm\/godisnjica-premijere-filma-prljavi-harry-redatelja-dona-siegela\/","url":"https:\/\/portfolio.glazboteka.com\/kcm\/godisnjica-premijere-filma-prljavi-harry-redatelja-dona-siegela\/","name":"Godi\u0161njica premijere filma Prljavi Harry redatelja Dona Siegela - KCM","isPartOf":{"@id":"https:\/\/portfolio.glazboteka.com\/kcm\/#website"},"primaryImageOfPage":{"@id":"https:\/\/portfolio.glazboteka.com\/kcm\/godisnjica-premijere-filma-prljavi-harry-redatelja-dona-siegela\/#primaryimage"},"image":{"@id":"https:\/\/portfolio.glazboteka.com\/kcm\/godisnjica-premijere-filma-prljavi-harry-redatelja-dona-siegela\/#primaryimage"},"thumbnailUrl":"https:\/\/portfolio.glazboteka.com\/kcm\/wp-content\/uploads\/2023\/12\/Prljavi-Harry.jpg","datePublished":"2023-12-21T17:53:16+00:00","dateModified":"2023-12-22T04:55:16+00:00","description":"\"Prljavi Harry\" zapravo je film ispunjen moralnim dvojbama ljudi koji moraju prije\u0107i preko svojega morala kako bi drugi mogli sigurno \u017eivjeti.","inLanguage":"en-US","potentialAction":[{"@type":"ReadAction","target":["https:\/\/portfolio.glazboteka.com\/kcm\/godisnjica-premijere-filma-prljavi-harry-redatelja-dona-siegela\/"]}]},{"@type":"ImageObject","inLanguage":"en-US","@id":"https:\/\/portfolio.glazboteka.com\/kcm\/godisnjica-premijere-filma-prljavi-harry-redatelja-dona-siegela\/#primaryimage","url":"https:\/\/portfolio.glazboteka.com\/kcm\/wp-content\/uploads\/2023\/12\/Prljavi-Harry.jpg","contentUrl":"https:\/\/portfolio.glazboteka.com\/kcm\/wp-content\/uploads\/2023\/12\/Prljavi-Harry.jpg","width":702,"height":1000},{"@type":"WebSite","@id":"https:\/\/portfolio.glazboteka.com\/kcm\/#website","url":"https:\/\/portfolio.glazboteka.com\/kcm\/","name":"KCM","description":"Kulturni centar Multimedija","publisher":{"@id":"https:\/\/portfolio.glazboteka.com\/kcm\/#organization"},"potentialAction":[{"@type":"SearchAction","target":{"@type":"EntryPoint","urlTemplate":"https:\/\/portfolio.glazboteka.com\/kcm\/?s={search_term_string}"},"query-input":{"@type":"PropertyValueSpecification","valueRequired":true,"valueName":"search_term_string"}}],"inLanguage":"en-US"},{"@type":"Organization","@id":"https:\/\/portfolio.glazboteka.com\/kcm\/#organization","name":"KCM","url":"https:\/\/portfolio.glazboteka.com\/kcm\/","logo":{"@type":"ImageObject","inLanguage":"en-US","@id":"https:\/\/portfolio.glazboteka.com\/kcm\/#\/schema\/logo\/image\/","url":"https:\/\/portfolio.glazboteka.com\/kcm\/wp-content\/uploads\/2022\/10\/KCM.jpg","contentUrl":"https:\/\/portfolio.glazboteka.com\/kcm\/wp-content\/uploads\/2022\/10\/KCM.jpg","width":476,"height":419,"caption":"KCM"},"image":{"@id":"https:\/\/portfolio.glazboteka.com\/kcm\/#\/schema\/logo\/image\/"},"sameAs":["https:\/\/www.facebook.com\/KCMedija\/","https:\/\/www.instagram.com\/kulturni_centar_mesnicka\/"]},{"@type":"Person","@id":"https:\/\/portfolio.glazboteka.com\/kcm\/#\/schema\/person\/cc28eab64249ba0ee0cd57119ad6cfb1","name":"admin","image":{"@type":"ImageObject","inLanguage":"en-US","@id":"https:\/\/portfolio.glazboteka.com\/kcm\/#\/schema\/person\/image\/","url":"https:\/\/secure.gravatar.com\/avatar\/adae78b005d32aabac5987ff3384a3c6da92fed0f1d86d3d250df8978a593a3f?s=96&d=mm&r=g","contentUrl":"https:\/\/secure.gravatar.com\/avatar\/adae78b005d32aabac5987ff3384a3c6da92fed0f1d86d3d250df8978a593a3f?s=96&d=mm&r=g","caption":"admin"},"sameAs":["https:\/\/portfolio.glazboteka.com\/kcm"],"url":"https:\/\/portfolio.glazboteka.com\/kcm\/author\/admin\/"}]}},"_links":{"self":[{"href":"https:\/\/portfolio.glazboteka.com\/kcm\/wp-json\/wp\/v2\/posts\/9555","targetHints":{"allow":["GET"]}}],"collection":[{"href":"https:\/\/portfolio.glazboteka.com\/kcm\/wp-json\/wp\/v2\/posts"}],"about":[{"href":"https:\/\/portfolio.glazboteka.com\/kcm\/wp-json\/wp\/v2\/types\/post"}],"author":[{"embeddable":true,"href":"https:\/\/portfolio.glazboteka.com\/kcm\/wp-json\/wp\/v2\/users\/1"}],"replies":[{"embeddable":true,"href":"https:\/\/portfolio.glazboteka.com\/kcm\/wp-json\/wp\/v2\/comments?post=9555"}],"version-history":[{"count":0,"href":"https:\/\/portfolio.glazboteka.com\/kcm\/wp-json\/wp\/v2\/posts\/9555\/revisions"}],"wp:featuredmedia":[{"embeddable":true,"href":"https:\/\/portfolio.glazboteka.com\/kcm\/wp-json\/wp\/v2\/media\/9556"}],"wp:attachment":[{"href":"https:\/\/portfolio.glazboteka.com\/kcm\/wp-json\/wp\/v2\/media?parent=9555"}],"wp:term":[{"taxonomy":"category","embeddable":true,"href":"https:\/\/portfolio.glazboteka.com\/kcm\/wp-json\/wp\/v2\/categories?post=9555"},{"taxonomy":"post_tag","embeddable":true,"href":"https:\/\/portfolio.glazboteka.com\/kcm\/wp-json\/wp\/v2\/tags?post=9555"}],"curies":[{"name":"wp","href":"https:\/\/api.w.org\/{rel}","templated":true}]}}