{"id":9606,"date":"2023-12-18T19:02:10","date_gmt":"2023-12-18T18:02:10","guid":{"rendered":"https:\/\/portfolio.glazboteka.com\/kcm\/?p=9606"},"modified":"2023-12-24T01:34:28","modified_gmt":"2023-12-24T00:34:28","slug":"godisnjica-premijere-vesterna-za-dolar-vise-sergia-leonea","status":"publish","type":"post","link":"https:\/\/portfolio.glazboteka.com\/kcm\/godisnjica-premijere-vesterna-za-dolar-vise-sergia-leonea\/","title":{"rendered":"Godi\u0161njica premijere vesterna Za dolar vi\u0161e Sergia Leonea"},"content":{"rendered":"<p>Na dana\u0161nji dan, 18. prosinca 1965. godine u Rimu i Torinu premijerno je prikazan drugi dio \u010duvene vestern-trilogije Sergia Leonea, &#8220;Za dolar vi\u0161e&#8221; (<em>Per qualche dollaro in pi\u00f9<\/em> | <em>For a Few Dollars More<\/em>).<\/p>\n<p>Banda neobuzdanih desperadosa terorizira stanovni\u0161tvo na teritoriju Novog Meksika, a za njihovim \u0161efom, zloglasnim El Indiom, raspisana je tjeralica s izuzetno visokom nagradom od deset tisu\u0107a dolara. Tu \u0107e nagradu dobiti onaj tko nemilosrdnog i psihoti\u010dnog El India dovede \u017eivog ili pak dopremi njegovo mrtvo tijelo, a unato\u010d tomu \u0161to se okrutnom zlo\u010dincu nitko ne usudi stati na put, pojavit \u0107e se dvojica iskusnih lovaca na glave. Jedan je zagonetni Monco zvan Bezimeni, grub i \u0161utljiv tip iznimno vje\u0161t u rukovanju revolverima, a drugi tako\u0111er \u0161utljivi i grubi pukovnik Douglas Mortimer, \u010dovjek koji kao da krije neku tajnu. Isprva suparnici, Bezimeni i Pukovnik naposljetku \u0107e udru\u017eiti snage i postati partneri u opasnoj potjeri za El Indiom&#8230;<\/p>\n<p>U sredi\u0161njem nastavku tzv. dolarske trilogije Sergio Leone kao suscenarist i redatelj nastavio je razvijati autorski prosede iz prvog dijela, nastalog pod utjecajem remek-djela &#8220;Tjelesna stra\u017ea&#8221; Akire Kurosawe. I u tom \u0161pageti-vesternu pretjerano bivaju nagla\u0161ene \u017eanrovske konvencije i obrasci, obradom motiva osvete, kao i motiva sukoba dobra i zla, ritualiziranih dvoboja, usamljenog \u0161utljivog stranca koji sti\u017ee u grad, ekstremnog nasilja itd. Leone je film snimio potaknut uspjehom &#8220;Za \u0161aku dolara&#8221; na talijanskom tr\u017ei\u0161tu, a on i producent Alberto Grimaldi prili\u010dno su se namu\u010dili da bi Clinta Eastwooda privoljeli na ponovno tuma\u010denje glavne uloge.<\/p>\n<p>Uz sigurniju i sugestivniju Leoneovu re\u017eiju u odnosu na prvi dio, isti\u010demo odli\u010dne gluma\u010dke interpretacije Eastwooda, Leeja Van Cleefa (Limena zvijezda, Mladi lavovi, \u010covjek koji je ubio Libertyja Valancea) i Giana Marije Volont\u00e9a (Slu\u010daj Mattei i Krist se zaustavio u Eboliju Francesca Rosija, Radni\u010dka klasa odlazi u raj Elija Petrija).<\/p>\n<p><strong>Goran \u010celig<\/strong><\/p>\n","protected":false},"excerpt":{"rendered":"<p>U sredi\u0161njem nastavku tzv. dolarske trilogije Sergio Leone kao suscenarist i redatelj nastavio je razvijati autorski prosede iz prvog dijela&#8230;<\/p>\n","protected":false},"author":1,"featured_media":9608,"comment_status":"open","ping_status":"open","sticky":false,"template":"","format":"standard","meta":{"ngg_post_thumbnail":0,"ocean_post_layout":"","ocean_both_sidebars_style":"","ocean_both_sidebars_content_width":0,"ocean_both_sidebars_sidebars_width":0,"ocean_sidebar":"0","ocean_second_sidebar":"0","ocean_disable_margins":"enable","ocean_add_body_class":"","ocean_shortcode_before_top_bar":"","ocean_shortcode_after_top_bar":"","ocean_shortcode_before_header":"","ocean_shortcode_after_header":"","ocean_has_shortcode":"","ocean_shortcode_after_title":"","ocean_shortcode_before_footer_widgets":"","ocean_shortcode_after_footer_widgets":"","ocean_shortcode_before_footer_bottom":"","ocean_shortcode_after_footer_bottom":"","ocean_display_top_bar":"default","ocean_display_header":"default","ocean_header_style":"","ocean_center_header_left_menu":"0","ocean_custom_header_template":"0","ocean_custom_logo":0,"ocean_custom_retina_logo":0,"ocean_custom_logo_max_width":0,"ocean_custom_logo_tablet_max_width":0,"ocean_custom_logo_mobile_max_width":0,"ocean_custom_logo_max_height":0,"ocean_custom_logo_tablet_max_height":0,"ocean_custom_logo_mobile_max_height":0,"ocean_header_custom_menu":"0","ocean_menu_typo_font_family":"0","ocean_menu_typo_font_subset":"","ocean_menu_typo_font_size":0,"ocean_menu_typo_font_size_tablet":0,"ocean_menu_typo_font_size_mobile":0,"ocean_menu_typo_font_size_unit":"px","ocean_menu_typo_font_weight":"","ocean_menu_typo_font_weight_tablet":"","ocean_menu_typo_font_weight_mobile":"","ocean_menu_typo_transform":"","ocean_menu_typo_transform_tablet":"","ocean_menu_typo_transform_mobile":"","ocean_menu_typo_line_height":0,"ocean_menu_typo_line_height_tablet":0,"ocean_menu_typo_line_height_mobile":0,"ocean_menu_typo_line_height_unit":"","ocean_menu_typo_spacing":0,"ocean_menu_typo_spacing_tablet":0,"ocean_menu_typo_spacing_mobile":0,"ocean_menu_typo_spacing_unit":"","ocean_menu_link_color":"","ocean_menu_link_color_hover":"","ocean_menu_link_color_active":"","ocean_menu_link_background":"","ocean_menu_link_hover_background":"","ocean_menu_link_active_background":"","ocean_menu_social_links_bg":"","ocean_menu_social_hover_links_bg":"","ocean_menu_social_links_color":"","ocean_menu_social_hover_links_color":"","ocean_disable_title":"default","ocean_disable_heading":"default","ocean_post_title":"","ocean_post_subheading":"","ocean_post_title_style":"","ocean_post_title_background_color":"","ocean_post_title_background":0,"ocean_post_title_bg_image_position":"","ocean_post_title_bg_image_attachment":"","ocean_post_title_bg_image_repeat":"","ocean_post_title_bg_image_size":"","ocean_post_title_height":0,"ocean_post_title_bg_overlay":0.5,"ocean_post_title_bg_overlay_color":"","ocean_disable_breadcrumbs":"default","ocean_breadcrumbs_color":"","ocean_breadcrumbs_separator_color":"","ocean_breadcrumbs_links_color":"","ocean_breadcrumbs_links_hover_color":"","ocean_display_footer_widgets":"default","ocean_display_footer_bottom":"default","ocean_custom_footer_template":"0","ocean_post_oembed":"","ocean_post_self_hosted_media":"","ocean_post_video_embed":"","ocean_link_format":"","ocean_link_format_target":"self","ocean_quote_format":"","ocean_quote_format_link":"post","ocean_gallery_link_images":"on","ocean_gallery_id":[],"footnotes":""},"categories":[53,227],"tags":[1984,7550,952,5532,9284,7547,7545,2508,5576,9277,9285,9286,1442,1917,4681,4889,961,9283],"class_list":["post-9606","post","type-post","status-publish","format-standard","has-post-thumbnail","hentry","category-film","category-umjetnost","tag-akira-kurosawa","tag-benito-stefanelli","tag-clint-eastwood","tag-ennio-morricone","tag-for-a-few-dollars-more","tag-gian-maria-volonte","tag-josef-egger","tag-klaus-kinski","tag-lee-van-cleef","tag-luigi-pistilli","tag-mara-krup","tag-panos-papadopulos","tag-sergio-leone","tag-spageti-vestern","tag-talijanski-vestern","tag-tjelesna-straza","tag-vestern","tag-za-dolar-vise","entry","has-media"],"yoast_head":"<!-- This site is optimized with the Yoast SEO plugin v24.9 - https:\/\/yoast.com\/wordpress\/plugins\/seo\/ -->\n<title>Godi\u0161njica premijere vesterna Za dolar vi\u0161e Sergia Leonea - KCM<\/title>\n<meta name=\"description\" content=\"U sredi\u0161njem nastavku tzv. dolarske trilogije Sergio Leone kao suscenarist i redatelj nastavio je razvijati autorski prosede iz prvog dijela...\" \/>\n<meta name=\"robots\" content=\"index, follow, max-snippet:-1, max-image-preview:large, max-video-preview:-1\" \/>\n<link rel=\"canonical\" href=\"https:\/\/portfolio.glazboteka.com\/kcm\/godisnjica-premijere-vesterna-za-dolar-vise-sergia-leonea\/\" \/>\n<meta property=\"og:locale\" content=\"en_US\" \/>\n<meta property=\"og:type\" content=\"article\" \/>\n<meta property=\"og:title\" content=\"Godi\u0161njica premijere vesterna Za dolar vi\u0161e Sergia Leonea - KCM\" \/>\n<meta property=\"og:description\" content=\"U sredi\u0161njem nastavku tzv. dolarske trilogije Sergio Leone kao suscenarist i redatelj nastavio je razvijati autorski prosede iz prvog dijela...\" \/>\n<meta property=\"og:url\" content=\"https:\/\/portfolio.glazboteka.com\/kcm\/godisnjica-premijere-vesterna-za-dolar-vise-sergia-leonea\/\" \/>\n<meta property=\"og:site_name\" content=\"KCM\" \/>\n<meta property=\"article:publisher\" content=\"https:\/\/www.facebook.com\/KCMedija\/\" \/>\n<meta property=\"article:published_time\" content=\"2023-12-18T18:02:10+00:00\" \/>\n<meta property=\"article:modified_time\" content=\"2023-12-24T00:34:28+00:00\" \/>\n<meta property=\"og:image\" content=\"https:\/\/portfolio.glazboteka.com\/kcm\/wp-content\/uploads\/2023\/12\/Za-dolar-vise.jpg\" \/>\n\t<meta property=\"og:image:width\" content=\"1000\" \/>\n\t<meta property=\"og:image:height\" content=\"1500\" \/>\n\t<meta property=\"og:image:type\" content=\"image\/jpeg\" \/>\n<meta name=\"author\" content=\"admin\" \/>\n<meta name=\"twitter:card\" content=\"summary_large_image\" \/>\n<meta name=\"twitter:label1\" content=\"Written by\" \/>\n\t<meta name=\"twitter:data1\" content=\"admin\" \/>\n\t<meta name=\"twitter:label2\" content=\"Est. reading time\" \/>\n\t<meta name=\"twitter:data2\" content=\"2 minutes\" \/>\n<script type=\"application\/ld+json\" class=\"yoast-schema-graph\">{\"@context\":\"https:\/\/schema.org\",\"@graph\":[{\"@type\":\"Article\",\"@id\":\"https:\/\/portfolio.glazboteka.com\/kcm\/godisnjica-premijere-vesterna-za-dolar-vise-sergia-leonea\/#article\",\"isPartOf\":{\"@id\":\"https:\/\/portfolio.glazboteka.com\/kcm\/godisnjica-premijere-vesterna-za-dolar-vise-sergia-leonea\/\"},\"author\":{\"name\":\"admin\",\"@id\":\"https:\/\/portfolio.glazboteka.com\/kcm\/#\/schema\/person\/cc28eab64249ba0ee0cd57119ad6cfb1\"},\"headline\":\"Godi\u0161njica premijere vesterna Za dolar vi\u0161e Sergia Leonea\",\"datePublished\":\"2023-12-18T18:02:10+00:00\",\"dateModified\":\"2023-12-24T00:34:28+00:00\",\"mainEntityOfPage\":{\"@id\":\"https:\/\/portfolio.glazboteka.com\/kcm\/godisnjica-premijere-vesterna-za-dolar-vise-sergia-leonea\/\"},\"wordCount\":327,\"commentCount\":0,\"publisher\":{\"@id\":\"https:\/\/portfolio.glazboteka.com\/kcm\/#organization\"},\"image\":{\"@id\":\"https:\/\/portfolio.glazboteka.com\/kcm\/godisnjica-premijere-vesterna-za-dolar-vise-sergia-leonea\/#primaryimage\"},\"thumbnailUrl\":\"https:\/\/portfolio.glazboteka.com\/kcm\/wp-content\/uploads\/2023\/12\/Za-dolar-vise.jpg\",\"keywords\":[\"Akira Kurosawa\",\"Benito Stefanelli\",\"Clint Eastwood\",\"Ennio Morricone\",\"For a Few Dollars More\",\"Gian Maria Volont\u00e9\",\"Josef Egger\",\"Klaus Kinski\",\"Lee Van Cleef\",\"Luigi Pistilli\",\"Mara Krup\",\"Panos Papadopulos\",\"Sergio Leone\",\"\u0161pageti-vestern\",\"talijanski vestern\",\"Tjelesna stra\u017ea\",\"vestern\",\"Za dolar vi\u0161e\"],\"articleSection\":[\"Film\",\"Umjetnost\"],\"inLanguage\":\"en-US\",\"potentialAction\":[{\"@type\":\"CommentAction\",\"name\":\"Comment\",\"target\":[\"https:\/\/portfolio.glazboteka.com\/kcm\/godisnjica-premijere-vesterna-za-dolar-vise-sergia-leonea\/#respond\"]}]},{\"@type\":\"WebPage\",\"@id\":\"https:\/\/portfolio.glazboteka.com\/kcm\/godisnjica-premijere-vesterna-za-dolar-vise-sergia-leonea\/\",\"url\":\"https:\/\/portfolio.glazboteka.com\/kcm\/godisnjica-premijere-vesterna-za-dolar-vise-sergia-leonea\/\",\"name\":\"Godi\u0161njica premijere vesterna Za dolar vi\u0161e Sergia Leonea - KCM\",\"isPartOf\":{\"@id\":\"https:\/\/portfolio.glazboteka.com\/kcm\/#website\"},\"primaryImageOfPage\":{\"@id\":\"https:\/\/portfolio.glazboteka.com\/kcm\/godisnjica-premijere-vesterna-za-dolar-vise-sergia-leonea\/#primaryimage\"},\"image\":{\"@id\":\"https:\/\/portfolio.glazboteka.com\/kcm\/godisnjica-premijere-vesterna-za-dolar-vise-sergia-leonea\/#primaryimage\"},\"thumbnailUrl\":\"https:\/\/portfolio.glazboteka.com\/kcm\/wp-content\/uploads\/2023\/12\/Za-dolar-vise.jpg\",\"datePublished\":\"2023-12-18T18:02:10+00:00\",\"dateModified\":\"2023-12-24T00:34:28+00:00\",\"description\":\"U sredi\u0161njem nastavku tzv. dolarske trilogije Sergio Leone kao suscenarist i redatelj nastavio je razvijati autorski prosede iz prvog dijela...\",\"inLanguage\":\"en-US\",\"potentialAction\":[{\"@type\":\"ReadAction\",\"target\":[\"https:\/\/portfolio.glazboteka.com\/kcm\/godisnjica-premijere-vesterna-za-dolar-vise-sergia-leonea\/\"]}]},{\"@type\":\"ImageObject\",\"inLanguage\":\"en-US\",\"@id\":\"https:\/\/portfolio.glazboteka.com\/kcm\/godisnjica-premijere-vesterna-za-dolar-vise-sergia-leonea\/#primaryimage\",\"url\":\"https:\/\/portfolio.glazboteka.com\/kcm\/wp-content\/uploads\/2023\/12\/Za-dolar-vise.jpg\",\"contentUrl\":\"https:\/\/portfolio.glazboteka.com\/kcm\/wp-content\/uploads\/2023\/12\/Za-dolar-vise.jpg\",\"width\":1000,\"height\":1500},{\"@type\":\"WebSite\",\"@id\":\"https:\/\/portfolio.glazboteka.com\/kcm\/#website\",\"url\":\"https:\/\/portfolio.glazboteka.com\/kcm\/\",\"name\":\"KCM\",\"description\":\"Kulturni centar Multimedija\",\"publisher\":{\"@id\":\"https:\/\/portfolio.glazboteka.com\/kcm\/#organization\"},\"potentialAction\":[{\"@type\":\"SearchAction\",\"target\":{\"@type\":\"EntryPoint\",\"urlTemplate\":\"https:\/\/portfolio.glazboteka.com\/kcm\/?s={search_term_string}\"},\"query-input\":{\"@type\":\"PropertyValueSpecification\",\"valueRequired\":true,\"valueName\":\"search_term_string\"}}],\"inLanguage\":\"en-US\"},{\"@type\":\"Organization\",\"@id\":\"https:\/\/portfolio.glazboteka.com\/kcm\/#organization\",\"name\":\"KCM\",\"url\":\"https:\/\/portfolio.glazboteka.com\/kcm\/\",\"logo\":{\"@type\":\"ImageObject\",\"inLanguage\":\"en-US\",\"@id\":\"https:\/\/portfolio.glazboteka.com\/kcm\/#\/schema\/logo\/image\/\",\"url\":\"https:\/\/portfolio.glazboteka.com\/kcm\/wp-content\/uploads\/2022\/10\/KCM.jpg\",\"contentUrl\":\"https:\/\/portfolio.glazboteka.com\/kcm\/wp-content\/uploads\/2022\/10\/KCM.jpg\",\"width\":476,\"height\":419,\"caption\":\"KCM\"},\"image\":{\"@id\":\"https:\/\/portfolio.glazboteka.com\/kcm\/#\/schema\/logo\/image\/\"},\"sameAs\":[\"https:\/\/www.facebook.com\/KCMedija\/\",\"https:\/\/www.instagram.com\/kulturni_centar_mesnicka\/\"]},{\"@type\":\"Person\",\"@id\":\"https:\/\/portfolio.glazboteka.com\/kcm\/#\/schema\/person\/cc28eab64249ba0ee0cd57119ad6cfb1\",\"name\":\"admin\",\"image\":{\"@type\":\"ImageObject\",\"inLanguage\":\"en-US\",\"@id\":\"https:\/\/portfolio.glazboteka.com\/kcm\/#\/schema\/person\/image\/\",\"url\":\"https:\/\/secure.gravatar.com\/avatar\/adae78b005d32aabac5987ff3384a3c6da92fed0f1d86d3d250df8978a593a3f?s=96&d=mm&r=g\",\"contentUrl\":\"https:\/\/secure.gravatar.com\/avatar\/adae78b005d32aabac5987ff3384a3c6da92fed0f1d86d3d250df8978a593a3f?s=96&d=mm&r=g\",\"caption\":\"admin\"},\"sameAs\":[\"https:\/\/portfolio.glazboteka.com\/kcm\"],\"url\":\"https:\/\/portfolio.glazboteka.com\/kcm\/author\/admin\/\"}]}<\/script>\n<!-- \/ Yoast SEO plugin. -->","yoast_head_json":{"title":"Godi\u0161njica premijere vesterna Za dolar vi\u0161e Sergia Leonea - KCM","description":"U sredi\u0161njem nastavku tzv. dolarske trilogije Sergio Leone kao suscenarist i redatelj nastavio je razvijati autorski prosede iz prvog dijela...","robots":{"index":"index","follow":"follow","max-snippet":"max-snippet:-1","max-image-preview":"max-image-preview:large","max-video-preview":"max-video-preview:-1"},"canonical":"https:\/\/portfolio.glazboteka.com\/kcm\/godisnjica-premijere-vesterna-za-dolar-vise-sergia-leonea\/","og_locale":"en_US","og_type":"article","og_title":"Godi\u0161njica premijere vesterna Za dolar vi\u0161e Sergia Leonea - KCM","og_description":"U sredi\u0161njem nastavku tzv. dolarske trilogije Sergio Leone kao suscenarist i redatelj nastavio je razvijati autorski prosede iz prvog dijela...","og_url":"https:\/\/portfolio.glazboteka.com\/kcm\/godisnjica-premijere-vesterna-za-dolar-vise-sergia-leonea\/","og_site_name":"KCM","article_publisher":"https:\/\/www.facebook.com\/KCMedija\/","article_published_time":"2023-12-18T18:02:10+00:00","article_modified_time":"2023-12-24T00:34:28+00:00","og_image":[{"width":1000,"height":1500,"url":"https:\/\/portfolio.glazboteka.com\/kcm\/wp-content\/uploads\/2023\/12\/Za-dolar-vise.jpg","type":"image\/jpeg"}],"author":"admin","twitter_card":"summary_large_image","twitter_misc":{"Written by":"admin","Est. reading time":"2 minutes"},"schema":{"@context":"https:\/\/schema.org","@graph":[{"@type":"Article","@id":"https:\/\/portfolio.glazboteka.com\/kcm\/godisnjica-premijere-vesterna-za-dolar-vise-sergia-leonea\/#article","isPartOf":{"@id":"https:\/\/portfolio.glazboteka.com\/kcm\/godisnjica-premijere-vesterna-za-dolar-vise-sergia-leonea\/"},"author":{"name":"admin","@id":"https:\/\/portfolio.glazboteka.com\/kcm\/#\/schema\/person\/cc28eab64249ba0ee0cd57119ad6cfb1"},"headline":"Godi\u0161njica premijere vesterna Za dolar vi\u0161e Sergia Leonea","datePublished":"2023-12-18T18:02:10+00:00","dateModified":"2023-12-24T00:34:28+00:00","mainEntityOfPage":{"@id":"https:\/\/portfolio.glazboteka.com\/kcm\/godisnjica-premijere-vesterna-za-dolar-vise-sergia-leonea\/"},"wordCount":327,"commentCount":0,"publisher":{"@id":"https:\/\/portfolio.glazboteka.com\/kcm\/#organization"},"image":{"@id":"https:\/\/portfolio.glazboteka.com\/kcm\/godisnjica-premijere-vesterna-za-dolar-vise-sergia-leonea\/#primaryimage"},"thumbnailUrl":"https:\/\/portfolio.glazboteka.com\/kcm\/wp-content\/uploads\/2023\/12\/Za-dolar-vise.jpg","keywords":["Akira Kurosawa","Benito Stefanelli","Clint Eastwood","Ennio Morricone","For a Few Dollars More","Gian Maria Volont\u00e9","Josef Egger","Klaus Kinski","Lee Van Cleef","Luigi Pistilli","Mara Krup","Panos Papadopulos","Sergio Leone","\u0161pageti-vestern","talijanski vestern","Tjelesna stra\u017ea","vestern","Za dolar vi\u0161e"],"articleSection":["Film","Umjetnost"],"inLanguage":"en-US","potentialAction":[{"@type":"CommentAction","name":"Comment","target":["https:\/\/portfolio.glazboteka.com\/kcm\/godisnjica-premijere-vesterna-za-dolar-vise-sergia-leonea\/#respond"]}]},{"@type":"WebPage","@id":"https:\/\/portfolio.glazboteka.com\/kcm\/godisnjica-premijere-vesterna-za-dolar-vise-sergia-leonea\/","url":"https:\/\/portfolio.glazboteka.com\/kcm\/godisnjica-premijere-vesterna-za-dolar-vise-sergia-leonea\/","name":"Godi\u0161njica premijere vesterna Za dolar vi\u0161e Sergia Leonea - KCM","isPartOf":{"@id":"https:\/\/portfolio.glazboteka.com\/kcm\/#website"},"primaryImageOfPage":{"@id":"https:\/\/portfolio.glazboteka.com\/kcm\/godisnjica-premijere-vesterna-za-dolar-vise-sergia-leonea\/#primaryimage"},"image":{"@id":"https:\/\/portfolio.glazboteka.com\/kcm\/godisnjica-premijere-vesterna-za-dolar-vise-sergia-leonea\/#primaryimage"},"thumbnailUrl":"https:\/\/portfolio.glazboteka.com\/kcm\/wp-content\/uploads\/2023\/12\/Za-dolar-vise.jpg","datePublished":"2023-12-18T18:02:10+00:00","dateModified":"2023-12-24T00:34:28+00:00","description":"U sredi\u0161njem nastavku tzv. dolarske trilogije Sergio Leone kao suscenarist i redatelj nastavio je razvijati autorski prosede iz prvog dijela...","inLanguage":"en-US","potentialAction":[{"@type":"ReadAction","target":["https:\/\/portfolio.glazboteka.com\/kcm\/godisnjica-premijere-vesterna-za-dolar-vise-sergia-leonea\/"]}]},{"@type":"ImageObject","inLanguage":"en-US","@id":"https:\/\/portfolio.glazboteka.com\/kcm\/godisnjica-premijere-vesterna-za-dolar-vise-sergia-leonea\/#primaryimage","url":"https:\/\/portfolio.glazboteka.com\/kcm\/wp-content\/uploads\/2023\/12\/Za-dolar-vise.jpg","contentUrl":"https:\/\/portfolio.glazboteka.com\/kcm\/wp-content\/uploads\/2023\/12\/Za-dolar-vise.jpg","width":1000,"height":1500},{"@type":"WebSite","@id":"https:\/\/portfolio.glazboteka.com\/kcm\/#website","url":"https:\/\/portfolio.glazboteka.com\/kcm\/","name":"KCM","description":"Kulturni centar Multimedija","publisher":{"@id":"https:\/\/portfolio.glazboteka.com\/kcm\/#organization"},"potentialAction":[{"@type":"SearchAction","target":{"@type":"EntryPoint","urlTemplate":"https:\/\/portfolio.glazboteka.com\/kcm\/?s={search_term_string}"},"query-input":{"@type":"PropertyValueSpecification","valueRequired":true,"valueName":"search_term_string"}}],"inLanguage":"en-US"},{"@type":"Organization","@id":"https:\/\/portfolio.glazboteka.com\/kcm\/#organization","name":"KCM","url":"https:\/\/portfolio.glazboteka.com\/kcm\/","logo":{"@type":"ImageObject","inLanguage":"en-US","@id":"https:\/\/portfolio.glazboteka.com\/kcm\/#\/schema\/logo\/image\/","url":"https:\/\/portfolio.glazboteka.com\/kcm\/wp-content\/uploads\/2022\/10\/KCM.jpg","contentUrl":"https:\/\/portfolio.glazboteka.com\/kcm\/wp-content\/uploads\/2022\/10\/KCM.jpg","width":476,"height":419,"caption":"KCM"},"image":{"@id":"https:\/\/portfolio.glazboteka.com\/kcm\/#\/schema\/logo\/image\/"},"sameAs":["https:\/\/www.facebook.com\/KCMedija\/","https:\/\/www.instagram.com\/kulturni_centar_mesnicka\/"]},{"@type":"Person","@id":"https:\/\/portfolio.glazboteka.com\/kcm\/#\/schema\/person\/cc28eab64249ba0ee0cd57119ad6cfb1","name":"admin","image":{"@type":"ImageObject","inLanguage":"en-US","@id":"https:\/\/portfolio.glazboteka.com\/kcm\/#\/schema\/person\/image\/","url":"https:\/\/secure.gravatar.com\/avatar\/adae78b005d32aabac5987ff3384a3c6da92fed0f1d86d3d250df8978a593a3f?s=96&d=mm&r=g","contentUrl":"https:\/\/secure.gravatar.com\/avatar\/adae78b005d32aabac5987ff3384a3c6da92fed0f1d86d3d250df8978a593a3f?s=96&d=mm&r=g","caption":"admin"},"sameAs":["https:\/\/portfolio.glazboteka.com\/kcm"],"url":"https:\/\/portfolio.glazboteka.com\/kcm\/author\/admin\/"}]}},"_links":{"self":[{"href":"https:\/\/portfolio.glazboteka.com\/kcm\/wp-json\/wp\/v2\/posts\/9606","targetHints":{"allow":["GET"]}}],"collection":[{"href":"https:\/\/portfolio.glazboteka.com\/kcm\/wp-json\/wp\/v2\/posts"}],"about":[{"href":"https:\/\/portfolio.glazboteka.com\/kcm\/wp-json\/wp\/v2\/types\/post"}],"author":[{"embeddable":true,"href":"https:\/\/portfolio.glazboteka.com\/kcm\/wp-json\/wp\/v2\/users\/1"}],"replies":[{"embeddable":true,"href":"https:\/\/portfolio.glazboteka.com\/kcm\/wp-json\/wp\/v2\/comments?post=9606"}],"version-history":[{"count":0,"href":"https:\/\/portfolio.glazboteka.com\/kcm\/wp-json\/wp\/v2\/posts\/9606\/revisions"}],"wp:featuredmedia":[{"embeddable":true,"href":"https:\/\/portfolio.glazboteka.com\/kcm\/wp-json\/wp\/v2\/media\/9608"}],"wp:attachment":[{"href":"https:\/\/portfolio.glazboteka.com\/kcm\/wp-json\/wp\/v2\/media?parent=9606"}],"wp:term":[{"taxonomy":"category","embeddable":true,"href":"https:\/\/portfolio.glazboteka.com\/kcm\/wp-json\/wp\/v2\/categories?post=9606"},{"taxonomy":"post_tag","embeddable":true,"href":"https:\/\/portfolio.glazboteka.com\/kcm\/wp-json\/wp\/v2\/tags?post=9606"}],"curies":[{"name":"wp","href":"https:\/\/api.w.org\/{rel}","templated":true}]}}