{"id":9812,"date":"2023-07-30T15:58:51","date_gmt":"2023-07-30T13:58:51","guid":{"rendered":"https:\/\/portfolio.glazboteka.com\/kcm\/?p=9812"},"modified":"2024-01-12T18:46:20","modified_gmt":"2024-01-12T17:46:20","slug":"godisnjica-premijere-filma-batman-redatelja-leslieja-h-martinsona","status":"publish","type":"post","link":"https:\/\/portfolio.glazboteka.com\/kcm\/godisnjica-premijere-filma-batman-redatelja-leslieja-h-martinsona\/","title":{"rendered":"Godi\u0161njica premijere filma Batman redatelja Leslieja H. Martinsona"},"content":{"rendered":"<p>Na dana\u0161nji dan, 30. srpnja 1966. godine u Paramount Theatreu u Austinu (Teksas) premijeru je imao ameri\u010dki pustolovni film &#8220;Batman&#8221; u re\u017eiji Leslieja H. Martinsona. Taj \u0107e film ostati upam\u0107en i kao prva (i uspjela) cjelove\u010dernja filmska adaptacija stripa o Batmanu.<\/p>\n<p>Nastao je u vrijeme snimanja istoimene popularne TV serije od koje je preuzeo op\u0107i ton, kao i najve\u0107i dio gluma\u010dke ekipe, \u0161to uklju\u010duje likove Batmana i Robina, koje glume Adam West i Burt Ward, te likove negativaca kao \u0161to su Joker i Penguin, koje tuma\u010de Burgess Meredith i Cesar Romero, a prikazan je izme\u0111u prve i druge sezone.<\/p>\n<p>Radnja donosi pri\u010du u kojoj ujedinjeni negativci nastoje zavladati svijetom tako \u0161to stvore ure\u0111aj kojim \u017eele dehidrirati sve \u010dlanove Vije\u0107a sigurnosti Ujedinjenih naroda, a Batman i Robin poku\u0161at \u0107e ih u tome sprije\u010diti. Kritike su uglavnom bile pozitivne, ali film je ostao zasjenjen serijom koja se po\u010dela emitirati 12. sije\u010dnja i nastavila se snimati sljede\u0107e dvije godine. Mo\u017eda ba\u0161 zbog toga prvom &#8220;pravom&#8221; filmskom adaptacijom Batmana ipak se smatra ona u re\u017eiji Tima Burtona iz 1989. godine.<\/p>\n<p>Osim spomenutog Westa, Warda, Mereditha i Romera, u ovom &#8220;Batmanu&#8221; pojavljuje se i Lee Meriwether u ulozi \u017dene Ma\u010dke; Riddlera glumi Frank Gorshin, komesara Jamesa Gordona igra Neil Hamilton, a u ulozi neizostavnog batlera Alfreda Pennywortha pojavljuje se Alan Napier.<\/p>\n<p><strong>Goran \u010celig<\/strong><\/p>\n","protected":false},"excerpt":{"rendered":"<p>Kritike su uglavnom bile pozitivne, ali film ostao zasjenjen serijom koja se po\u010dela emitirati 12. sije\u010dnja i nastavila se snimati sljede\u0107e dvije godine.<\/p>\n","protected":false},"author":1,"featured_media":9814,"comment_status":"open","ping_status":"open","sticky":false,"template":"","format":"standard","meta":{"ngg_post_thumbnail":0,"ocean_post_layout":"","ocean_both_sidebars_style":"","ocean_both_sidebars_content_width":0,"ocean_both_sidebars_sidebars_width":0,"ocean_sidebar":"0","ocean_second_sidebar":"0","ocean_disable_margins":"enable","ocean_add_body_class":"","ocean_shortcode_before_top_bar":"","ocean_shortcode_after_top_bar":"","ocean_shortcode_before_header":"","ocean_shortcode_after_header":"","ocean_has_shortcode":"","ocean_shortcode_after_title":"","ocean_shortcode_before_footer_widgets":"","ocean_shortcode_after_footer_widgets":"","ocean_shortcode_before_footer_bottom":"","ocean_shortcode_after_footer_bottom":"","ocean_display_top_bar":"default","ocean_display_header":"default","ocean_header_style":"","ocean_center_header_left_menu":"0","ocean_custom_header_template":"0","ocean_custom_logo":0,"ocean_custom_retina_logo":0,"ocean_custom_logo_max_width":0,"ocean_custom_logo_tablet_max_width":0,"ocean_custom_logo_mobile_max_width":0,"ocean_custom_logo_max_height":0,"ocean_custom_logo_tablet_max_height":0,"ocean_custom_logo_mobile_max_height":0,"ocean_header_custom_menu":"0","ocean_menu_typo_font_family":"0","ocean_menu_typo_font_subset":"","ocean_menu_typo_font_size":0,"ocean_menu_typo_font_size_tablet":0,"ocean_menu_typo_font_size_mobile":0,"ocean_menu_typo_font_size_unit":"px","ocean_menu_typo_font_weight":"","ocean_menu_typo_font_weight_tablet":"","ocean_menu_typo_font_weight_mobile":"","ocean_menu_typo_transform":"","ocean_menu_typo_transform_tablet":"","ocean_menu_typo_transform_mobile":"","ocean_menu_typo_line_height":0,"ocean_menu_typo_line_height_tablet":0,"ocean_menu_typo_line_height_mobile":0,"ocean_menu_typo_line_height_unit":"","ocean_menu_typo_spacing":0,"ocean_menu_typo_spacing_tablet":0,"ocean_menu_typo_spacing_mobile":0,"ocean_menu_typo_spacing_unit":"","ocean_menu_link_color":"","ocean_menu_link_color_hover":"","ocean_menu_link_color_active":"","ocean_menu_link_background":"","ocean_menu_link_hover_background":"","ocean_menu_link_active_background":"","ocean_menu_social_links_bg":"","ocean_menu_social_hover_links_bg":"","ocean_menu_social_links_color":"","ocean_menu_social_hover_links_color":"","ocean_disable_title":"default","ocean_disable_heading":"default","ocean_post_title":"","ocean_post_subheading":"","ocean_post_title_style":"","ocean_post_title_background_color":"","ocean_post_title_background":0,"ocean_post_title_bg_image_position":"","ocean_post_title_bg_image_attachment":"","ocean_post_title_bg_image_repeat":"","ocean_post_title_bg_image_size":"","ocean_post_title_height":0,"ocean_post_title_bg_overlay":0.5,"ocean_post_title_bg_overlay_color":"","ocean_disable_breadcrumbs":"default","ocean_breadcrumbs_color":"","ocean_breadcrumbs_separator_color":"","ocean_breadcrumbs_links_color":"","ocean_breadcrumbs_links_hover_color":"","ocean_display_footer_widgets":"default","ocean_display_footer_bottom":"default","ocean_custom_footer_template":"0","ocean_post_oembed":"","ocean_post_self_hosted_media":"","ocean_post_video_embed":"","ocean_link_format":"","ocean_link_format_target":"self","ocean_quote_format":"","ocean_quote_format_link":"post","ocean_gallery_link_images":"on","ocean_gallery_id":[],"footnotes":""},"categories":[53,227],"tags":[9456,9454,9455,5804,5633,9457,9459,5310,9460,9458,9453],"class_list":["post-9812","post","type-post","status-publish","format-standard","has-post-thumbnail","hentry","category-film","category-umjetnost","tag-adam-west","tag-batman","tag-bill-finger","tag-bob-kane","tag-burgess-meredith","tag-burt-ward","tag-cesar-romero","tag-filmovi-o-superherojima","tag-frank-gorshin","tag-lee-meriwether","tag-leslie-h-martinson","entry","has-media"],"yoast_head":"<!-- This site is optimized with the Yoast SEO plugin v24.9 - https:\/\/yoast.com\/wordpress\/plugins\/seo\/ -->\n<title>Godi\u0161njica premijere filma Batman redatelja Leslieja H. Martinsona - KCM<\/title>\n<meta name=\"description\" content=\"Kritike su uglavnom bile pozitivne, ali film ostao zasjenjen serijom koja se po\u010dela emitirati 12. sije\u010dnja i nastavila se snimati sljede\u0107e dvije godine.\" \/>\n<meta name=\"robots\" content=\"index, follow, max-snippet:-1, max-image-preview:large, max-video-preview:-1\" \/>\n<link rel=\"canonical\" href=\"https:\/\/portfolio.glazboteka.com\/kcm\/godisnjica-premijere-filma-batman-redatelja-leslieja-h-martinsona\/\" \/>\n<meta property=\"og:locale\" content=\"en_US\" \/>\n<meta property=\"og:type\" content=\"article\" \/>\n<meta property=\"og:title\" content=\"Godi\u0161njica premijere filma Batman redatelja Leslieja H. Martinsona - KCM\" \/>\n<meta property=\"og:description\" content=\"Kritike su uglavnom bile pozitivne, ali film ostao zasjenjen serijom koja se po\u010dela emitirati 12. sije\u010dnja i nastavila se snimati sljede\u0107e dvije godine.\" \/>\n<meta property=\"og:url\" content=\"https:\/\/portfolio.glazboteka.com\/kcm\/godisnjica-premijere-filma-batman-redatelja-leslieja-h-martinsona\/\" \/>\n<meta property=\"og:site_name\" content=\"KCM\" \/>\n<meta property=\"article:publisher\" content=\"https:\/\/www.facebook.com\/KCMedija\/\" \/>\n<meta property=\"article:published_time\" content=\"2023-07-30T13:58:51+00:00\" \/>\n<meta property=\"article:modified_time\" content=\"2024-01-12T17:46:20+00:00\" \/>\n<meta property=\"og:image\" content=\"https:\/\/portfolio.glazboteka.com\/kcm\/wp-content\/uploads\/2023\/07\/Batman.jpg\" \/>\n\t<meta property=\"og:image:width\" content=\"780\" \/>\n\t<meta property=\"og:image:height\" content=\"1170\" \/>\n\t<meta property=\"og:image:type\" content=\"image\/jpeg\" \/>\n<meta name=\"author\" content=\"admin\" \/>\n<meta name=\"twitter:card\" content=\"summary_large_image\" \/>\n<meta name=\"twitter:label1\" content=\"Written by\" \/>\n\t<meta name=\"twitter:data1\" content=\"admin\" \/>\n\t<meta name=\"twitter:label2\" content=\"Est. reading time\" \/>\n\t<meta name=\"twitter:data2\" content=\"1 minute\" \/>\n<script type=\"application\/ld+json\" class=\"yoast-schema-graph\">{\"@context\":\"https:\/\/schema.org\",\"@graph\":[{\"@type\":\"Article\",\"@id\":\"https:\/\/portfolio.glazboteka.com\/kcm\/godisnjica-premijere-filma-batman-redatelja-leslieja-h-martinsona\/#article\",\"isPartOf\":{\"@id\":\"https:\/\/portfolio.glazboteka.com\/kcm\/godisnjica-premijere-filma-batman-redatelja-leslieja-h-martinsona\/\"},\"author\":{\"name\":\"admin\",\"@id\":\"https:\/\/portfolio.glazboteka.com\/kcm\/#\/schema\/person\/cc28eab64249ba0ee0cd57119ad6cfb1\"},\"headline\":\"Godi\u0161njica premijere filma Batman redatelja Leslieja H. Martinsona\",\"datePublished\":\"2023-07-30T13:58:51+00:00\",\"dateModified\":\"2024-01-12T17:46:20+00:00\",\"mainEntityOfPage\":{\"@id\":\"https:\/\/portfolio.glazboteka.com\/kcm\/godisnjica-premijere-filma-batman-redatelja-leslieja-h-martinsona\/\"},\"wordCount\":245,\"commentCount\":0,\"publisher\":{\"@id\":\"https:\/\/portfolio.glazboteka.com\/kcm\/#organization\"},\"image\":{\"@id\":\"https:\/\/portfolio.glazboteka.com\/kcm\/godisnjica-premijere-filma-batman-redatelja-leslieja-h-martinsona\/#primaryimage\"},\"thumbnailUrl\":\"https:\/\/portfolio.glazboteka.com\/kcm\/wp-content\/uploads\/2023\/07\/Batman.jpg\",\"keywords\":[\"Adam West\",\"Batman\",\"Bill Finger\",\"Bob Kane\",\"Burgess Meredith\",\"Burt Ward\",\"Cesar Romero\",\"filmovi o superherojima\",\"Frank Gorshin\",\"Lee Meriwether\",\"Leslie H. Martinson\"],\"articleSection\":[\"Film\",\"Umjetnost\"],\"inLanguage\":\"en-US\",\"potentialAction\":[{\"@type\":\"CommentAction\",\"name\":\"Comment\",\"target\":[\"https:\/\/portfolio.glazboteka.com\/kcm\/godisnjica-premijere-filma-batman-redatelja-leslieja-h-martinsona\/#respond\"]}]},{\"@type\":\"WebPage\",\"@id\":\"https:\/\/portfolio.glazboteka.com\/kcm\/godisnjica-premijere-filma-batman-redatelja-leslieja-h-martinsona\/\",\"url\":\"https:\/\/portfolio.glazboteka.com\/kcm\/godisnjica-premijere-filma-batman-redatelja-leslieja-h-martinsona\/\",\"name\":\"Godi\u0161njica premijere filma Batman redatelja Leslieja H. Martinsona - KCM\",\"isPartOf\":{\"@id\":\"https:\/\/portfolio.glazboteka.com\/kcm\/#website\"},\"primaryImageOfPage\":{\"@id\":\"https:\/\/portfolio.glazboteka.com\/kcm\/godisnjica-premijere-filma-batman-redatelja-leslieja-h-martinsona\/#primaryimage\"},\"image\":{\"@id\":\"https:\/\/portfolio.glazboteka.com\/kcm\/godisnjica-premijere-filma-batman-redatelja-leslieja-h-martinsona\/#primaryimage\"},\"thumbnailUrl\":\"https:\/\/portfolio.glazboteka.com\/kcm\/wp-content\/uploads\/2023\/07\/Batman.jpg\",\"datePublished\":\"2023-07-30T13:58:51+00:00\",\"dateModified\":\"2024-01-12T17:46:20+00:00\",\"description\":\"Kritike su uglavnom bile pozitivne, ali film ostao zasjenjen serijom koja se po\u010dela emitirati 12. sije\u010dnja i nastavila se snimati sljede\u0107e dvije godine.\",\"inLanguage\":\"en-US\",\"potentialAction\":[{\"@type\":\"ReadAction\",\"target\":[\"https:\/\/portfolio.glazboteka.com\/kcm\/godisnjica-premijere-filma-batman-redatelja-leslieja-h-martinsona\/\"]}]},{\"@type\":\"ImageObject\",\"inLanguage\":\"en-US\",\"@id\":\"https:\/\/portfolio.glazboteka.com\/kcm\/godisnjica-premijere-filma-batman-redatelja-leslieja-h-martinsona\/#primaryimage\",\"url\":\"https:\/\/portfolio.glazboteka.com\/kcm\/wp-content\/uploads\/2023\/07\/Batman.jpg\",\"contentUrl\":\"https:\/\/portfolio.glazboteka.com\/kcm\/wp-content\/uploads\/2023\/07\/Batman.jpg\",\"width\":780,\"height\":1170},{\"@type\":\"WebSite\",\"@id\":\"https:\/\/portfolio.glazboteka.com\/kcm\/#website\",\"url\":\"https:\/\/portfolio.glazboteka.com\/kcm\/\",\"name\":\"KCM\",\"description\":\"Kulturni centar Multimedija\",\"publisher\":{\"@id\":\"https:\/\/portfolio.glazboteka.com\/kcm\/#organization\"},\"potentialAction\":[{\"@type\":\"SearchAction\",\"target\":{\"@type\":\"EntryPoint\",\"urlTemplate\":\"https:\/\/portfolio.glazboteka.com\/kcm\/?s={search_term_string}\"},\"query-input\":{\"@type\":\"PropertyValueSpecification\",\"valueRequired\":true,\"valueName\":\"search_term_string\"}}],\"inLanguage\":\"en-US\"},{\"@type\":\"Organization\",\"@id\":\"https:\/\/portfolio.glazboteka.com\/kcm\/#organization\",\"name\":\"KCM\",\"url\":\"https:\/\/portfolio.glazboteka.com\/kcm\/\",\"logo\":{\"@type\":\"ImageObject\",\"inLanguage\":\"en-US\",\"@id\":\"https:\/\/portfolio.glazboteka.com\/kcm\/#\/schema\/logo\/image\/\",\"url\":\"https:\/\/portfolio.glazboteka.com\/kcm\/wp-content\/uploads\/2022\/10\/KCM.jpg\",\"contentUrl\":\"https:\/\/portfolio.glazboteka.com\/kcm\/wp-content\/uploads\/2022\/10\/KCM.jpg\",\"width\":476,\"height\":419,\"caption\":\"KCM\"},\"image\":{\"@id\":\"https:\/\/portfolio.glazboteka.com\/kcm\/#\/schema\/logo\/image\/\"},\"sameAs\":[\"https:\/\/www.facebook.com\/KCMedija\/\",\"https:\/\/www.instagram.com\/kulturni_centar_mesnicka\/\"]},{\"@type\":\"Person\",\"@id\":\"https:\/\/portfolio.glazboteka.com\/kcm\/#\/schema\/person\/cc28eab64249ba0ee0cd57119ad6cfb1\",\"name\":\"admin\",\"image\":{\"@type\":\"ImageObject\",\"inLanguage\":\"en-US\",\"@id\":\"https:\/\/portfolio.glazboteka.com\/kcm\/#\/schema\/person\/image\/\",\"url\":\"https:\/\/secure.gravatar.com\/avatar\/adae78b005d32aabac5987ff3384a3c6da92fed0f1d86d3d250df8978a593a3f?s=96&d=mm&r=g\",\"contentUrl\":\"https:\/\/secure.gravatar.com\/avatar\/adae78b005d32aabac5987ff3384a3c6da92fed0f1d86d3d250df8978a593a3f?s=96&d=mm&r=g\",\"caption\":\"admin\"},\"sameAs\":[\"https:\/\/portfolio.glazboteka.com\/kcm\"],\"url\":\"https:\/\/portfolio.glazboteka.com\/kcm\/author\/admin\/\"}]}<\/script>\n<!-- \/ Yoast SEO plugin. -->","yoast_head_json":{"title":"Godi\u0161njica premijere filma Batman redatelja Leslieja H. Martinsona - KCM","description":"Kritike su uglavnom bile pozitivne, ali film ostao zasjenjen serijom koja se po\u010dela emitirati 12. sije\u010dnja i nastavila se snimati sljede\u0107e dvije godine.","robots":{"index":"index","follow":"follow","max-snippet":"max-snippet:-1","max-image-preview":"max-image-preview:large","max-video-preview":"max-video-preview:-1"},"canonical":"https:\/\/portfolio.glazboteka.com\/kcm\/godisnjica-premijere-filma-batman-redatelja-leslieja-h-martinsona\/","og_locale":"en_US","og_type":"article","og_title":"Godi\u0161njica premijere filma Batman redatelja Leslieja H. Martinsona - KCM","og_description":"Kritike su uglavnom bile pozitivne, ali film ostao zasjenjen serijom koja se po\u010dela emitirati 12. sije\u010dnja i nastavila se snimati sljede\u0107e dvije godine.","og_url":"https:\/\/portfolio.glazboteka.com\/kcm\/godisnjica-premijere-filma-batman-redatelja-leslieja-h-martinsona\/","og_site_name":"KCM","article_publisher":"https:\/\/www.facebook.com\/KCMedija\/","article_published_time":"2023-07-30T13:58:51+00:00","article_modified_time":"2024-01-12T17:46:20+00:00","og_image":[{"width":780,"height":1170,"url":"https:\/\/portfolio.glazboteka.com\/kcm\/wp-content\/uploads\/2023\/07\/Batman.jpg","type":"image\/jpeg"}],"author":"admin","twitter_card":"summary_large_image","twitter_misc":{"Written by":"admin","Est. reading time":"1 minute"},"schema":{"@context":"https:\/\/schema.org","@graph":[{"@type":"Article","@id":"https:\/\/portfolio.glazboteka.com\/kcm\/godisnjica-premijere-filma-batman-redatelja-leslieja-h-martinsona\/#article","isPartOf":{"@id":"https:\/\/portfolio.glazboteka.com\/kcm\/godisnjica-premijere-filma-batman-redatelja-leslieja-h-martinsona\/"},"author":{"name":"admin","@id":"https:\/\/portfolio.glazboteka.com\/kcm\/#\/schema\/person\/cc28eab64249ba0ee0cd57119ad6cfb1"},"headline":"Godi\u0161njica premijere filma Batman redatelja Leslieja H. Martinsona","datePublished":"2023-07-30T13:58:51+00:00","dateModified":"2024-01-12T17:46:20+00:00","mainEntityOfPage":{"@id":"https:\/\/portfolio.glazboteka.com\/kcm\/godisnjica-premijere-filma-batman-redatelja-leslieja-h-martinsona\/"},"wordCount":245,"commentCount":0,"publisher":{"@id":"https:\/\/portfolio.glazboteka.com\/kcm\/#organization"},"image":{"@id":"https:\/\/portfolio.glazboteka.com\/kcm\/godisnjica-premijere-filma-batman-redatelja-leslieja-h-martinsona\/#primaryimage"},"thumbnailUrl":"https:\/\/portfolio.glazboteka.com\/kcm\/wp-content\/uploads\/2023\/07\/Batman.jpg","keywords":["Adam West","Batman","Bill Finger","Bob Kane","Burgess Meredith","Burt Ward","Cesar Romero","filmovi o superherojima","Frank Gorshin","Lee Meriwether","Leslie H. Martinson"],"articleSection":["Film","Umjetnost"],"inLanguage":"en-US","potentialAction":[{"@type":"CommentAction","name":"Comment","target":["https:\/\/portfolio.glazboteka.com\/kcm\/godisnjica-premijere-filma-batman-redatelja-leslieja-h-martinsona\/#respond"]}]},{"@type":"WebPage","@id":"https:\/\/portfolio.glazboteka.com\/kcm\/godisnjica-premijere-filma-batman-redatelja-leslieja-h-martinsona\/","url":"https:\/\/portfolio.glazboteka.com\/kcm\/godisnjica-premijere-filma-batman-redatelja-leslieja-h-martinsona\/","name":"Godi\u0161njica premijere filma Batman redatelja Leslieja H. Martinsona - KCM","isPartOf":{"@id":"https:\/\/portfolio.glazboteka.com\/kcm\/#website"},"primaryImageOfPage":{"@id":"https:\/\/portfolio.glazboteka.com\/kcm\/godisnjica-premijere-filma-batman-redatelja-leslieja-h-martinsona\/#primaryimage"},"image":{"@id":"https:\/\/portfolio.glazboteka.com\/kcm\/godisnjica-premijere-filma-batman-redatelja-leslieja-h-martinsona\/#primaryimage"},"thumbnailUrl":"https:\/\/portfolio.glazboteka.com\/kcm\/wp-content\/uploads\/2023\/07\/Batman.jpg","datePublished":"2023-07-30T13:58:51+00:00","dateModified":"2024-01-12T17:46:20+00:00","description":"Kritike su uglavnom bile pozitivne, ali film ostao zasjenjen serijom koja se po\u010dela emitirati 12. sije\u010dnja i nastavila se snimati sljede\u0107e dvije godine.","inLanguage":"en-US","potentialAction":[{"@type":"ReadAction","target":["https:\/\/portfolio.glazboteka.com\/kcm\/godisnjica-premijere-filma-batman-redatelja-leslieja-h-martinsona\/"]}]},{"@type":"ImageObject","inLanguage":"en-US","@id":"https:\/\/portfolio.glazboteka.com\/kcm\/godisnjica-premijere-filma-batman-redatelja-leslieja-h-martinsona\/#primaryimage","url":"https:\/\/portfolio.glazboteka.com\/kcm\/wp-content\/uploads\/2023\/07\/Batman.jpg","contentUrl":"https:\/\/portfolio.glazboteka.com\/kcm\/wp-content\/uploads\/2023\/07\/Batman.jpg","width":780,"height":1170},{"@type":"WebSite","@id":"https:\/\/portfolio.glazboteka.com\/kcm\/#website","url":"https:\/\/portfolio.glazboteka.com\/kcm\/","name":"KCM","description":"Kulturni centar Multimedija","publisher":{"@id":"https:\/\/portfolio.glazboteka.com\/kcm\/#organization"},"potentialAction":[{"@type":"SearchAction","target":{"@type":"EntryPoint","urlTemplate":"https:\/\/portfolio.glazboteka.com\/kcm\/?s={search_term_string}"},"query-input":{"@type":"PropertyValueSpecification","valueRequired":true,"valueName":"search_term_string"}}],"inLanguage":"en-US"},{"@type":"Organization","@id":"https:\/\/portfolio.glazboteka.com\/kcm\/#organization","name":"KCM","url":"https:\/\/portfolio.glazboteka.com\/kcm\/","logo":{"@type":"ImageObject","inLanguage":"en-US","@id":"https:\/\/portfolio.glazboteka.com\/kcm\/#\/schema\/logo\/image\/","url":"https:\/\/portfolio.glazboteka.com\/kcm\/wp-content\/uploads\/2022\/10\/KCM.jpg","contentUrl":"https:\/\/portfolio.glazboteka.com\/kcm\/wp-content\/uploads\/2022\/10\/KCM.jpg","width":476,"height":419,"caption":"KCM"},"image":{"@id":"https:\/\/portfolio.glazboteka.com\/kcm\/#\/schema\/logo\/image\/"},"sameAs":["https:\/\/www.facebook.com\/KCMedija\/","https:\/\/www.instagram.com\/kulturni_centar_mesnicka\/"]},{"@type":"Person","@id":"https:\/\/portfolio.glazboteka.com\/kcm\/#\/schema\/person\/cc28eab64249ba0ee0cd57119ad6cfb1","name":"admin","image":{"@type":"ImageObject","inLanguage":"en-US","@id":"https:\/\/portfolio.glazboteka.com\/kcm\/#\/schema\/person\/image\/","url":"https:\/\/secure.gravatar.com\/avatar\/adae78b005d32aabac5987ff3384a3c6da92fed0f1d86d3d250df8978a593a3f?s=96&d=mm&r=g","contentUrl":"https:\/\/secure.gravatar.com\/avatar\/adae78b005d32aabac5987ff3384a3c6da92fed0f1d86d3d250df8978a593a3f?s=96&d=mm&r=g","caption":"admin"},"sameAs":["https:\/\/portfolio.glazboteka.com\/kcm"],"url":"https:\/\/portfolio.glazboteka.com\/kcm\/author\/admin\/"}]}},"_links":{"self":[{"href":"https:\/\/portfolio.glazboteka.com\/kcm\/wp-json\/wp\/v2\/posts\/9812","targetHints":{"allow":["GET"]}}],"collection":[{"href":"https:\/\/portfolio.glazboteka.com\/kcm\/wp-json\/wp\/v2\/posts"}],"about":[{"href":"https:\/\/portfolio.glazboteka.com\/kcm\/wp-json\/wp\/v2\/types\/post"}],"author":[{"embeddable":true,"href":"https:\/\/portfolio.glazboteka.com\/kcm\/wp-json\/wp\/v2\/users\/1"}],"replies":[{"embeddable":true,"href":"https:\/\/portfolio.glazboteka.com\/kcm\/wp-json\/wp\/v2\/comments?post=9812"}],"version-history":[{"count":0,"href":"https:\/\/portfolio.glazboteka.com\/kcm\/wp-json\/wp\/v2\/posts\/9812\/revisions"}],"wp:featuredmedia":[{"embeddable":true,"href":"https:\/\/portfolio.glazboteka.com\/kcm\/wp-json\/wp\/v2\/media\/9814"}],"wp:attachment":[{"href":"https:\/\/portfolio.glazboteka.com\/kcm\/wp-json\/wp\/v2\/media?parent=9812"}],"wp:term":[{"taxonomy":"category","embeddable":true,"href":"https:\/\/portfolio.glazboteka.com\/kcm\/wp-json\/wp\/v2\/categories?post=9812"},{"taxonomy":"post_tag","embeddable":true,"href":"https:\/\/portfolio.glazboteka.com\/kcm\/wp-json\/wp\/v2\/tags?post=9812"}],"curies":[{"name":"wp","href":"https:\/\/api.w.org\/{rel}","templated":true}]}}