{"id":9871,"date":"2024-01-18T20:40:17","date_gmt":"2024-01-18T19:40:17","guid":{"rendered":"https:\/\/portfolio.glazboteka.com\/kcm\/?p=9871"},"modified":"2024-01-18T21:46:38","modified_gmt":"2024-01-18T20:46:38","slug":"godisnjica-objavljivanja-albuma-if-i-should-fall-from-grace-with-god-grupe-the-pogues","status":"publish","type":"post","link":"https:\/\/portfolio.glazboteka.com\/kcm\/godisnjica-objavljivanja-albuma-if-i-should-fall-from-grace-with-god-grupe-the-pogues\/","title":{"rendered":"Godi\u0161njica objavljivanja albuma If I Should Fall from Grace with God grupe The Pogues"},"content":{"rendered":"<p>&#8220;If I Should Fall from Grace with God&#8221; tre\u0107i je studijski album irskog <em>folk-punk<\/em> benda The Pogues, objavljen 18. sije\u010dnja 1988. godine. Pojavio se nakon objave superpopularnog hit-singla &#8220;Fairytale of New York&#8221;, zbog \u010dega je &#8220;If I Should Fall from Grace with God&#8221; postao i najprodavaniji album benda dosegnuv\u0161i tre\u0107e mjesto britanske ljestvice albuma.<\/p>\n<p>&#8220;If I Should Fall from Grace with God&#8221; bio je i njihov prvi album nakon odlaska originalne basistice Cait O&#8217;Riordan te priklju\u010denja novih glazbenika Darryla Hunta, Phila Chevrona i biv\u0161ega \u010dlana Steeleye Spana, Terryja Woodsa. Woods i Chevron (jedina dva \u010dlana The Poguesa koja su zapravo ro\u0111ena u Irskoj) napisali su i prve autorske pjesme The Poguesa koje nisu napisali pjeva\u010d Shane MacGowan ili svira\u010d bend\u017ea Jem Finer.<\/p>\n<p>Na albumu po\u010dinje se uo\u010davati kako se bend po\u010deo udaljavati od do tada isklju\u010divih irskih <em>folk<\/em> i <em>punk<\/em>-korijena po\u010dev\u0161i se zanimati za razli\u010dite glazbene stilove iz drugih dijelova svijeta, ponajvi\u0161e iz Turske i \u0160panjolske. Mnogi tekstovi pjesama vra\u0107aju se poznatim temama: irska emigracija ili njihov povratak u zemlju i prilago\u0111avanje promjenama koje su se dogodile nakon dugog izbivanja. I druge se pjesme zadr\u017eavaju na irskoj politi\u010dkoj povijesti ili za\u0161titi djece od problema s kojima se susre\u0107u kao odrasli&#8230;<\/p>\n<p>Kritika nije \u0161tedila hvale isti\u010du\u0107i kako &#8220;If I Should Fall from Grace with God&#8221; ozna\u010dava vrhunac komercijalnog uspjeha benda. Finer je plo\u010du nazvao &#8220;vrlo kohezivnim albumom koji se oslanjao na mnogo stilova. Album je stvarno kreativni vrhunac za mene, u smislu da je cijeli bend bio na istoj valnoj duljini.&#8221;<\/p>\n<p>Album je snimljen u Londonu pod producentskom palicom slavnog Stevea Lillywhitea, a snimila ga je sljede\u0107a postava The Poguesa: Shane MacGowan (vokal, gitara), Jem Finner (bend\u017eo, saksofon), Spider Stacy (zvi\u017edaljke i frulice), James Fearnley (klavijature, klavir, mandolina), Andrew Ranken (bubanj), Philip Chevron (gitara, mandolina), Darryl Hunt (bas) i Terry Woods (lutnja, guda\u010dki instrumenti).<\/p>\n<p>Popis pjesama: 1. If I Should Fall from Grace with God | 2. Turkish Song of the Damned | 3. Bottle of Smoke | 4. Fairytale of New York | 5. Metropolis | 6. Thousands Are Sailing | 7. South Australia (samo na CD-u) | 8. Fiesta | 9. Medley: The Recruiting Sergeant \/ The Rocky Road to Dublin \/ The Galway Races | 10. Streets of Sorrow \/ Birmingham Six | 11. Lullaby of London | 12. The Battle March Medley (samo na CD-u) | 13. Sit Down by the Fire | 14. The Broad Majestic Shannon | 15. Worms.<\/p>\n<p><strong>Goran \u010celig<\/strong><\/p>\n","protected":false},"excerpt":{"rendered":"<p>Na albumu po\u010dinje se uo\u010davati kako se bend po\u010deo udaljavati od do tada isklju\u010divih irskih folk i punk-korijena&#8230;<\/p>\n","protected":false},"author":1,"featured_media":9872,"comment_status":"open","ping_status":"open","sticky":false,"template":"","format":"standard","meta":{"ngg_post_thumbnail":0,"ocean_post_layout":"","ocean_both_sidebars_style":"","ocean_both_sidebars_content_width":0,"ocean_both_sidebars_sidebars_width":0,"ocean_sidebar":"0","ocean_second_sidebar":"0","ocean_disable_margins":"enable","ocean_add_body_class":"","ocean_shortcode_before_top_bar":"","ocean_shortcode_after_top_bar":"","ocean_shortcode_before_header":"","ocean_shortcode_after_header":"","ocean_has_shortcode":"","ocean_shortcode_after_title":"","ocean_shortcode_before_footer_widgets":"","ocean_shortcode_after_footer_widgets":"","ocean_shortcode_before_footer_bottom":"","ocean_shortcode_after_footer_bottom":"","ocean_display_top_bar":"default","ocean_display_header":"default","ocean_header_style":"","ocean_center_header_left_menu":"0","ocean_custom_header_template":"0","ocean_custom_logo":0,"ocean_custom_retina_logo":0,"ocean_custom_logo_max_width":0,"ocean_custom_logo_tablet_max_width":0,"ocean_custom_logo_mobile_max_width":0,"ocean_custom_logo_max_height":0,"ocean_custom_logo_tablet_max_height":0,"ocean_custom_logo_mobile_max_height":0,"ocean_header_custom_menu":"0","ocean_menu_typo_font_family":"0","ocean_menu_typo_font_subset":"","ocean_menu_typo_font_size":0,"ocean_menu_typo_font_size_tablet":0,"ocean_menu_typo_font_size_mobile":0,"ocean_menu_typo_font_size_unit":"px","ocean_menu_typo_font_weight":"","ocean_menu_typo_font_weight_tablet":"","ocean_menu_typo_font_weight_mobile":"","ocean_menu_typo_transform":"","ocean_menu_typo_transform_tablet":"","ocean_menu_typo_transform_mobile":"","ocean_menu_typo_line_height":0,"ocean_menu_typo_line_height_tablet":0,"ocean_menu_typo_line_height_mobile":0,"ocean_menu_typo_line_height_unit":"","ocean_menu_typo_spacing":0,"ocean_menu_typo_spacing_tablet":0,"ocean_menu_typo_spacing_mobile":0,"ocean_menu_typo_spacing_unit":"","ocean_menu_link_color":"","ocean_menu_link_color_hover":"","ocean_menu_link_color_active":"","ocean_menu_link_background":"","ocean_menu_link_hover_background":"","ocean_menu_link_active_background":"","ocean_menu_social_links_bg":"","ocean_menu_social_hover_links_bg":"","ocean_menu_social_links_color":"","ocean_menu_social_hover_links_color":"","ocean_disable_title":"default","ocean_disable_heading":"default","ocean_post_title":"","ocean_post_subheading":"","ocean_post_title_style":"","ocean_post_title_background_color":"","ocean_post_title_background":0,"ocean_post_title_bg_image_position":"","ocean_post_title_bg_image_attachment":"","ocean_post_title_bg_image_repeat":"","ocean_post_title_bg_image_size":"","ocean_post_title_height":0,"ocean_post_title_bg_overlay":0.5,"ocean_post_title_bg_overlay_color":"","ocean_disable_breadcrumbs":"default","ocean_breadcrumbs_color":"","ocean_breadcrumbs_separator_color":"","ocean_breadcrumbs_links_color":"","ocean_breadcrumbs_links_hover_color":"","ocean_display_footer_widgets":"default","ocean_display_footer_bottom":"default","ocean_custom_footer_template":"0","ocean_post_oembed":"","ocean_post_self_hosted_media":"","ocean_post_video_embed":"","ocean_link_format":"","ocean_link_format_target":"self","ocean_quote_format":"","ocean_quote_format_link":"post","ocean_gallery_link_images":"on","ocean_gallery_id":[],"footnotes":""},"categories":[4,227],"tags":[9528,9530,4822,3652,9522,9526,9527,9529,9524,9525,1991,9531,9523],"class_list":["post-9871","post","type-post","status-publish","format-standard","has-post-thumbnail","hentry","category-glazba","category-umjetnost","tag-andrew-ranken","tag-darryl-hunt","tag-folk-punk","tag-folk-rock","tag-if-i-should-fall-from-grace-with-god","tag-james-fearnley","tag-jem-finer","tag-philip-chevron","tag-shane-macgowan","tag-spider-stacy","tag-steve-lillywhite","tag-terry-woods","tag-the-pogues","entry","has-media"],"yoast_head":"<!-- This site is optimized with the Yoast SEO plugin v24.9 - https:\/\/yoast.com\/wordpress\/plugins\/seo\/ -->\n<title>Godi\u0161njica objavljivanja albuma If I Should Fall from Grace with God grupe The Pogues - KCM<\/title>\n<meta name=\"description\" content=\"Na albumu po\u010dinje se uo\u010davati kako se bend po\u010deo udaljavati od do tada isklju\u010divih irskih folk i punk-korijena...\" \/>\n<meta name=\"robots\" content=\"index, follow, max-snippet:-1, max-image-preview:large, max-video-preview:-1\" \/>\n<link rel=\"canonical\" href=\"https:\/\/portfolio.glazboteka.com\/kcm\/godisnjica-objavljivanja-albuma-if-i-should-fall-from-grace-with-god-grupe-the-pogues\/\" \/>\n<meta property=\"og:locale\" content=\"en_US\" \/>\n<meta property=\"og:type\" content=\"article\" \/>\n<meta property=\"og:title\" content=\"Godi\u0161njica objavljivanja albuma If I Should Fall from Grace with God grupe The Pogues - KCM\" \/>\n<meta property=\"og:description\" content=\"Na albumu po\u010dinje se uo\u010davati kako se bend po\u010deo udaljavati od do tada isklju\u010divih irskih folk i punk-korijena...\" \/>\n<meta property=\"og:url\" content=\"https:\/\/portfolio.glazboteka.com\/kcm\/godisnjica-objavljivanja-albuma-if-i-should-fall-from-grace-with-god-grupe-the-pogues\/\" \/>\n<meta property=\"og:site_name\" content=\"KCM\" \/>\n<meta property=\"article:publisher\" content=\"https:\/\/www.facebook.com\/KCMedija\/\" \/>\n<meta property=\"article:published_time\" content=\"2024-01-18T19:40:17+00:00\" \/>\n<meta property=\"article:modified_time\" content=\"2024-01-18T20:46:38+00:00\" \/>\n<meta property=\"og:image\" content=\"https:\/\/portfolio.glazboteka.com\/kcm\/wp-content\/uploads\/2024\/01\/If-I-Should-Fall-from-Grace-with-God.jpg\" \/>\n\t<meta property=\"og:image:width\" content=\"1500\" \/>\n\t<meta property=\"og:image:height\" content=\"1500\" \/>\n\t<meta property=\"og:image:type\" content=\"image\/jpeg\" \/>\n<meta name=\"author\" content=\"admin\" \/>\n<meta name=\"twitter:card\" content=\"summary_large_image\" \/>\n<meta name=\"twitter:label1\" content=\"Written by\" \/>\n\t<meta name=\"twitter:data1\" content=\"admin\" \/>\n\t<meta name=\"twitter:label2\" content=\"Est. reading time\" \/>\n\t<meta name=\"twitter:data2\" content=\"2 minutes\" \/>\n<script type=\"application\/ld+json\" class=\"yoast-schema-graph\">{\"@context\":\"https:\/\/schema.org\",\"@graph\":[{\"@type\":\"Article\",\"@id\":\"https:\/\/portfolio.glazboteka.com\/kcm\/godisnjica-objavljivanja-albuma-if-i-should-fall-from-grace-with-god-grupe-the-pogues\/#article\",\"isPartOf\":{\"@id\":\"https:\/\/portfolio.glazboteka.com\/kcm\/godisnjica-objavljivanja-albuma-if-i-should-fall-from-grace-with-god-grupe-the-pogues\/\"},\"author\":{\"name\":\"admin\",\"@id\":\"https:\/\/portfolio.glazboteka.com\/kcm\/#\/schema\/person\/cc28eab64249ba0ee0cd57119ad6cfb1\"},\"headline\":\"Godi\u0161njica objavljivanja albuma If I Should Fall from Grace with God grupe The Pogues\",\"datePublished\":\"2024-01-18T19:40:17+00:00\",\"dateModified\":\"2024-01-18T20:46:38+00:00\",\"mainEntityOfPage\":{\"@id\":\"https:\/\/portfolio.glazboteka.com\/kcm\/godisnjica-objavljivanja-albuma-if-i-should-fall-from-grace-with-god-grupe-the-pogues\/\"},\"wordCount\":417,\"commentCount\":0,\"publisher\":{\"@id\":\"https:\/\/portfolio.glazboteka.com\/kcm\/#organization\"},\"image\":{\"@id\":\"https:\/\/portfolio.glazboteka.com\/kcm\/godisnjica-objavljivanja-albuma-if-i-should-fall-from-grace-with-god-grupe-the-pogues\/#primaryimage\"},\"thumbnailUrl\":\"https:\/\/portfolio.glazboteka.com\/kcm\/wp-content\/uploads\/2024\/01\/If-I-Should-Fall-from-Grace-with-God.jpg\",\"keywords\":[\"Andrew Ranken\",\"Darryl Hunt\",\"folk-punk\",\"folk-rock\",\"If I Should Fall from Grace with God\",\"James Fearnley\",\"Jem Finer\",\"Philip Chevron\",\"Shane MacGowan\",\"Spider Stacy\",\"Steve Lillywhite\",\"Terry Woods\",\"The Pogues\"],\"articleSection\":[\"Glazba\",\"Umjetnost\"],\"inLanguage\":\"en-US\",\"potentialAction\":[{\"@type\":\"CommentAction\",\"name\":\"Comment\",\"target\":[\"https:\/\/portfolio.glazboteka.com\/kcm\/godisnjica-objavljivanja-albuma-if-i-should-fall-from-grace-with-god-grupe-the-pogues\/#respond\"]}]},{\"@type\":\"WebPage\",\"@id\":\"https:\/\/portfolio.glazboteka.com\/kcm\/godisnjica-objavljivanja-albuma-if-i-should-fall-from-grace-with-god-grupe-the-pogues\/\",\"url\":\"https:\/\/portfolio.glazboteka.com\/kcm\/godisnjica-objavljivanja-albuma-if-i-should-fall-from-grace-with-god-grupe-the-pogues\/\",\"name\":\"Godi\u0161njica objavljivanja albuma If I Should Fall from Grace with God grupe The Pogues - KCM\",\"isPartOf\":{\"@id\":\"https:\/\/portfolio.glazboteka.com\/kcm\/#website\"},\"primaryImageOfPage\":{\"@id\":\"https:\/\/portfolio.glazboteka.com\/kcm\/godisnjica-objavljivanja-albuma-if-i-should-fall-from-grace-with-god-grupe-the-pogues\/#primaryimage\"},\"image\":{\"@id\":\"https:\/\/portfolio.glazboteka.com\/kcm\/godisnjica-objavljivanja-albuma-if-i-should-fall-from-grace-with-god-grupe-the-pogues\/#primaryimage\"},\"thumbnailUrl\":\"https:\/\/portfolio.glazboteka.com\/kcm\/wp-content\/uploads\/2024\/01\/If-I-Should-Fall-from-Grace-with-God.jpg\",\"datePublished\":\"2024-01-18T19:40:17+00:00\",\"dateModified\":\"2024-01-18T20:46:38+00:00\",\"description\":\"Na albumu po\u010dinje se uo\u010davati kako se bend po\u010deo udaljavati od do tada isklju\u010divih irskih folk i punk-korijena...\",\"inLanguage\":\"en-US\",\"potentialAction\":[{\"@type\":\"ReadAction\",\"target\":[\"https:\/\/portfolio.glazboteka.com\/kcm\/godisnjica-objavljivanja-albuma-if-i-should-fall-from-grace-with-god-grupe-the-pogues\/\"]}]},{\"@type\":\"ImageObject\",\"inLanguage\":\"en-US\",\"@id\":\"https:\/\/portfolio.glazboteka.com\/kcm\/godisnjica-objavljivanja-albuma-if-i-should-fall-from-grace-with-god-grupe-the-pogues\/#primaryimage\",\"url\":\"https:\/\/portfolio.glazboteka.com\/kcm\/wp-content\/uploads\/2024\/01\/If-I-Should-Fall-from-Grace-with-God.jpg\",\"contentUrl\":\"https:\/\/portfolio.glazboteka.com\/kcm\/wp-content\/uploads\/2024\/01\/If-I-Should-Fall-from-Grace-with-God.jpg\",\"width\":1500,\"height\":1500},{\"@type\":\"WebSite\",\"@id\":\"https:\/\/portfolio.glazboteka.com\/kcm\/#website\",\"url\":\"https:\/\/portfolio.glazboteka.com\/kcm\/\",\"name\":\"KCM\",\"description\":\"Kulturni centar Multimedija\",\"publisher\":{\"@id\":\"https:\/\/portfolio.glazboteka.com\/kcm\/#organization\"},\"potentialAction\":[{\"@type\":\"SearchAction\",\"target\":{\"@type\":\"EntryPoint\",\"urlTemplate\":\"https:\/\/portfolio.glazboteka.com\/kcm\/?s={search_term_string}\"},\"query-input\":{\"@type\":\"PropertyValueSpecification\",\"valueRequired\":true,\"valueName\":\"search_term_string\"}}],\"inLanguage\":\"en-US\"},{\"@type\":\"Organization\",\"@id\":\"https:\/\/portfolio.glazboteka.com\/kcm\/#organization\",\"name\":\"KCM\",\"url\":\"https:\/\/portfolio.glazboteka.com\/kcm\/\",\"logo\":{\"@type\":\"ImageObject\",\"inLanguage\":\"en-US\",\"@id\":\"https:\/\/portfolio.glazboteka.com\/kcm\/#\/schema\/logo\/image\/\",\"url\":\"https:\/\/portfolio.glazboteka.com\/kcm\/wp-content\/uploads\/2022\/10\/KCM.jpg\",\"contentUrl\":\"https:\/\/portfolio.glazboteka.com\/kcm\/wp-content\/uploads\/2022\/10\/KCM.jpg\",\"width\":476,\"height\":419,\"caption\":\"KCM\"},\"image\":{\"@id\":\"https:\/\/portfolio.glazboteka.com\/kcm\/#\/schema\/logo\/image\/\"},\"sameAs\":[\"https:\/\/www.facebook.com\/KCMedija\/\",\"https:\/\/www.instagram.com\/kulturni_centar_mesnicka\/\"]},{\"@type\":\"Person\",\"@id\":\"https:\/\/portfolio.glazboteka.com\/kcm\/#\/schema\/person\/cc28eab64249ba0ee0cd57119ad6cfb1\",\"name\":\"admin\",\"image\":{\"@type\":\"ImageObject\",\"inLanguage\":\"en-US\",\"@id\":\"https:\/\/portfolio.glazboteka.com\/kcm\/#\/schema\/person\/image\/\",\"url\":\"https:\/\/secure.gravatar.com\/avatar\/adae78b005d32aabac5987ff3384a3c6da92fed0f1d86d3d250df8978a593a3f?s=96&d=mm&r=g\",\"contentUrl\":\"https:\/\/secure.gravatar.com\/avatar\/adae78b005d32aabac5987ff3384a3c6da92fed0f1d86d3d250df8978a593a3f?s=96&d=mm&r=g\",\"caption\":\"admin\"},\"sameAs\":[\"https:\/\/portfolio.glazboteka.com\/kcm\"],\"url\":\"https:\/\/portfolio.glazboteka.com\/kcm\/author\/admin\/\"}]}<\/script>\n<!-- \/ Yoast SEO plugin. -->","yoast_head_json":{"title":"Godi\u0161njica objavljivanja albuma If I Should Fall from Grace with God grupe The Pogues - KCM","description":"Na albumu po\u010dinje se uo\u010davati kako se bend po\u010deo udaljavati od do tada isklju\u010divih irskih folk i punk-korijena...","robots":{"index":"index","follow":"follow","max-snippet":"max-snippet:-1","max-image-preview":"max-image-preview:large","max-video-preview":"max-video-preview:-1"},"canonical":"https:\/\/portfolio.glazboteka.com\/kcm\/godisnjica-objavljivanja-albuma-if-i-should-fall-from-grace-with-god-grupe-the-pogues\/","og_locale":"en_US","og_type":"article","og_title":"Godi\u0161njica objavljivanja albuma If I Should Fall from Grace with God grupe The Pogues - KCM","og_description":"Na albumu po\u010dinje se uo\u010davati kako se bend po\u010deo udaljavati od do tada isklju\u010divih irskih folk i punk-korijena...","og_url":"https:\/\/portfolio.glazboteka.com\/kcm\/godisnjica-objavljivanja-albuma-if-i-should-fall-from-grace-with-god-grupe-the-pogues\/","og_site_name":"KCM","article_publisher":"https:\/\/www.facebook.com\/KCMedija\/","article_published_time":"2024-01-18T19:40:17+00:00","article_modified_time":"2024-01-18T20:46:38+00:00","og_image":[{"width":1500,"height":1500,"url":"https:\/\/portfolio.glazboteka.com\/kcm\/wp-content\/uploads\/2024\/01\/If-I-Should-Fall-from-Grace-with-God.jpg","type":"image\/jpeg"}],"author":"admin","twitter_card":"summary_large_image","twitter_misc":{"Written by":"admin","Est. reading time":"2 minutes"},"schema":{"@context":"https:\/\/schema.org","@graph":[{"@type":"Article","@id":"https:\/\/portfolio.glazboteka.com\/kcm\/godisnjica-objavljivanja-albuma-if-i-should-fall-from-grace-with-god-grupe-the-pogues\/#article","isPartOf":{"@id":"https:\/\/portfolio.glazboteka.com\/kcm\/godisnjica-objavljivanja-albuma-if-i-should-fall-from-grace-with-god-grupe-the-pogues\/"},"author":{"name":"admin","@id":"https:\/\/portfolio.glazboteka.com\/kcm\/#\/schema\/person\/cc28eab64249ba0ee0cd57119ad6cfb1"},"headline":"Godi\u0161njica objavljivanja albuma If I Should Fall from Grace with God grupe The Pogues","datePublished":"2024-01-18T19:40:17+00:00","dateModified":"2024-01-18T20:46:38+00:00","mainEntityOfPage":{"@id":"https:\/\/portfolio.glazboteka.com\/kcm\/godisnjica-objavljivanja-albuma-if-i-should-fall-from-grace-with-god-grupe-the-pogues\/"},"wordCount":417,"commentCount":0,"publisher":{"@id":"https:\/\/portfolio.glazboteka.com\/kcm\/#organization"},"image":{"@id":"https:\/\/portfolio.glazboteka.com\/kcm\/godisnjica-objavljivanja-albuma-if-i-should-fall-from-grace-with-god-grupe-the-pogues\/#primaryimage"},"thumbnailUrl":"https:\/\/portfolio.glazboteka.com\/kcm\/wp-content\/uploads\/2024\/01\/If-I-Should-Fall-from-Grace-with-God.jpg","keywords":["Andrew Ranken","Darryl Hunt","folk-punk","folk-rock","If I Should Fall from Grace with God","James Fearnley","Jem Finer","Philip Chevron","Shane MacGowan","Spider Stacy","Steve Lillywhite","Terry Woods","The Pogues"],"articleSection":["Glazba","Umjetnost"],"inLanguage":"en-US","potentialAction":[{"@type":"CommentAction","name":"Comment","target":["https:\/\/portfolio.glazboteka.com\/kcm\/godisnjica-objavljivanja-albuma-if-i-should-fall-from-grace-with-god-grupe-the-pogues\/#respond"]}]},{"@type":"WebPage","@id":"https:\/\/portfolio.glazboteka.com\/kcm\/godisnjica-objavljivanja-albuma-if-i-should-fall-from-grace-with-god-grupe-the-pogues\/","url":"https:\/\/portfolio.glazboteka.com\/kcm\/godisnjica-objavljivanja-albuma-if-i-should-fall-from-grace-with-god-grupe-the-pogues\/","name":"Godi\u0161njica objavljivanja albuma If I Should Fall from Grace with God grupe The Pogues - KCM","isPartOf":{"@id":"https:\/\/portfolio.glazboteka.com\/kcm\/#website"},"primaryImageOfPage":{"@id":"https:\/\/portfolio.glazboteka.com\/kcm\/godisnjica-objavljivanja-albuma-if-i-should-fall-from-grace-with-god-grupe-the-pogues\/#primaryimage"},"image":{"@id":"https:\/\/portfolio.glazboteka.com\/kcm\/godisnjica-objavljivanja-albuma-if-i-should-fall-from-grace-with-god-grupe-the-pogues\/#primaryimage"},"thumbnailUrl":"https:\/\/portfolio.glazboteka.com\/kcm\/wp-content\/uploads\/2024\/01\/If-I-Should-Fall-from-Grace-with-God.jpg","datePublished":"2024-01-18T19:40:17+00:00","dateModified":"2024-01-18T20:46:38+00:00","description":"Na albumu po\u010dinje se uo\u010davati kako se bend po\u010deo udaljavati od do tada isklju\u010divih irskih folk i punk-korijena...","inLanguage":"en-US","potentialAction":[{"@type":"ReadAction","target":["https:\/\/portfolio.glazboteka.com\/kcm\/godisnjica-objavljivanja-albuma-if-i-should-fall-from-grace-with-god-grupe-the-pogues\/"]}]},{"@type":"ImageObject","inLanguage":"en-US","@id":"https:\/\/portfolio.glazboteka.com\/kcm\/godisnjica-objavljivanja-albuma-if-i-should-fall-from-grace-with-god-grupe-the-pogues\/#primaryimage","url":"https:\/\/portfolio.glazboteka.com\/kcm\/wp-content\/uploads\/2024\/01\/If-I-Should-Fall-from-Grace-with-God.jpg","contentUrl":"https:\/\/portfolio.glazboteka.com\/kcm\/wp-content\/uploads\/2024\/01\/If-I-Should-Fall-from-Grace-with-God.jpg","width":1500,"height":1500},{"@type":"WebSite","@id":"https:\/\/portfolio.glazboteka.com\/kcm\/#website","url":"https:\/\/portfolio.glazboteka.com\/kcm\/","name":"KCM","description":"Kulturni centar Multimedija","publisher":{"@id":"https:\/\/portfolio.glazboteka.com\/kcm\/#organization"},"potentialAction":[{"@type":"SearchAction","target":{"@type":"EntryPoint","urlTemplate":"https:\/\/portfolio.glazboteka.com\/kcm\/?s={search_term_string}"},"query-input":{"@type":"PropertyValueSpecification","valueRequired":true,"valueName":"search_term_string"}}],"inLanguage":"en-US"},{"@type":"Organization","@id":"https:\/\/portfolio.glazboteka.com\/kcm\/#organization","name":"KCM","url":"https:\/\/portfolio.glazboteka.com\/kcm\/","logo":{"@type":"ImageObject","inLanguage":"en-US","@id":"https:\/\/portfolio.glazboteka.com\/kcm\/#\/schema\/logo\/image\/","url":"https:\/\/portfolio.glazboteka.com\/kcm\/wp-content\/uploads\/2022\/10\/KCM.jpg","contentUrl":"https:\/\/portfolio.glazboteka.com\/kcm\/wp-content\/uploads\/2022\/10\/KCM.jpg","width":476,"height":419,"caption":"KCM"},"image":{"@id":"https:\/\/portfolio.glazboteka.com\/kcm\/#\/schema\/logo\/image\/"},"sameAs":["https:\/\/www.facebook.com\/KCMedija\/","https:\/\/www.instagram.com\/kulturni_centar_mesnicka\/"]},{"@type":"Person","@id":"https:\/\/portfolio.glazboteka.com\/kcm\/#\/schema\/person\/cc28eab64249ba0ee0cd57119ad6cfb1","name":"admin","image":{"@type":"ImageObject","inLanguage":"en-US","@id":"https:\/\/portfolio.glazboteka.com\/kcm\/#\/schema\/person\/image\/","url":"https:\/\/secure.gravatar.com\/avatar\/adae78b005d32aabac5987ff3384a3c6da92fed0f1d86d3d250df8978a593a3f?s=96&d=mm&r=g","contentUrl":"https:\/\/secure.gravatar.com\/avatar\/adae78b005d32aabac5987ff3384a3c6da92fed0f1d86d3d250df8978a593a3f?s=96&d=mm&r=g","caption":"admin"},"sameAs":["https:\/\/portfolio.glazboteka.com\/kcm"],"url":"https:\/\/portfolio.glazboteka.com\/kcm\/author\/admin\/"}]}},"_links":{"self":[{"href":"https:\/\/portfolio.glazboteka.com\/kcm\/wp-json\/wp\/v2\/posts\/9871","targetHints":{"allow":["GET"]}}],"collection":[{"href":"https:\/\/portfolio.glazboteka.com\/kcm\/wp-json\/wp\/v2\/posts"}],"about":[{"href":"https:\/\/portfolio.glazboteka.com\/kcm\/wp-json\/wp\/v2\/types\/post"}],"author":[{"embeddable":true,"href":"https:\/\/portfolio.glazboteka.com\/kcm\/wp-json\/wp\/v2\/users\/1"}],"replies":[{"embeddable":true,"href":"https:\/\/portfolio.glazboteka.com\/kcm\/wp-json\/wp\/v2\/comments?post=9871"}],"version-history":[{"count":0,"href":"https:\/\/portfolio.glazboteka.com\/kcm\/wp-json\/wp\/v2\/posts\/9871\/revisions"}],"wp:featuredmedia":[{"embeddable":true,"href":"https:\/\/portfolio.glazboteka.com\/kcm\/wp-json\/wp\/v2\/media\/9872"}],"wp:attachment":[{"href":"https:\/\/portfolio.glazboteka.com\/kcm\/wp-json\/wp\/v2\/media?parent=9871"}],"wp:term":[{"taxonomy":"category","embeddable":true,"href":"https:\/\/portfolio.glazboteka.com\/kcm\/wp-json\/wp\/v2\/categories?post=9871"},{"taxonomy":"post_tag","embeddable":true,"href":"https:\/\/portfolio.glazboteka.com\/kcm\/wp-json\/wp\/v2\/tags?post=9871"}],"curies":[{"name":"wp","href":"https:\/\/api.w.org\/{rel}","templated":true}]}}